{"id":82968,"date":"2020-04-20T13:38:05","date_gmt":"2020-04-20T17:38:05","guid":{"rendered":"https:\/\/linitiative.ca\/International\/lutte-contre-le-covid-19-les-gouverneurs-recoivent-les-consignes-du-gouvernement\/"},"modified":"2020-04-20T13:38:05","modified_gmt":"2020-04-20T17:38:05","slug":"lutte-contre-le-covid-19-les-gouverneurs-recoivent-les-consignes-du-gouvernement","status":"publish","type":"post","link":"https:\/\/linitiative.ca\/International\/lutte-contre-le-covid-19-les-gouverneurs-recoivent-les-consignes-du-gouvernement\/","title":{"rendered":"Lutte contre le COVID-19  : les gouverneurs re\u00e7oivent les consignes du gouvernement"},"content":{"rendered":"<div class=\"td-post-featured-image\"><a href=\"https:\/\/i0.wp.com\/www.sidwaya.info\/wp-content\/uploads\/2020\/04\/1-38.jpg?fit=595%2C394&amp;ssl=1\" data-caption=\"\"><img loading=\"lazy\" decoding=\"async\" width=\"595\" height=\"394\" class=\"entry-thumb td-modal-image\" src=\"https:\/\/i0.wp.com\/www.sidwaya.info\/wp-content\/uploads\/2020\/04\/1-38.jpg?resize=595%2C394&amp;ssl=1\" srcset=\"https:\/\/i0.wp.com\/www.sidwaya.info\/wp-content\/uploads\/2020\/04\/1-38.jpg?w=595&amp;ssl=1 595w, https:\/\/i0.wp.com\/www.sidwaya.info\/wp-content\/uploads\/2020\/04\/1-38.jpg?resize=300%2C199&amp;ssl=1 300w\" sizes=\"auto, (max-width: 595px) 100vw, 595px\" alt=\"\" title=\"1\"\/><\/a><\/div>\n<p><strong>Le Premier ministre, Christophe Joseph Marie Dabir\u00e9, a rencontr\u00e9 le dimanche 19 avril 2020 \u00e0 Ouagadougou, les gouverneurs des r\u00e9gions pour \u00e9changer sur la mise en \u0153uvre du plan de riposte contre le coronavirus au Burkina Faso.<\/strong><\/p>\n<p>Les gouverneurs des r\u00e9gions du pays se sont r\u00e9unis le 19 avril 2020 au palais de Kosyam autour du Premier ministre, Christophe Joseph Marie Dabir\u00e9, au moment o\u00f9 l\u2019ex\u00e9cutif a annonc\u00e9 un all\u00e9gement des mesures prises pour lutter contre le coronavirus. Selon le chef du gouvernement, la rencontre avait pour objectif d\u2019\u00e9changer avec les commis de l\u2019Etat sur un certain nombre de pr\u00e9occupations en lien avec les mesures prises par le gouvernement pour lutter contre la pand\u00e9mie.<\/p>\n<p>\u00ab Au cours de cette rencontre, nous avons fait le point de tout ce qui a \u00e9t\u00e9 fait sur le terrain sur le plan national depuis la d\u00e9claration officielle de l\u2019existence de la maladie dans notre pays, le 9 mars 2020 \u00bb, a pr\u00e9cis\u00e9 le chef du gouvernement. Nous avons aussi demand\u00e9, a poursuivi M. Dabir\u00e9, aux gouverneurs de faire le point de la situation dans leurs circonscriptions respectives. Cela en vue de permettre au comit\u00e9 r\u00e9gional de lutte contre le COVID-19 mis en place dans chaque r\u00e9gion d\u2019\u00eatre au m\u00eame niveau d\u2019information mais aussi et surtout de mettre en ex\u00e9cution les mesures envisag\u00e9es. A l\u2019occasion, les gouverneurs ont pris la parole \u00e0 tour de r\u00f4le pour faire le point des actions entreprises dans leurs r\u00e9gions dans le cadre de la lutte contre la maladie conform\u00e9ment aux d\u00e9cisions prises par le pr\u00e9sident du Faso lors de ses deux adresses \u00e0 la Nation. \u00ab Nous les avons f\u00e9licit\u00e9s pour l\u2019ensemble des efforts de communication et de sensibilisation des populations depuis le d\u00e9clenchement de la maladie du coronavirus au Burkina \u00bb, a indiqu\u00e9 le Premier ministre. De son avis, m\u00eame s\u2019il y a all\u00e8gement des mesures, les populations doivent continuer \u00e0 respecter rigoureusement les mesures barri\u00e8res visant \u00e0 briser la cha\u00eene de la transmission de la maladie.<\/p>\n<p><strong>\u00ab Il faut \u00e9viter d\u2019\u00eatre un vecteur\u2026 \u00bb<\/strong><\/p>\n<p>\u00ab M\u00eame si nous permettons la r\u00e9ouverture des march\u00e9s, des marquis et bars ainsi que la reprise des cours dans les \u00e9coles et universit\u00e9s, pour autant, nous ne devons pas perdre de vue la r\u00e9alit\u00e9 de la menace. Chacun doit avoir \u00e0 l\u2019id\u00e9e qu\u2019il faut \u00e9viter d\u2019\u00eatre un vecteur de la transmission de la maladie aux autres \u00bb, a insist\u00e9 le chef du gouvernement. Pour ce faire, il a invit\u00e9 les gouverneurs \u00e0 poursuivre la sensibilisation en faisant en sorte que les populations des villes et des campagnes aient toujours conscience de la gravit\u00e9 de la maladie et de l\u2019ampleur de la situation.<\/p>\n<p>Cela doit passer, selon lui, par une mobilisation de l\u2019ensemble des couches de la population, les structures associatives, les secteurs informels. Christophe Joseph Marie Dabir\u00e9 a \u00e9galement recommand\u00e9 que les populations soient associ\u00e9es aux d\u00e9cisions concernant la r\u00e9ouverture des march\u00e9s afin qu\u2019ils accompagnement les autorit\u00e9s r\u00e9gionales. La participation des citoyens a permis \u00e0 la premi\u00e8re phase de mise en \u0153uvre des mesures de restriction prises par le chef de l\u2019Etat de conna\u00eetre un succ\u00e8s et cette seconde \u00e9tape ne devrait pas d\u00e9roger \u00e0 la r\u00e8gle, foi du chef du gouvernement. Pour le porte-parole des gouverneurs, le chef de la circonscription du Centre-Nord, Casimir S\u00e9gu\u00e9da, l\u2019application des mesures prises par le gouvernement revient aux gouverneurs et la rencontre a permis de d\u00e9finir les actions et partager les exp\u00e9riences.<\/p>\n<p>\u00ab Nous nous sommes engag\u00e9s \u00e0 partir de cette rencontre \u00e0 faire en sorte que les mesures barri\u00e8res puissent \u00eatre respect\u00e9es m\u00eame apr\u00e8s la r\u00e9ouverture des march\u00e9s et yaars afin de limiter la propagation de la maladie dans les r\u00e9gions. Cela avec la participation des populations elles-m\u00eames \u00bb, a fait savoir le gouverneur du Centre-Nord. Le chef du gouvernement a saisi l\u2019occasion pour saluer l\u2019engagement et l\u2019accompagnement des journalistes et des m\u00e9dias qui font un excellent travail de communication dans le cadre de la lutte contre le COVID-19.<\/p>\n<p class=\"c1\"><strong>Beyon Romain NEBIE<\/strong><br \/><strong>beynebie@gmail.com<\/strong><\/p>\n<div class=\"td-a-rec td-a-rec-id-content_bottom tdi_30_5d7 td_block_template_1\"><img loading=\"lazy\" decoding=\"async\" class=\"aligncenter size-full wp-image-9623\" src=\"https:\/\/www.sidwaya.info\/wp-content\/uploads\/2019\/06\/Projet-bannie%CC%80re-Orange-mobile.jpg\" alt=\"\" width=\"728\" height=\"81\"\/><\/div>\n<p>Auteur: BM. Sidwaya<br \/>\n<a href=\"https:\/\/www.sidwaya.info\/blog\/2020\/04\/20\/lutte-contre-le-covid-19-les-gouverneurs-recoivent-les-consignes-du-gouvernement\/\">Cliquez ici pour lire l&rsquo;article depuis sa source.<\/a><\/p>\n","protected":false},"excerpt":{"rendered":"<p>Le Premier ministre, Christophe Joseph Marie Dabir\u00e9, a rencontr\u00e9 le dimanche 19 avril 2020 \u00e0 Ouagadougou, les gouverneurs des r\u00e9gions pour \u00e9changer sur la mise en \u0153uvre du plan de riposte contre le coronavirus au Burkina Faso. Les gouverneurs des r\u00e9gions du pays se sont r\u00e9unis le 19 avril 2020 au palais de Kosyam autour [&hellip;]<\/p>\n","protected":false},"author":1816,"featured_media":0,"comment_status":"closed","ping_status":"closed","sticky":false,"template":"","format":"standard","meta":{"fifu_image_url":"","fifu_image_alt":"","footnotes":""},"categories":[73,81],"tags":[],"class_list":["post-82968","post","type-post","status-publish","format-standard","hentry","category-actualite","category-burkina-faso"],"_links":{"self":[{"href":"https:\/\/linitiative.ca\/International\/wp-json\/wp\/v2\/posts\/82968","targetHints":{"allow":["GET"]}}],"collection":[{"href":"https:\/\/linitiative.ca\/International\/wp-json\/wp\/v2\/posts"}],"about":[{"href":"https:\/\/linitiative.ca\/International\/wp-json\/wp\/v2\/types\/post"}],"author":[{"embeddable":true,"href":"https:\/\/linitiative.ca\/International\/wp-json\/wp\/v2\/users\/1816"}],"replies":[{"embeddable":true,"href":"https:\/\/linitiative.ca\/International\/wp-json\/wp\/v2\/comments?post=82968"}],"version-history":[{"count":0,"href":"https:\/\/linitiative.ca\/International\/wp-json\/wp\/v2\/posts\/82968\/revisions"}],"wp:attachment":[{"href":"https:\/\/linitiative.ca\/International\/wp-json\/wp\/v2\/media?parent=82968"}],"wp:term":[{"taxonomy":"category","embeddable":true,"href":"https:\/\/linitiative.ca\/International\/wp-json\/wp\/v2\/categories?post=82968"},{"taxonomy":"post_tag","embeddable":true,"href":"https:\/\/linitiative.ca\/International\/wp-json\/wp\/v2\/tags?post=82968"}],"curies":[{"name":"wp","href":"https:\/\/api.w.org\/{rel}","templated":true}]}}