{"id":82969,"date":"2020-04-20T13:43:10","date_gmt":"2020-04-20T17:43:10","guid":{"rendered":"https:\/\/linitiative.ca\/International\/leo-le-chef-de-canton-a-tire-sa-reverence\/"},"modified":"2020-04-20T13:43:10","modified_gmt":"2020-04-20T17:43:10","slug":"leo-le-chef-de-canton-a-tire-sa-reverence","status":"publish","type":"post","link":"https:\/\/linitiative.ca\/International\/leo-le-chef-de-canton-a-tire-sa-reverence\/","title":{"rendered":"L\u00e9o  : le chef de canton a tir\u00e9 sa r\u00e9v\u00e9rence"},"content":{"rendered":"<div class=\"td-post-featured-image\"><a href=\"https:\/\/i1.wp.com\/www.sidwaya.info\/wp-content\/uploads\/2020\/04\/1-39.jpg?fit=595%2C450&amp;ssl=1\" data-caption=\"\"><img loading=\"lazy\" decoding=\"async\" width=\"595\" height=\"450\" class=\"entry-thumb td-modal-image\" src=\"https:\/\/i1.wp.com\/www.sidwaya.info\/wp-content\/uploads\/2020\/04\/1-39.jpg?resize=595%2C450&amp;ssl=1\" srcset=\"https:\/\/i1.wp.com\/www.sidwaya.info\/wp-content\/uploads\/2020\/04\/1-39.jpg?w=595&amp;ssl=1 595w, https:\/\/i1.wp.com\/www.sidwaya.info\/wp-content\/uploads\/2020\/04\/1-39.jpg?resize=300%2C227&amp;ssl=1 300w, https:\/\/i1.wp.com\/www.sidwaya.info\/wp-content\/uploads\/2020\/04\/1-39.jpg?resize=555%2C420&amp;ssl=1 555w, https:\/\/i1.wp.com\/www.sidwaya.info\/wp-content\/uploads\/2020\/04\/1-39.jpg?resize=80%2C60&amp;ssl=1 80w\" sizes=\"auto, (max-width: 595px) 100vw, 595px\" alt=\"\" title=\"1\"\/><\/a><\/div>\n<p><strong>La population de L\u00e9o s\u2019est r\u00e9veill\u00e9e dans la consternation, le jeudi 16 mars 2020. Le chef de canton, sa Majest\u00e9 Piyo Dennhaga II, est d\u00e9c\u00e9d\u00e9 dans son palais.<\/strong><\/p>\n<p>Intronis\u00e9 le 27 janvier 2011, l\u2019homme avait su donner de la valeur \u00e0 la chefferie traditionnelle nuni en pays gourounssi. Consid\u00e9r\u00e9 comme un intr\u00e9pide combattant pour des causes nobles, il ne s\u2019est jamais lass\u00e9 de rassembler les communaut\u00e9s autour des id\u00e9aux de la paix et de la coh\u00e9sion sociale, selon ceux qui l\u2019ont connu. Le maire de la commune urbaine de L\u00e9o, Abdoul Manane Nebie, a indiqu\u00e9 que cette brusque disparition constitue une grosse perte pour l\u2019administration en ce sens que le chef de canton a \u00e9t\u00e9 de tous les combats \u00e0 nos c\u00f4t\u00e9s tant dans le domaine de la gestion des crises que des conflits li\u00e9s \u00e0 la terre, l\u2019eau et l\u2019assainissement. \u201cOn comptait beaucoup sur lui dans le cadre de la lutte contre le COVID-19, car les r\u00e9sultats que nous avons engrang\u00e9s jusque-l\u00e0 sont dus en grande partie \u00e0 son leadership\u201d a-t-il d\u00e9clar\u00e9.<\/p>\n<p>\u201cC\u2019est un homme qui a toujours pr\u00f4n\u00e9 la parent\u00e9 \u00e0 plaisanterie et l\u2019int\u00e9gration des communaut\u00e9s\u201d, a soutenu le haut-commissaire de la province de la Sissili, Si\u00e9 Aristide Mohammed Kam.<br \/>L\u2019Association des chefs coutumiers et traditionnels du canton de L\u00e9o (ACCTCL), d\u00e9nomm\u00e9e Lya N\u00e9 Ya Par\u00e9 du canton, a vu le jour en 2013 sous l\u2019impulsion de Piyo DENNHAGA II, car disait-il &lt;&lt;seul on va vite, mais ensemble on va plus loin&gt;&gt;. Cet ancien fonctionnaire de l\u2019UNICEF et champion de la paix, a fait preuve d\u2019un engagement sur tous les fronts du combat pour le d\u00e9veloppement de sa localit\u00e9 et du Burkina Faso. Il accompagnait toute initiative allant dans le sens de d\u00e9veloppement, en travaillant avec l\u2019administration. Il a su impulser un dynamisme entre les travailleurs du public et du priv\u00e9 pour le bon fonctionnement des services. Les actions de sensibilisation des communaut\u00e9s \u00e0 une participation consciente et responsable \u00e0 la gestion des conflits et troubles sociaux, \u00e0 la lutte contre l\u2019ins\u00e9curit\u00e9, la pauvret\u00e9, l\u2019analphab\u00e9tisme, la promotion de l\u2019approche-genre pour une \u00e9gale r\u00e9partition des terres entre hommes et femmes, \u00e0 la lutte contre les mariages forc\u00e9s et l\u2019excision, l\u2019organisation des journ\u00e9es des communaut\u00e9s dont la 3e \u00e9dition devrait se tenir courant avril, mais suspendue pour cause du COVID-19.<\/p>\n<p>Le 29 f\u00e9vrier 2020, il marquait un arr\u00eat pour \u00e9valuer toutes les actions men\u00e9es au service de tous \u00e0 travers l\u2019organisation de son 10e anniversaire au tr\u00f4ne. \u00c0 la grande surprise de tous, l\u2019homme n\u2019a pas prononc\u00e9 de discours, mais a insist\u00e9 sur cinq points essentiels \u00e0 savoir ; la paix, la tol\u00e9rance, le pardon, le d\u00e9passement de soi pour des \u00e9lections apais\u00e9es, la solidarit\u00e9 avec les d\u00e9plac\u00e9s victimes des attaques terroristes, pour montrer la voie \u00e0 suivre, il a fait don de vivres \u00e0 ces d\u00e9plac\u00e9s. Fait ambassadeur de la paix en 2016 par la F\u00e9d\u00e9ration pour la paix universelle, son engagement et sa d\u00e9termination sur plusieurs fronts lui ont valu de nombreuses distinctions dont chevalier de l\u2019Ordre national en 2004; M\u00e9daill\u00e9 des collectivit\u00e9s territoriales, entre autres. En 2019, sous l\u2019\u00e9gide du Larl\u00e9 Naaba, il a \u00e9t\u00e9 fait champion pour la cause des enfants vuln\u00e9rables.<\/p>\n<p>Le chef de canton de L\u00e9o \u00e9tait le 3e vice-pr\u00e9sident de l\u2019Association des chefs coutumiers du Burkina Faso. Il \u00e9tait \u00e9galement conseiller municipal, pr\u00e9sident de la Commission des affaires \u00e9conomiques et financi\u00e8res (CAEF) de 2004 \u00e0 2008 au sein du conseil municipal de L\u00e9o, puis 2e adjoint au maire de 2008 \u00e0 2012.<\/p>\n<p class=\"c1\"><strong>Olivier Alexandre NIGNAN AIB\/L\u00e9o<\/strong><\/p>\n<div class=\"td-a-rec td-a-rec-id-content_bottom tdi_30_493 td_block_template_1\"><img loading=\"lazy\" decoding=\"async\" class=\"aligncenter size-full wp-image-9623\" src=\"https:\/\/www.sidwaya.info\/wp-content\/uploads\/2019\/06\/Projet-bannie%CC%80re-Orange-mobile.jpg\" alt=\"\" width=\"728\" height=\"81\"\/><\/div>\n<p>Auteur: BM. Sidwaya<br \/>\n<a href=\"https:\/\/www.sidwaya.info\/blog\/2020\/04\/20\/leo-le-chef-de-canton-a-tire-sa-reverence\/\">Cliquez ici pour lire l&rsquo;article depuis sa source.<\/a><\/p>\n","protected":false},"excerpt":{"rendered":"<p>La population de L\u00e9o s\u2019est r\u00e9veill\u00e9e dans la consternation, le jeudi 16 mars 2020. Le chef de canton, sa Majest\u00e9 Piyo Dennhaga II, est d\u00e9c\u00e9d\u00e9 dans son palais. Intronis\u00e9 le 27 janvier 2011, l\u2019homme avait su donner de la valeur \u00e0 la chefferie traditionnelle nuni en pays gourounssi. Consid\u00e9r\u00e9 comme un intr\u00e9pide combattant pour des [&hellip;]<\/p>\n","protected":false},"author":1816,"featured_media":0,"comment_status":"closed","ping_status":"closed","sticky":false,"template":"","format":"standard","meta":{"fifu_image_url":"","fifu_image_alt":"","footnotes":""},"categories":[73,81],"tags":[],"class_list":["post-82969","post","type-post","status-publish","format-standard","hentry","category-actualite","category-burkina-faso"],"_links":{"self":[{"href":"https:\/\/linitiative.ca\/International\/wp-json\/wp\/v2\/posts\/82969","targetHints":{"allow":["GET"]}}],"collection":[{"href":"https:\/\/linitiative.ca\/International\/wp-json\/wp\/v2\/posts"}],"about":[{"href":"https:\/\/linitiative.ca\/International\/wp-json\/wp\/v2\/types\/post"}],"author":[{"embeddable":true,"href":"https:\/\/linitiative.ca\/International\/wp-json\/wp\/v2\/users\/1816"}],"replies":[{"embeddable":true,"href":"https:\/\/linitiative.ca\/International\/wp-json\/wp\/v2\/comments?post=82969"}],"version-history":[{"count":0,"href":"https:\/\/linitiative.ca\/International\/wp-json\/wp\/v2\/posts\/82969\/revisions"}],"wp:attachment":[{"href":"https:\/\/linitiative.ca\/International\/wp-json\/wp\/v2\/media?parent=82969"}],"wp:term":[{"taxonomy":"category","embeddable":true,"href":"https:\/\/linitiative.ca\/International\/wp-json\/wp\/v2\/categories?post=82969"},{"taxonomy":"post_tag","embeddable":true,"href":"https:\/\/linitiative.ca\/International\/wp-json\/wp\/v2\/tags?post=82969"}],"curies":[{"name":"wp","href":"https:\/\/api.w.org\/{rel}","templated":true}]}}