{"id":82977,"date":"2020-04-20T16:18:03","date_gmt":"2020-04-20T20:18:03","guid":{"rendered":"https:\/\/linitiative.ca\/International\/cote-divoire-covid-19-des-transferts-dargent-demarrent-cette-semaine-pour-aider-les-menages-pauvres-ministre\/"},"modified":"2020-04-20T16:18:03","modified_gmt":"2020-04-20T20:18:03","slug":"cote-divoire-covid-19-des-transferts-dargent-demarrent-cette-semaine-pour-aider-les-menages-pauvres-ministre","status":"publish","type":"post","link":"https:\/\/linitiative.ca\/International\/cote-divoire-covid-19-des-transferts-dargent-demarrent-cette-semaine-pour-aider-les-menages-pauvres-ministre\/","title":{"rendered":"C\u00f4te d\u2019Ivoire\/Covid-19: des transferts d\u2019argent d\u00e9marrent \u00abcette semaine\u00bb pour aider les m\u00e9nages pauvres (Ministre)"},"content":{"rendered":"<div readability=\"32\">\n<p>Publi\u00e9 le 20.04.2020 \u00e0 21h18 par APA News<\/p>\n<\/div>\n<div readability=\"73\">\n<p>Des transferts mon\u00e9taires d\u00e9marrent \u00ab cette semaine\u00bb en C\u00f4te d\u2019Ivoire pour aider les m\u00e9nages les plus pauvres \u00e0 lutter contre la propagation de la maladie \u00e0 Coronavirus (Covid-19), a annonc\u00e9 lundi \u00e0 Abidjan Mariatou Kon\u00e9, la ministre ivoirienne de la Solidarit\u00e9, de la coh\u00e9sion sociale et de la lutte contre la pauvret\u00e9.\u00a0Cette action qui d\u00e9butera par le \u00ab Grand Abidjan \u00bb avant de s\u2019\u00e9tendre sur l\u2019ensemble du pays s\u2019inscrit dans le cadre du Plan de riposte social contre le Covid-19 mis en place les autorit\u00e9s ivoiriennes et leurs partenaires humanitaires dans les cadres du Comit\u00e9 de coordination \u00e9largi (CCE).<\/p>\n<p>\u00ab La cha\u00eene de solidarit\u00e9 est lanc\u00e9e et d\u00e8s cette semaine, pour les m\u00e9nages les plus vuln\u00e9rables, l\u2019humanitaire est en marche pour les bons alimentaires, pour les transferts d\u2019argent, pour les kits alimentaires, pour les kits sanitaires et m\u00eame pour les conseils et soutiens psychologiques\u00bb, a dit Mme Kon\u00e9 au terme d\u2019une rencontre avec les partenaires humanitaires de la C\u00f4te d\u2019Ivoire.<\/p>\n<p>\u00a0\u00ab Nous avons d\u00e9j\u00e0 une premi\u00e8re base de donn\u00e9es que nous allons combiner avec un ciblage communautaire\u00bb, a-t-elle pr\u00e9cis\u00e9 parlant des m\u00e9nages qui devraient b\u00e9n\u00e9ficier de ce projet social.<\/p>\n<p>Selon Mme Kon\u00e9 \u00ab si nous respectons les mesures barri\u00e8res contre le Covid-19, on n\u2019ira pas au confinement total \u00bb. \u00ab Donc confinement ou non-confinement d\u00e9pendra de notre comportement \u00bb, a-t-elle estim\u00e9 assurant que cette assistance sociale \u00ab va se faire dans la transparence \u00bb.<\/p>\n<p>Dans le m\u00eame \u00e9lan Philippe Poinsot, le coordonnateur du Syst\u00e8me des Nations-Unies en C\u00f4te d\u2019Ivoire, a ajout\u00e9 que cette riposte humanitaire pourra \u00eatre des \u00ab aides directes \u00bb octroy\u00e9es \u00e0 des m\u00e9nages pauvres ou \u00e0 des personnes qui ont perdu leurs emplois \u00e0 cause du Coronavirus.<\/p>\n<p>\u00a0Depuis le d\u00e9but de la pand\u00e9mie \u00e0 Coronavirus en C\u00f4te d\u2019Ivoire, le minist\u00e8re ivoirien de la solidarit\u00e9, de la coh\u00e9sion sociale et de la lutte contre la pauvret\u00e9 a lanc\u00e9 une cha\u00eene de solidarit\u00e9 pour aider les populations d\u00e9munies \u00e0 lutter contre cette maladie. Le C\u00f4te d\u2019Ivoire enregistre \u00e0 ce jour, 879 cas confirm\u00e9s de maladie \u00e0 Covid-19 avec 287 gu\u00e9ris et dix d\u00e9c\u00e8s.<\/p>\n<\/div>\n<p>Auteur: APA News<br \/>\n<a href=\"https:\/\/www.journalducameroun.com\/cote-divoire-covid-19-des-transferts-dargent-demarrent-cette-semaine-pour-aider-les-menages-pauvres-ministre\/\">Cliquez ici pour lire l&rsquo;article depuis sa source.<\/a><\/p>\n","protected":false},"excerpt":{"rendered":"<p>Publi\u00e9 le 20.04.2020 \u00e0 21h18 par APA News Des transferts mon\u00e9taires d\u00e9marrent \u00ab cette semaine\u00bb en C\u00f4te d\u2019Ivoire pour aider les m\u00e9nages les plus pauvres \u00e0 lutter contre la propagation de la maladie \u00e0 Coronavirus (Covid-19), a annonc\u00e9 lundi \u00e0 Abidjan Mariatou Kon\u00e9, la ministre ivoirienne de la Solidarit\u00e9, de la coh\u00e9sion sociale et de [&hellip;]<\/p>\n","protected":false},"author":1965,"featured_media":0,"comment_status":"closed","ping_status":"closed","sticky":false,"template":"","format":"standard","meta":{"fifu_image_url":"","fifu_image_alt":"","footnotes":""},"categories":[73,82],"tags":[],"class_list":["post-82977","post","type-post","status-publish","format-standard","hentry","category-actualite","category-cameroun"],"_links":{"self":[{"href":"https:\/\/linitiative.ca\/International\/wp-json\/wp\/v2\/posts\/82977","targetHints":{"allow":["GET"]}}],"collection":[{"href":"https:\/\/linitiative.ca\/International\/wp-json\/wp\/v2\/posts"}],"about":[{"href":"https:\/\/linitiative.ca\/International\/wp-json\/wp\/v2\/types\/post"}],"author":[{"embeddable":true,"href":"https:\/\/linitiative.ca\/International\/wp-json\/wp\/v2\/users\/1965"}],"replies":[{"embeddable":true,"href":"https:\/\/linitiative.ca\/International\/wp-json\/wp\/v2\/comments?post=82977"}],"version-history":[{"count":0,"href":"https:\/\/linitiative.ca\/International\/wp-json\/wp\/v2\/posts\/82977\/revisions"}],"wp:attachment":[{"href":"https:\/\/linitiative.ca\/International\/wp-json\/wp\/v2\/media?parent=82977"}],"wp:term":[{"taxonomy":"category","embeddable":true,"href":"https:\/\/linitiative.ca\/International\/wp-json\/wp\/v2\/categories?post=82977"},{"taxonomy":"post_tag","embeddable":true,"href":"https:\/\/linitiative.ca\/International\/wp-json\/wp\/v2\/tags?post=82977"}],"curies":[{"name":"wp","href":"https:\/\/api.w.org\/{rel}","templated":true}]}}