{"id":82979,"date":"2020-04-20T16:18:07","date_gmt":"2020-04-20T20:18:07","guid":{"rendered":"https:\/\/linitiative.ca\/International\/covid-19-letat-ivoirien-cree-deux-instances-dappui-au-plan-de-soutien-economique\/"},"modified":"2020-04-20T16:18:07","modified_gmt":"2020-04-20T20:18:07","slug":"covid-19-letat-ivoirien-cree-deux-instances-dappui-au-plan-de-soutien-economique","status":"publish","type":"post","link":"https:\/\/linitiative.ca\/International\/covid-19-letat-ivoirien-cree-deux-instances-dappui-au-plan-de-soutien-economique\/","title":{"rendered":"Covid-19: l\u2019Etat ivoirien cr\u00e9e deux instances d\u2019appui au plan de soutien \u00e9conomique"},"content":{"rendered":"<div readability=\"32\">\n<p>Publi\u00e9 le 20.04.2020 \u00e0 21h18 par APA News<\/p>\n<\/div>\n<div readability=\"142\">\n<p>Le Comit\u00e9 de concertation Etat-Secteur priv\u00e9 de C\u00f4te d\u2019Ivoire (CCESP) annonce avoir mis en place deux instances d\u2019appui au plan de soutien \u00e9conomique de l\u2019Etat ivoirien dans le cadre de l\u2019accompagnement au secteur priv\u00e9, face \u00e0 la pand\u00e9mie du Covid-19.Pour att\u00e9nuer les effets n\u00e9fastes du Covid-19 sur l\u2019\u00e9conomie, le gouvernement ivoirien a annonc\u00e9 un plan de riposte \u00e9conomique visant \u00e0 soutenir le secteur priv\u00e9 et celui de l\u2019informel. Pour sa r\u00e9alisation effective, le CCESP a cr\u00e9\u00e9, le 17 avril 2020, deux instances pour g\u00e9rer les flux d\u2019information.<\/p>\n<p>Le Comit\u00e9 de concertation Etat-Secteur priv\u00e9 de C\u00f4te d\u2019Ivoire (CCESP) a mis en place notamment une Cellule technique d\u2019information et d\u2019\u00e9coute (CTIE) et un Comit\u00e9 paritaire technique pour coordonner les actions de l\u2019Etat et du secteur du priv\u00e9.<\/p>\n<p>Ce Comit\u00e9 Paritaire Etat\/Secteur Priv\u00e9 pour la gestion de cette pand\u00e9mie, est plac\u00e9 sous l\u2019autorit\u00e9 du ministre de l\u2019Economie et des finances, par ailleurs, pr\u00e9sident du Comit\u00e9 technique de concertation Etat-Secteur. Et ce, pour un meilleur contr\u00f4le des appuis financiers du gouvernement.<\/p>\n<p>Le Comit\u00e9 Paritaire Technique\/Covid-19 a pour mission principale d\u2019examiner toutes les questions sectorielles et ponctuelles de la crise en vue de proposer des mesures au gouvernement ivoirien suivant l\u2019\u00e9tat d\u2019avancement et la ma\u00eetrise de la pand\u00e9mie.<\/p>\n<p>De fa\u00e7on sp\u00e9cifique, il a pour but de s\u2019assurer de la bonne coordination de l\u2019action gouvernementale dans le cadre de l\u2019accompagnement du Secteur Priv\u00e9 durant cette p\u00e9riode de crise, identifier les difficult\u00e9s li\u00e9es \u00e0 la mise en \u0153uvre des mesures et proposer des mesures correctives.<\/p>\n<p>Il a \u00e9galement la charge de recenser les pr\u00e9occupations du secteur priv\u00e9 en lien direct avec la pand\u00e9mie, d\u2019analyser l\u2019impact de la crise sanitaire sur le tissu productif, notamment sur les revenus et l\u2019emploi et proposer aussi des mesures compl\u00e9mentaires au gouvernement apr\u00e8s analyse des recommandations du secteur Priv\u00e9 en fonction de l\u2019\u00e9volution de la situation.<\/p>\n<p>Dans l\u2019optique de rendre plus efficient le travail dudit Comit\u00e9, le CCESP \u00e0 travers son secr\u00e9taire ex\u00e9cutif Me Mariam Fadiga Fofana, a organis\u00e9 le jeudi 16 avril 2020, une r\u00e9union de cadrage avec les points focaux du secteur priv\u00e9 et de l\u2019administration publique, pour valider les missions et le fonctionnement de la Cellule technique d\u2019information et d\u2019\u00e9coute.<\/p>\n<p>Cette cellule qui fonctionnera en continu, est charg\u00e9e de recevoir et d\u2019enregistrer toutes les saisines et demandes d\u2019informations des op\u00e9rateurs \u00e9conomiques, tout en veillant \u00e0 la fluidit\u00e9 et la c\u00e9l\u00e9rit\u00e9 dans le traitement de celles-ci.<\/p>\n<p>Le mod\u00e8le adopt\u00e9 pour cette cellule est celui d\u2019un guichet unique virtuel avec un seul point de contact par num\u00e9ro vert ou par mail \u00e0 travers un site d\u00e9di\u00e9 en vue de mieux assurer la centralisation et la gestion des bases de donn\u00e9es. Une \u00e9quipe d\u00e9di\u00e9e du CCESP sera constitu\u00e9e \u00e0 l\u2019effet d\u2019assurer cette fonction qui consistera en outre \u00e0 identifier et \u00e0 transmettre aux points focaux les requ\u00eates et \u00e0 assurer le suivi du traitement.<\/p>\n<p>Cette cellule de veille devra proc\u00e9der en amont \u00e0 la centralisation de toutes les informations jug\u00e9es pertinentes et n\u00e9cessaires au d\u00e9roulement harmonieux de l\u2019activit\u00e9 \u00e9conomique dans le contexte actuel de crise.<\/p>\n<p>Elle a aussi pour mission d\u2019une part, \u00a0de relever les difficult\u00e9s relatives \u00e0 la mise en \u0153uvre effective des mesures de soutien \u00e9conomique, annonc\u00e9es par le gouvernement et d\u2019autre part, de fournir aux autorit\u00e9s les informations relatives \u00e0 la dynamique de prise en charge des pr\u00e9occupations et attentes des op\u00e9rateurs \u00e9conomiques.\u00a0<\/p>\n<p>Les rapports journaliers et surtout les questions qui requi\u00e8rent l\u2019avis des techniciens seront ainsi trait\u00e9s lors des travaux permanents du Comit\u00e9 paritaire technique qui seront appuy\u00e9s par des rencontres physiques hebdomadaires, indique une note du CCESP. \u00a0\u00a0<\/p>\n<p>Une d\u00e9l\u00e9gation du secteur public, compos\u00e9e de repr\u00e9sentants de diff\u00e9rents minist\u00e8res dont celui du Budget, des PME, du Commerce et de l\u2019Industrie \u00e9tait conduite par le directeur de Cabinet adjoint du ministre de l\u2019Economie et des finances qui a d\u2019ailleurs pr\u00e9sid\u00e9 la r\u00e9union de cadrage des activit\u00e9s.<\/p>\n<p>La C\u00f4te d\u2019Ivoire \u00e0 l\u2019instar des autres pays du monde connait une crise sanitaire sans pr\u00e9c\u00e9dent avec plus de 800 cas confirm\u00e9s au Covid-19. Pour pr\u00e9venir l\u2019impact de la pand\u00e9mie sur l\u2019\u00e9conomie du pays, l\u2019Etat ivoirien a mis en place un plan de riposte d\u2019un montant global de 1 700 milliards Fcfa.<\/p>\n<p>En outre, un plan de soutien \u00e9conomique, social et humanitaire a \u00e9t\u00e9 adopt\u00e9 par le gouvernement. Dans l\u2019optique d\u2019une mise en \u0153uvre inclusive de ce plan de riposte sanitaire et \u00e9conomique, le Comit\u00e9 CCESP a proc\u00e9d\u00e9 \u00e0 la mise en place du Comit\u00e9 Paritaire Technique pour la gestion de la crise du Covid-19.\u00a0<\/p>\n<p>Le secteur priv\u00e9, dans son ensemble, a manifest\u00e9 un int\u00e9r\u00eat pour cette plateforme \u00e0 travers la pr\u00e9sence effective de membres de la Conf\u00e9d\u00e9ration g\u00e9n\u00e9rale des entreprises de C\u00f4te d\u2019Ivoire (CGECI, patronat), de la Chambre de commerce et d\u2019industrie, de la fa\u00eeti\u00e8re des PME, ainsi que plusieurs autres du secteur des transports, de l\u2019agriculture, du BTP et de l\u2019industrie touristique.\u00a0<\/p>\n<\/div>\n<p>Auteur: APA News<br \/>\n<a href=\"https:\/\/www.journalducameroun.com\/covid-19-letat-ivoirien-cree-deux-instances-dappui-au-plan-de-soutien-economique\/\">Cliquez ici pour lire l&rsquo;article depuis sa source.<\/a><\/p>\n","protected":false},"excerpt":{"rendered":"<p>Publi\u00e9 le 20.04.2020 \u00e0 21h18 par APA News Le Comit\u00e9 de concertation Etat-Secteur priv\u00e9 de C\u00f4te d\u2019Ivoire (CCESP) annonce avoir mis en place deux instances d\u2019appui au plan de soutien \u00e9conomique de l\u2019Etat ivoirien dans le cadre de l\u2019accompagnement au secteur priv\u00e9, face \u00e0 la pand\u00e9mie du Covid-19.Pour att\u00e9nuer les effets n\u00e9fastes du Covid-19 sur [&hellip;]<\/p>\n","protected":false},"author":1965,"featured_media":0,"comment_status":"closed","ping_status":"closed","sticky":false,"template":"","format":"standard","meta":{"fifu_image_url":"","fifu_image_alt":"","footnotes":""},"categories":[73,82],"tags":[],"class_list":["post-82979","post","type-post","status-publish","format-standard","hentry","category-actualite","category-cameroun"],"_links":{"self":[{"href":"https:\/\/linitiative.ca\/International\/wp-json\/wp\/v2\/posts\/82979","targetHints":{"allow":["GET"]}}],"collection":[{"href":"https:\/\/linitiative.ca\/International\/wp-json\/wp\/v2\/posts"}],"about":[{"href":"https:\/\/linitiative.ca\/International\/wp-json\/wp\/v2\/types\/post"}],"author":[{"embeddable":true,"href":"https:\/\/linitiative.ca\/International\/wp-json\/wp\/v2\/users\/1965"}],"replies":[{"embeddable":true,"href":"https:\/\/linitiative.ca\/International\/wp-json\/wp\/v2\/comments?post=82979"}],"version-history":[{"count":0,"href":"https:\/\/linitiative.ca\/International\/wp-json\/wp\/v2\/posts\/82979\/revisions"}],"wp:attachment":[{"href":"https:\/\/linitiative.ca\/International\/wp-json\/wp\/v2\/media?parent=82979"}],"wp:term":[{"taxonomy":"category","embeddable":true,"href":"https:\/\/linitiative.ca\/International\/wp-json\/wp\/v2\/categories?post=82979"},{"taxonomy":"post_tag","embeddable":true,"href":"https:\/\/linitiative.ca\/International\/wp-json\/wp\/v2\/tags?post=82979"}],"curies":[{"name":"wp","href":"https:\/\/api.w.org\/{rel}","templated":true}]}}