{"id":82980,"date":"2020-04-20T17:42:17","date_gmt":"2020-04-20T21:42:17","guid":{"rendered":"https:\/\/linitiative.ca\/International\/cameroun-le-coronavirus-touche-deja-9-regions-sur-10\/"},"modified":"2020-04-20T17:42:17","modified_gmt":"2020-04-20T21:42:17","slug":"cameroun-le-coronavirus-touche-deja-9-regions-sur-10","status":"publish","type":"post","link":"https:\/\/linitiative.ca\/International\/cameroun-le-coronavirus-touche-deja-9-regions-sur-10\/","title":{"rendered":"Cameroun : le coronavirus touche d\u00e9j\u00e0 9 r\u00e9gions sur 10"},"content":{"rendered":"<div readability=\"32\">\n<p>Publi\u00e9 le 20.04.2020 \u00e0 22h42 par JournalduCameroun.com<\/p>\n<\/div>\n<div readability=\"53\">\n<h2 class=\"c4\">Seule la r\u00e9gion de l\u2019Extr\u00eame-nord n\u2019a pas encore enregistr\u00e9 de cas de contamination.<\/h2>\n<p class=\"c5\">Les derniers chiffres de la propagation du coronavirus, rendus publics ce 20 avril, donnent \u00e0 voir une cartographie de la contamination au <strong>Cameroun<\/strong>.<\/p>\n<p class=\"c5\">D\u2019apr\u00e8s le minist\u00e8re de la Sant\u00e9 publique, un cas de <strong>coronavirus<\/strong> est enregistr\u00e9 dans la r\u00e9gion du Nord-ouest. L\u2019une des rares r\u00e9gions encore saine de contamination.<\/p>\n<p class=\"c5\">Le Nord-ouest rejoint ainsi les huit autres r\u00e9gions du pays o\u00f9 des cas ont \u00e9t\u00e9 d\u00e9tect\u00e9s.<\/p>\n<p class=\"c5\">Une seule r\u00e9gion \u00e9chappe alors encore au virus\u00a0: la r\u00e9gion de l\u2019Extr\u00eame-nord. Le Nord et l\u2019Adamaoua, les deux autres r\u00e9gions septentrionales enregistrent chacune un cas.<\/p>\n<p class=\"c5\">Pour le reste, la r\u00e9partition des cas se fait ainsi qui suit\u00a0: Centre 691\u00a0; Littoral, 382\u00a0; 67 \u00e0 l\u2019Ouest\u00a0; 12 au Sud-ouest\u00a0; 5 au Sud\u00a0; et trois \u00e0 l\u2019Ouest.<\/p>\n<p class=\"c5\">Le Cameroun fait \u00e9tat \u00e0 ce jour de 1136 cas, dont 305 gu\u00e9ris et 42 d\u00e9c\u00e8s.<\/p>\n<\/div>\n<p>Auteur: Ludovic Amara<br \/>\n<a href=\"https:\/\/www.journalducameroun.com\/cameroun-le-coronavirus-touche-deja-9-regions-sur-10-cameroun\/\">Cliquez ici pour lire l&rsquo;article depuis sa source.<\/a><\/p>\n","protected":false},"excerpt":{"rendered":"<p>Publi\u00e9 le 20.04.2020 \u00e0 22h42 par JournalduCameroun.com Seule la r\u00e9gion de l\u2019Extr\u00eame-nord n\u2019a pas encore enregistr\u00e9 de cas de contamination. Les derniers chiffres de la propagation du coronavirus, rendus publics ce 20 avril, donnent \u00e0 voir une cartographie de la contamination au Cameroun. D\u2019apr\u00e8s le minist\u00e8re de la Sant\u00e9 publique, un cas de coronavirus est [&hellip;]<\/p>\n","protected":false},"author":1965,"featured_media":0,"comment_status":"closed","ping_status":"closed","sticky":false,"template":"","format":"standard","meta":{"fifu_image_url":"","fifu_image_alt":"","footnotes":""},"categories":[73,82],"tags":[],"class_list":["post-82980","post","type-post","status-publish","format-standard","hentry","category-actualite","category-cameroun"],"_links":{"self":[{"href":"https:\/\/linitiative.ca\/International\/wp-json\/wp\/v2\/posts\/82980","targetHints":{"allow":["GET"]}}],"collection":[{"href":"https:\/\/linitiative.ca\/International\/wp-json\/wp\/v2\/posts"}],"about":[{"href":"https:\/\/linitiative.ca\/International\/wp-json\/wp\/v2\/types\/post"}],"author":[{"embeddable":true,"href":"https:\/\/linitiative.ca\/International\/wp-json\/wp\/v2\/users\/1965"}],"replies":[{"embeddable":true,"href":"https:\/\/linitiative.ca\/International\/wp-json\/wp\/v2\/comments?post=82980"}],"version-history":[{"count":0,"href":"https:\/\/linitiative.ca\/International\/wp-json\/wp\/v2\/posts\/82980\/revisions"}],"wp:attachment":[{"href":"https:\/\/linitiative.ca\/International\/wp-json\/wp\/v2\/media?parent=82980"}],"wp:term":[{"taxonomy":"category","embeddable":true,"href":"https:\/\/linitiative.ca\/International\/wp-json\/wp\/v2\/categories?post=82980"},{"taxonomy":"post_tag","embeddable":true,"href":"https:\/\/linitiative.ca\/International\/wp-json\/wp\/v2\/tags?post=82980"}],"curies":[{"name":"wp","href":"https:\/\/api.w.org\/{rel}","templated":true}]}}