{"id":82981,"date":"2020-04-20T11:03:03","date_gmt":"2020-04-20T15:03:03","guid":{"rendered":"https:\/\/linitiative.ca\/International\/covid-19-le-1510-a-nouveau-operationnel\/"},"modified":"2020-04-20T11:03:03","modified_gmt":"2020-04-20T15:03:03","slug":"covid-19-le-1510-a-nouveau-operationnel","status":"publish","type":"post","link":"https:\/\/linitiative.ca\/International\/covid-19-le-1510-a-nouveau-operationnel\/","title":{"rendered":"Covid-19 : le 1510 \u00e0 nouveau op\u00e9rationnel"},"content":{"rendered":"<div id=\"the-post\">\n<div class=\"featured-area featured-area-inner\" readability=\"7\"><img loading=\"lazy\" decoding=\"async\" width=\"780\" height=\"470\" src=\"https:\/\/ecomatin.net\/wp-content\/uploads\/2020\/04\/15-10-cameroun-780x470.jpg\" class=\"attachment-jannah-image-post size-jannah-image-post wp-post-image\" alt=\"15 10 cameroun\" data-attachment-id=\"15228\" data-permalink=\"https:\/\/ecomatin.net\/covid-19-le-1510-a-nouveau-operationnel\/15-10-cameroun\/\" data-orig-file=\"https:\/\/ecomatin.net\/wp-content\/uploads\/2020\/04\/15-10-cameroun.jpg\" data-orig-size=\"1250,625\" data-comments-opened=\"0\" data-image-meta=\"{&quot;aperture&quot;:&quot;0&quot;,&quot;credit&quot;:&quot;&quot;,&quot;camera&quot;:&quot;&quot;,&quot;caption&quot;:&quot;&quot;,&quot;created_timestamp&quot;:&quot;0&quot;,&quot;copyright&quot;:&quot;&quot;,&quot;focal_length&quot;:&quot;0&quot;,&quot;iso&quot;:&quot;0&quot;,&quot;shutter_speed&quot;:&quot;0&quot;,&quot;title&quot;:&quot;&quot;,&quot;orientation&quot;:&quot;0&quot;}\" data-image-title=\"15 10 cameroun\" data-image-description=\"\" data-medium-file=\"https:\/\/ecomatin.net\/wp-content\/uploads\/2020\/04\/15-10-cameroun-300x150.jpg\" data-large-file=\"https:\/\/ecomatin.net\/wp-content\/uploads\/2020\/04\/15-10-cameroun-1024x512.jpg\"\/> 1510 centre d&rsquo;appel d&rsquo;urgence pour Covid-19 au Cameroun<\/div>\n<div class=\"entry-content entry clearfix\" readability=\"42.3222060958\">\n<p>Le centre d\u2019appel 1510 d\u00e9di\u00e9 au suivi et au renseignement\u00a0 sur la pand\u00e9mie du Covid-19 est rest\u00e9 hors d\u2019usage de vendredi 17 avril \u00e0 dimanche 19 avril 2020, ceci suite \u00e0 une panne g\u00e9n\u00e9rale\u00a0 intervenue sur le r\u00e9seau de la fibre optique a-t-on appris du ministre de la Sant\u00e9 publique dans un communiqu\u00e9 de presse sign\u00e9 le 18 avril 2020. Dans le but d\u2019assurer la continuit\u00e9 des services le ministre a dress\u00e9 une liste de contact devant servir de relais \u00e0 travers les r\u00e9gions du Centre, du Littoral, de l\u2019Ouest et du Sud.<\/p>\n<p>72 heures plus tard, le directeur g\u00e9n\u00e9ral de Camtel Judith Yah Sunday annonce le r\u00e9tablissement des \u00e9quipements. \u00ab<em>En date du vendredi 17 avril 2020 vers 17h, la fibre desservant le Centre des op\u00e9rations d\u2019urgence de Yaound\u00e9 a fait l\u2019objet d\u2019un acte de vandalisme \u00e0 400 m\u00e8tres dudit centre\u00a0\u00bb<\/em>. Aussit\u00f4t inform\u00e9 de cet incident, le DG a coordonn\u00e9 en personne les travaux de r\u00e9tablissement. \u00ab\u00a0<em>Les appels vers les num\u00e9ros \u00ab\u00a01510\u00a0\u00bb sont de nouveau fonctionnels depuis ce dimanche 19 avril \u00e0 01H11 du matin<\/em>\u00a0\u00bb pr\u00e9cise-t-elle.<\/p>\n<p>\u00a0D\u2019apr\u00e8s le DG, la finalisation dans les prochains jours d\u2019une infrastructure redondante par fibre optique alimentant le Centre des op\u00e9rations d\u2019urgence\u00a0 de Yaound\u00e9, \u00e9cartera d\u00e9finitivement la possibilit\u00e9 de conna\u00eetre \u00e0 nouveau ce genre d\u2019interruption. En attendant, une enqu\u00eate pr\u00e9liminaire a \u00e9t\u00e9 d\u00e9clench\u00e9e et suivra son cours selon les dispositions pr\u00e9vues par la r\u00e9glementation en vigueur.<\/p>\n<div class=\"awac-wrapper awac widget posts-list-widget-13\">\n<h4 class=\"widget-title\">Recent Posts<\/h4>\n<\/div>\n<\/div>\n<\/div>\n<div readability=\"31.5\">\n<div class=\"container-wrapper subscribe-widget widget-inner-wrap subscribe-widget-content\" id=\"post-newsletter\" readability=\"33\">\n<h4>With Product You Purchase<\/h4>\n<h3>Subscribe to our mailing list to get the new updates!<\/h3>\n<p>Lorem ipsum dolor sit amet, consectetur.<\/p>\n<\/div>\n<\/div>\n<p>Auteur: EcoMatin<br \/>\n<a href=\"https:\/\/ecomatin.net\/covid-19-le-1510-a-nouveau-operationnel\/\">Cliquez ici pour lire l&rsquo;article depuis sa source.<\/a><\/p>\n","protected":false},"excerpt":{"rendered":"<p>1510 centre d&rsquo;appel d&rsquo;urgence pour Covid-19 au Cameroun Le centre d\u2019appel 1510 d\u00e9di\u00e9 au suivi et au renseignement\u00a0 sur la pand\u00e9mie du Covid-19 est rest\u00e9 hors d\u2019usage de vendredi 17 avril \u00e0 dimanche 19 avril 2020, ceci suite \u00e0 une panne g\u00e9n\u00e9rale\u00a0 intervenue sur le r\u00e9seau de la fibre optique a-t-on appris du ministre de [&hellip;]<\/p>\n","protected":false},"author":1969,"featured_media":0,"comment_status":"closed","ping_status":"closed","sticky":false,"template":"","format":"standard","meta":{"fifu_image_url":"","fifu_image_alt":"","footnotes":""},"categories":[82,78],"tags":[],"class_list":["post-82981","post","type-post","status-publish","format-standard","hentry","category-cameroun","category-economie"],"_links":{"self":[{"href":"https:\/\/linitiative.ca\/International\/wp-json\/wp\/v2\/posts\/82981","targetHints":{"allow":["GET"]}}],"collection":[{"href":"https:\/\/linitiative.ca\/International\/wp-json\/wp\/v2\/posts"}],"about":[{"href":"https:\/\/linitiative.ca\/International\/wp-json\/wp\/v2\/types\/post"}],"author":[{"embeddable":true,"href":"https:\/\/linitiative.ca\/International\/wp-json\/wp\/v2\/users\/1969"}],"replies":[{"embeddable":true,"href":"https:\/\/linitiative.ca\/International\/wp-json\/wp\/v2\/comments?post=82981"}],"version-history":[{"count":0,"href":"https:\/\/linitiative.ca\/International\/wp-json\/wp\/v2\/posts\/82981\/revisions"}],"wp:attachment":[{"href":"https:\/\/linitiative.ca\/International\/wp-json\/wp\/v2\/media?parent=82981"}],"wp:term":[{"taxonomy":"category","embeddable":true,"href":"https:\/\/linitiative.ca\/International\/wp-json\/wp\/v2\/categories?post=82981"},{"taxonomy":"post_tag","embeddable":true,"href":"https:\/\/linitiative.ca\/International\/wp-json\/wp\/v2\/tags?post=82981"}],"curies":[{"name":"wp","href":"https:\/\/api.w.org\/{rel}","templated":true}]}}