{"id":82982,"date":"2020-04-20T11:19:24","date_gmt":"2020-04-20T15:19:24","guid":{"rendered":"https:\/\/linitiative.ca\/International\/aide-publique-a-la-communication-privee-les-paiements-se-feront-desormais-par-virement-bancaire\/"},"modified":"2020-04-20T11:19:24","modified_gmt":"2020-04-20T15:19:24","slug":"aide-publique-a-la-communication-privee-les-paiements-se-feront-desormais-par-virement-bancaire","status":"publish","type":"post","link":"https:\/\/linitiative.ca\/International\/aide-publique-a-la-communication-privee-les-paiements-se-feront-desormais-par-virement-bancaire\/","title":{"rendered":"Aide publique \u00e0 la communication priv\u00e9e : les paiements se feront d\u00e9sormais par virement bancaire"},"content":{"rendered":"<div id=\"the-post\">\n<div class=\"featured-area featured-area-inner\"><img loading=\"lazy\" decoding=\"async\" width=\"780\" height=\"470\" src=\"https:\/\/ecomatin.net\/wp-content\/uploads\/2020\/04\/kiosque-%C3%A0-journaux-aide-%C3%A0-la-presse-780x470.png\" class=\"attachment-jannah-image-post size-jannah-image-post wp-post-image\" alt=\"RENE EMMANUEL SADI MINISTRE DE LA COMMUNICATION\" data-attachment-id=\"15231\" data-permalink=\"https:\/\/ecomatin.net\/aide-publique-a-la-communication-privee-les-paiements-se-feront-desormais-par-virement-bancaire\/kiosque-a-journaux-aide-a-la-presse\/\" data-orig-file=\"https:\/\/ecomatin.net\/wp-content\/uploads\/2020\/04\/kiosque-&#xE0;-journaux-aide-&#xE0;-la-presse.png\" data-orig-size=\"900,600\" data-comments-opened=\"0\" data-image-meta=\"{&quot;aperture&quot;:&quot;0&quot;,&quot;credit&quot;:&quot;&quot;,&quot;camera&quot;:&quot;&quot;,&quot;caption&quot;:&quot;&quot;,&quot;created_timestamp&quot;:&quot;0&quot;,&quot;copyright&quot;:&quot;&quot;,&quot;focal_length&quot;:&quot;0&quot;,&quot;iso&quot;:&quot;0&quot;,&quot;shutter_speed&quot;:&quot;0&quot;,&quot;title&quot;:&quot;&quot;,&quot;orientation&quot;:&quot;0&quot;}\" data-image-title=\"kiosque-&#xE0;-journaux-aide-&#xE0;-la-presse\" data-image-description=\"\" data-medium-file=\"https:\/\/ecomatin.net\/wp-content\/uploads\/2020\/04\/kiosque-&#xE0;-journaux-aide-&#xE0;-la-presse-300x200.png\" data-large-file=\"https:\/\/ecomatin.net\/wp-content\/uploads\/2020\/04\/kiosque-&#xE0;-journaux-aide-&#xE0;-la-presse.png\"\/><\/div>\n<div class=\"entry-content entry clearfix\" readability=\"61.0341390481\">\n<p>Elle est bien r\u00e9volue l\u2019\u00e9poque o\u00f9 les patrons de la presse priv\u00e9e se mettaient en file indienne devant les bureaux du minist\u00e8re de la Communication pour percevoir en num\u00e9raire l\u2019aide publique \u00e0 la communication priv\u00e9e. D\u00e9sormais, tout se fera par virement bancaire. C\u2019est l\u2019une des nouveaut\u00e9s contenue dans l\u2019arr\u00eat\u00e9 sign\u00e9 ce 13 avril par le ministre de la Communication(MINCOM) qui r\u00e9organise les modalit\u00e9s d\u2019acc\u00e8s au b\u00e9n\u00e9fice l\u2019aide publique \u00e0 la communication priv\u00e9e. Ren\u00e9 Emmanuel Sadi rompt ainsi avec une pratique qui avait jusqu\u2019ici suscit\u00e9 des soup\u00e7ons de corruption dans ce d\u00e9partement minist\u00e9riel du fait de la gestion des liquidit\u00e9s. \u00ab\u00a0<em>C\u2019est une bonne chose vue que par le pass\u00e9, certains patrons de presse \u00e9taient contraints de verser des r\u00e9tro-commissions dans les bureaux du Mincom juste apr\u00e8s \u00eatre pass\u00e9 \u00e0 la caisse\u00a0<\/em>\u00bb nous confie un patron de journal.<\/p>\n<p>\u00a0\u00a0\u00a0 Outre cette mesure, la nouvelle r\u00e8glementation change la d\u00e9nomination de ce soutient \u00e9tatique. On parlera d\u00e9sormais de l\u2019appui institutionnel de l\u2019Etat \u00e0 la presse \u00e0 capitaux priv\u00e9s en lieu et place de l\u2019aide publique \u00e0 la communication priv\u00e9e.\u00a0 Il est r\u00e9serv\u00e9 uniquement aux entreprises \u00e9ditant des journaux et p\u00e9riodiques paraissant \u00e0 intervalle r\u00e9gulier ainsi qu\u2019aux organes de presse en ligne.<\/p>\n<p>\u00a0Ren\u00e9 Emmanuel Sadi y exclu les organes de communication audiovisuels qui devront, quant \u00e0 eux, b\u00e9n\u00e9ficier des financements du fond sp\u00e9cial de d\u00e9veloppement de l\u2019audiovisuels institu\u00e9 par la loi no 2015\/007 du 20 avril 2015. Une rupture avec l\u2019arr\u00eat\u00e9 du 23 septembre 2002, qui jusqu\u2019ici octroyait cette aide \u00e0 tous les acteurs de la communication priv\u00e9e que sont les imprimeries, les syndicats, les associations professionnelles, les diffuseurs audiovisuels, les agences publicitaires et autres. Cet appui se d\u00e9clinera non seulement en appui financier, mais aussi par l\u2019octroi de mat\u00e9riel technique d\u2019exploitation, par allocation des facilit\u00e9s de travail et par la mise \u00e0 disposition des prestations intellectuelles. S\u2019il ne d\u00e9cline pas le montant de l\u2019enveloppe pr\u00e9vu pour cet annuellement pour cet appui, l\u2019arr\u00eat\u00e9 pr\u00e9cise tout de m\u00eame qu\u2019il sera inscrit au budget du minist\u00e8re de la Communication pour chaque exercice budg\u00e9taire. Par ailleurs le nouveau texte institut un contr\u00f4le de l\u2019utilisation des fonds, biens et services allou\u00e9s au titre de cet appui institutionnel. Une \u00e9quipe de contr\u00f4le sera mise sur pied par le Mincom au d\u00e9but de chaque exercice budg\u00e9taire en vue de veiller au bon usage de ce soutien gouvernemental.<\/p>\n<p>Les conditions d\u2019acc\u00e8s \u00e0 cet appui sont plus que par le pass\u00e9 devenues rigides. En plus de pi\u00e8ces d\u00e9clin\u00e9s dans le pr\u00e9c\u00e9dent arr\u00eat\u00e9, les organes de presse devront fournir des copies de l\u2019ensemble des publications de l\u2019ann\u00e9e en cours. Selon Kisito Ngankak , directeur du d\u00e9veloppement des m\u00e9dias priv\u00e9s et de la publicit\u00e9\u00a0 \u00ab\u00a0<em>Il ,y aura potentiellement moins de demandeurs, potentiellement moins de b\u00e9n\u00e9ficiaires et on peut donc s\u2019attendre \u00e0 ce que les enveloppes des uns et des autres soient plus substantielles<\/em>\u00a0\u00bb. Rappelons qu\u2019en 2018, un enveloppe de 240 millions de FCFA avait \u00e9t\u00e9 allou\u00e9e \u00e0 135 b\u00e9n\u00e9ficiaires. D\u2019apr\u00e8s ce responsable, l\u2019on devrait se maintenir dans cette m\u00eame fourchette pour l\u2019exercice en cours.<\/p>\n<div class=\"awac-wrapper awac widget posts-list-widget-13\">\n<h4 class=\"widget-title\">Recent Posts<\/h4>\n<\/div>\n<\/div>\n<\/div>\n<div readability=\"31.5\">\n<div class=\"container-wrapper subscribe-widget widget-inner-wrap subscribe-widget-content\" id=\"post-newsletter\" readability=\"33\">\n<h4>With Product You Purchase<\/h4>\n<h3>Subscribe to our mailing list to get the new updates!<\/h3>\n<p>Lorem ipsum dolor sit amet, consectetur.<\/p>\n<\/div>\n<\/div>\n<p>Auteur: EcoMatin<br \/>\n<a href=\"https:\/\/ecomatin.net\/aide-publique-a-la-communication-privee-les-paiements-se-feront-desormais-par-virement-bancaire\/\">Cliquez ici pour lire l&rsquo;article depuis sa source.<\/a><\/p>\n","protected":false},"excerpt":{"rendered":"<p>Elle est bien r\u00e9volue l\u2019\u00e9poque o\u00f9 les patrons de la presse priv\u00e9e se mettaient en file indienne devant les bureaux du minist\u00e8re de la Communication pour percevoir en num\u00e9raire l\u2019aide publique \u00e0 la communication priv\u00e9e. D\u00e9sormais, tout se fera par virement bancaire. C\u2019est l\u2019une des nouveaut\u00e9s contenue dans l\u2019arr\u00eat\u00e9 sign\u00e9 ce 13 avril par le [&hellip;]<\/p>\n","protected":false},"author":1969,"featured_media":0,"comment_status":"closed","ping_status":"closed","sticky":false,"template":"","format":"standard","meta":{"fifu_image_url":"","fifu_image_alt":"","footnotes":""},"categories":[82,78],"tags":[],"class_list":["post-82982","post","type-post","status-publish","format-standard","hentry","category-cameroun","category-economie"],"_links":{"self":[{"href":"https:\/\/linitiative.ca\/International\/wp-json\/wp\/v2\/posts\/82982","targetHints":{"allow":["GET"]}}],"collection":[{"href":"https:\/\/linitiative.ca\/International\/wp-json\/wp\/v2\/posts"}],"about":[{"href":"https:\/\/linitiative.ca\/International\/wp-json\/wp\/v2\/types\/post"}],"author":[{"embeddable":true,"href":"https:\/\/linitiative.ca\/International\/wp-json\/wp\/v2\/users\/1969"}],"replies":[{"embeddable":true,"href":"https:\/\/linitiative.ca\/International\/wp-json\/wp\/v2\/comments?post=82982"}],"version-history":[{"count":0,"href":"https:\/\/linitiative.ca\/International\/wp-json\/wp\/v2\/posts\/82982\/revisions"}],"wp:attachment":[{"href":"https:\/\/linitiative.ca\/International\/wp-json\/wp\/v2\/media?parent=82982"}],"wp:term":[{"taxonomy":"category","embeddable":true,"href":"https:\/\/linitiative.ca\/International\/wp-json\/wp\/v2\/categories?post=82982"},{"taxonomy":"post_tag","embeddable":true,"href":"https:\/\/linitiative.ca\/International\/wp-json\/wp\/v2\/tags?post=82982"}],"curies":[{"name":"wp","href":"https:\/\/api.w.org\/{rel}","templated":true}]}}