{"id":82983,"date":"2020-04-20T12:55:58","date_gmt":"2020-04-20T16:55:58","guid":{"rendered":"https:\/\/linitiative.ca\/International\/coronavirus-paul-biya-fait-un-don-de-materiels-dune-valeur-de-2-milliards-de-f-cfa-aux-360-arrondissements-du-cameroun\/"},"modified":"2020-04-20T12:55:58","modified_gmt":"2020-04-20T16:55:58","slug":"coronavirus-paul-biya-fait-un-don-de-materiels-dune-valeur-de-2-milliards-de-f-cfa-aux-360-arrondissements-du-cameroun","status":"publish","type":"post","link":"https:\/\/linitiative.ca\/International\/coronavirus-paul-biya-fait-un-don-de-materiels-dune-valeur-de-2-milliards-de-f-cfa-aux-360-arrondissements-du-cameroun\/","title":{"rendered":"Coronavirus : Paul Biya fait un don de mat\u00e9riels d\u2019une valeur de 2 milliards de F CFA aux 360 arrondissements du Cameroun"},"content":{"rendered":"<div id=\"the-post\">\n<div class=\"featured-area featured-area-inner\" readability=\"8\"><img loading=\"lazy\" decoding=\"async\" width=\"780\" height=\"457\" src=\"https:\/\/ecomatin.net\/wp-content\/uploads\/2020\/04\/Paul-Biya-780x457.jpg\" class=\"attachment-jannah-image-post size-jannah-image-post wp-post-image\" alt=\"\" data-attachment-id=\"15236\" data-permalink=\"https:\/\/ecomatin.net\/coronavirus-paul-biya-fait-un-don-de-materiels-dune-valeur-de-2-milliards-de-f-cfa-aux-360-arrondissements-du-cameroun\/paul-biya-6\/\" data-orig-file=\"https:\/\/ecomatin.net\/wp-content\/uploads\/2020\/04\/Paul-Biya.jpg\" data-orig-size=\"800,457\" data-comments-opened=\"0\" data-image-meta=\"{&quot;aperture&quot;:&quot;0&quot;,&quot;credit&quot;:&quot;&quot;,&quot;camera&quot;:&quot;&quot;,&quot;caption&quot;:&quot;&quot;,&quot;created_timestamp&quot;:&quot;0&quot;,&quot;copyright&quot;:&quot;&quot;,&quot;focal_length&quot;:&quot;0&quot;,&quot;iso&quot;:&quot;0&quot;,&quot;shutter_speed&quot;:&quot;0&quot;,&quot;title&quot;:&quot;&quot;,&quot;orientation&quot;:&quot;0&quot;}\" data-image-title=\"Paul Biya\" data-image-description=\"\" data-medium-file=\"https:\/\/ecomatin.net\/wp-content\/uploads\/2020\/04\/Paul-Biya-300x171.jpg\" data-large-file=\"https:\/\/ecomatin.net\/wp-content\/uploads\/2020\/04\/Paul-Biya.jpg\"\/> Paul Biya, Pr\u00e9sident du Cameroun<\/div>\n<div class=\"entry-content entry clearfix\" readability=\"42.8026424443\">\n<p>Apr\u00e8s la mise sur pied d\u2019un fonds de solidarit\u00e9 pour lutter contre le coronavirus au Cameroun, le chef de l\u2019Etat a d\u00e9cid\u00e9, d\u2019accorder un don sp\u00e9cial aux 360 arrondissements du pays. L\u2019annonce a \u00e9t\u00e9 faite ce lundi 20 avril par le ministre de l\u2019Administration territoriale(Minat). Dans un communiqu\u00e9 de presse Paul Atanga Nji pr\u00e9cise que ce don, d\u2019une valeur de 02 milliards de FCFA, sera essentiellement constitu\u00e9 de produits et mat\u00e9riels m\u00e9dicaux. Il s\u2019agit plus pr\u00e9cis\u00e9ment de 50\u00a0000 cartons de savon de lessive, 1\u00a0500\u00a0000(un million cinq cent mille) masques de protections, 75\u00a0000(soixante-quinze mille) seaux de m\u00e9nage, 40\u00a0000(quarante mille) bidons lave-main, d\u2019une capacit\u00e9 de 30 litres chacun, des kits de test de d\u00e9pistage rapide et des appareils d\u2019assistance respiratoire pour les h\u00f4pitaux. Dans une dizaine de jours, ces mat\u00e9riaux devront \u00eatre mis \u00e0 la disposition des populations sur l\u2019ensemble du triangle national. Paul Atanga Nji pr\u00e9cise qu\u2019ils partiront de l\u2019h\u00f4tel de ville de Yaound\u00e9 pour \u00eatre achemin\u00e9s \u00e0 l\u2019aide de camions gros porteurs dans les dix r\u00e9gions du pays. Une fois en r\u00e9gion, les autorit\u00e9s administratives se chargeront de la distribution. \u00ab\u00a0<em>La distribution sera assur\u00e9e au niveau du chef-lieu de la r\u00e9gion par le gouverneur, au niveau du d\u00e9partement par le pr\u00e9fet et au niveau de l\u2019arrondissement par le sous-pr\u00e9fet<\/em>\u00a0\u00bb indique le Minat. Il pr\u00e9cise par ailleurs, que les couches sociales les plus d\u00e9favoris\u00e9es en seront les premiers b\u00e9n\u00e9ficiaires\u00a0\u00a0 conform\u00e9ment \u00e0 la volont\u00e9 du chef de l\u2019Etat.<\/p>\n<p>Rappelons que la pand\u00e9mie du coronavirus a d\u00e9j\u00e0 touch\u00e9 plus de 1000 personnes dans 8 des 10 r\u00e9gions du\u00a0 Cameroun. 305 personnes ont recouvr\u00e9 la sant\u00e9, 33 personnes sont sous oxyg\u00e9noth\u00e9rapie et 42 personnes ont succomb\u00e9 \u00e0 la maladie.<\/p>\n<div class=\"awac-wrapper awac widget posts-list-widget-13\">\n<h4 class=\"widget-title\">Recent Posts<\/h4>\n<\/div>\n<\/div>\n<\/div>\n<div readability=\"31.5\">\n<div class=\"container-wrapper subscribe-widget widget-inner-wrap subscribe-widget-content\" id=\"post-newsletter\" readability=\"33\">\n<h4>With Product You Purchase<\/h4>\n<h3>Subscribe to our mailing list to get the new updates!<\/h3>\n<p>Lorem ipsum dolor sit amet, consectetur.<\/p>\n<\/div>\n<\/div>\n<p>Auteur: EcoMatin<br \/>\n<a href=\"https:\/\/ecomatin.net\/coronavirus-paul-biya-fait-un-don-de-materiels-dune-valeur-de-2-milliards-de-f-cfa-aux-360-arrondissements-du-cameroun\/\">Cliquez ici pour lire l&rsquo;article depuis sa source.<\/a><\/p>\n","protected":false},"excerpt":{"rendered":"<p>Paul Biya, Pr\u00e9sident du Cameroun Apr\u00e8s la mise sur pied d\u2019un fonds de solidarit\u00e9 pour lutter contre le coronavirus au Cameroun, le chef de l\u2019Etat a d\u00e9cid\u00e9, d\u2019accorder un don sp\u00e9cial aux 360 arrondissements du pays. L\u2019annonce a \u00e9t\u00e9 faite ce lundi 20 avril par le ministre de l\u2019Administration territoriale(Minat). Dans un communiqu\u00e9 de presse [&hellip;]<\/p>\n","protected":false},"author":1969,"featured_media":0,"comment_status":"closed","ping_status":"closed","sticky":false,"template":"","format":"standard","meta":{"fifu_image_url":"","fifu_image_alt":"","footnotes":""},"categories":[82,78],"tags":[],"class_list":["post-82983","post","type-post","status-publish","format-standard","hentry","category-cameroun","category-economie"],"_links":{"self":[{"href":"https:\/\/linitiative.ca\/International\/wp-json\/wp\/v2\/posts\/82983","targetHints":{"allow":["GET"]}}],"collection":[{"href":"https:\/\/linitiative.ca\/International\/wp-json\/wp\/v2\/posts"}],"about":[{"href":"https:\/\/linitiative.ca\/International\/wp-json\/wp\/v2\/types\/post"}],"author":[{"embeddable":true,"href":"https:\/\/linitiative.ca\/International\/wp-json\/wp\/v2\/users\/1969"}],"replies":[{"embeddable":true,"href":"https:\/\/linitiative.ca\/International\/wp-json\/wp\/v2\/comments?post=82983"}],"version-history":[{"count":0,"href":"https:\/\/linitiative.ca\/International\/wp-json\/wp\/v2\/posts\/82983\/revisions"}],"wp:attachment":[{"href":"https:\/\/linitiative.ca\/International\/wp-json\/wp\/v2\/media?parent=82983"}],"wp:term":[{"taxonomy":"category","embeddable":true,"href":"https:\/\/linitiative.ca\/International\/wp-json\/wp\/v2\/categories?post=82983"},{"taxonomy":"post_tag","embeddable":true,"href":"https:\/\/linitiative.ca\/International\/wp-json\/wp\/v2\/tags?post=82983"}],"curies":[{"name":"wp","href":"https:\/\/api.w.org\/{rel}","templated":true}]}}