{"id":82988,"date":"2020-04-21T10:21:14","date_gmt":"2020-04-21T14:21:14","guid":{"rendered":"https:\/\/linitiative.ca\/International\/mohamed-dahra-representer-les-personnes-en-situation-de-handicap-en-toute-oeuvre-est-un-souci-pour-moi\/"},"modified":"2020-04-21T10:21:14","modified_gmt":"2020-04-21T14:21:14","slug":"mohamed-dahra-representer-les-personnes-en-situation-de-handicap-en-toute-oeuvre-est-un-souci-pour-moi","status":"publish","type":"post","link":"https:\/\/linitiative.ca\/International\/mohamed-dahra-representer-les-personnes-en-situation-de-handicap-en-toute-oeuvre-est-un-souci-pour-moi\/","title":{"rendered":"Mohamed Dahra : \u00abRepr\u00e9senter les personnes en situation de handicap en toute \u0153uvre est un souci pour moi\u00bb"},"content":{"rendered":"<p><img decoding=\"async\" class=\"post_layout_5_img\" src=\"http:\/\/aujourdhui.ma\/wp-content\/uploads\/2020\/04\/Mohamed-Dahra-acteur-marocain.jpg?x29840\" alt=\"Mohamed Dahra : &#xAB;Repr&#xE9;senter les personnes en situation de handicap en toute &#x153;uvre est un souci pour moi&#xBB;\"\/><\/p>\n<p><span class=\"c4\"><strong>Entretien avec Mohamed Dahra, acteur marocain<\/strong><\/span><br \/><span class=\"c5\"><span id=\"more-342353\"\/><\/span><\/p>\n<p><span class=\"c6\">L\u2019acteur marocain Mohamed Dahra que le public marocain d\u00e9couvrira dans un nouveau r\u00f4le en Ramadan, sur la cha\u00eene 2M, dans la sitcom \u00abLa coop\u00e9rative\u00bb, s\u2019exprime \u00e0 propos de cette exp\u00e9rience. Il en explicite la particularit\u00e9 en tant que personnage assez diff\u00e9rent qui puise sa force dans son aspect physique et son sens de l\u2019humour qui rythme, visiblement, son quotidien et ses \u00e9changes. Entretien avec un artiste comique hors pair.<\/span><\/p>\n<p><strong>ALM : En quoi votre exp\u00e9rience est-elle diff\u00e9rente dans la sitcom \u00abLa coop\u00e9rative\u00bb ?<\/strong><\/p>\n<p><strong>Mohamed Dahra :<\/strong> Pour moi, la sitcom est un nouveau genre. Les autres personnages qui m\u2019entourent sont d\u00e9j\u00e0 habitu\u00e9s \u00e0 de telles \u0153uvres. Aussi, le rythme de travail est assez \u00e9lev\u00e9. Avant de passer au tournage, je devais lire chaque s\u00e9quence tout en me montrant cr\u00e9atif en humour pour l\u2019interpr\u00e9ter. D\u2019autant plus que, parmi 13 personnages dans la sitcom, je suis le seul handicap\u00e9. Donc, je devais \u00eatre diff\u00e9rent d\u2019eux et me distinguer parmi eux \u00e0 la fois en interpr\u00e9tant mon personnage.<\/p>\n<p><strong>Pourriez-vous nous donner un avant-go\u00fbt de votre r\u00f4le alors ?<\/strong><\/p>\n<p>A vrai dire, je pr\u00e9f\u00e8re ne pas en g\u00e2cher le charme afin de laisser le soin aux t\u00e9l\u00e9spectateurs de le d\u00e9couvrir au fil des \u00e9pisodes au moment du ftour pendant le mois sacr\u00e9.<\/p>\n<p><strong>Et qu\u2019est-ce qui fait votre fiert\u00e9 dans cette exp\u00e9rience ? Serait-elle \u00e0 reproduire ?<\/strong><\/p>\n<p>J\u2019ai surtout appr\u00e9ci\u00e9 le fait que 2M se soit f\u00e9licit\u00e9e de mon nom dans le casting. C\u2019est cette cha\u00eene qui a contribu\u00e9 \u00e0 mon apparition avec le com\u00e9dien Abdelkhalek Fahid. Pour r\u00e9pondre \u00e0 votre question, j\u2019ai d\u00e9j\u00e0 \u00e9crit ma propre sitcom. Une soci\u00e9t\u00e9 de production n\u00e9gocie avec moi dans ce sens. Pour ma part, j\u2019esp\u00e8re vivement que \u00abLa coop\u00e9rative\u00bb, produite par Disconnected, sera jou\u00e9e, l\u2019an prochain, en 2\u00e8me saison. D\u2019ici l\u00e0, je serai meilleur encore une fois. Et toute soci\u00e9t\u00e9 qui me solliciterait pour une sitcom trouvera son compte avec moi puisque j\u2019ai d\u00e9j\u00e0 assimil\u00e9 ce genre d\u2019\u0153uvres.<\/p>\n<p><strong>Qu\u2019en est-il du tournage en temps de coronavirus ? Comment vous \u00eates-vous adapt\u00e9 \u00e0 la situation ?<\/strong><\/p>\n<p>En fait, quand l\u2019\u00e9tat d\u2019urgence sanitaire a \u00e9t\u00e9 d\u00e9cr\u00e9t\u00e9, nous en avions pour trois jours avant de terminer le tournage. Nous y avons travaill\u00e9 avec pr\u00e9caution tout en se d\u00e9sinfectant toutes les 5 minutes. Aussi, nous avions des craintes autant pour la sitcom que pour notre patrie. Nous pensions \u00e9galement fort aux personnes malades et celles d\u00e9c\u00e9d\u00e9es. Nous avons tous des \u00eatres chers dont des proches ont \u00e9t\u00e9 touch\u00e9s par ce virus. Cette ann\u00e9e, le Ramadan co\u00efncide avec le confinement, nous esp\u00e9rons faire rire les Marocains pour qu\u2019ils puissent oublier cette pand\u00e9mie dont la fin est vivement souhait\u00e9e pour bient\u00f4t et avec les moindres d\u00e9g\u00e2ts.<\/p>\n<p><strong>Parlons un peu cin\u00e9ma. Quelle y serait votre actualit\u00e9 ?<\/strong><\/p>\n<p>Je suis en train d\u2019\u00e9crire un 3\u00e8me film. Par l\u2019occasion, je travaille, avec une soci\u00e9t\u00e9 de production, sur le film \u00abLekhmiss la w lkhemiss lakhour\u00bb (Pas ce jeudi, mais l\u2019autre). C\u2019est une \u0153uvre comique. Quand j\u2019\u00e9cris des personnages, je leur offre un espace pour y \u00eatre pr\u00e9sents. Pour rappel, j\u2019ai particip\u00e9 \u00e0 \u00abLferrouj \u00bb qui \u00e9tait au box-office, \u00abAmal\u00bb, \u00abLeksida\u00bb et \u00abMorocco dream\u00bb. Tout cela fait aussi ma fiert\u00e9 parce que je suis le seul artiste handicap\u00e9 dans le monde arabe \u00e0 faire l\u2019art professionnellement et comiquement.<\/p>\n<p><strong>Donc votre aspect physique diff\u00e9rent ferait votre force !?<\/strong><\/p>\n<p>C\u2019est un don voire un volant qui me guide l\u00e0 o\u00f9 je veux. J\u2019aime m\u00eame \u00eatre actif. Je ne suis pas contre le fait d\u2019\u00eatre per\u00e7u comme une personne en situation de handicap, qui est \u00e9galement une source d\u2019inspiration pour moi. Je pr\u00e9pare, \u00e0 ce propos, un spectacle appel\u00e9 \u00abAh, kis kis nehla abourjila wehda\u00bb pour faire aimer le handicap aux Marocains.<\/p>\n<p><strong>Un dernier mot ?<\/strong><\/p>\n<p>Pour moi, tout r\u00f4le est une chance. J\u2019esp\u00e8re mieux repr\u00e9senter les personnes en situation de handicap, en toute \u0153uvre, c\u2019est en fait un souci pour moi. Par l\u2019occasion, je ne manquerais pas de souhaiter longue vie \u00e0 SM le Roi. Je dois, \u00e0 Sa Majest\u00e9, une fi\u00e8re chandelle parce qu\u2019il m\u2019a permis de faire l\u2019art pour l\u2019art et non pour en vivre.<\/p>\n<div class=\"base-box mom_box_sc_custom mom_box_sc clear c8\" readability=\"33\">\n<p><span class=\"c7\"><strong><span class=\"c6\">Une \u00e9quipe de choc<\/span><\/strong><\/span><\/p>\n<p><a href=\"http:\/\/aujourdhui.ma\/wp-content\/uploads\/2020\/04\/2M-La-coop%C3%A9rative.jpg?x29840\"><img loading=\"lazy\" decoding=\"async\" class=\"wp-image-342358 alignleft\" src=\"http:\/\/aujourdhui.ma\/wp-content\/uploads\/2020\/04\/2M-La-coop%C3%A9rative.jpg?x29840\" alt=\"\" width=\"188\" height=\"239\" srcset=\"http:\/\/aujourdhui.ma\/wp-content\/uploads\/2020\/04\/2M-La-coop&#xE9;rative.jpg 450w, http:\/\/aujourdhui.ma\/wp-content\/uploads\/2020\/04\/2M-La-coop&#xE9;rative-236x300.jpg 236w\" sizes=\"auto, (max-width: 188px) 100vw, 188px\"\/><\/a>Mohamed Dahra ne manque pas de s\u2019exprimer sur l\u2019ambiance du tournage de \u00abLa coop\u00e9rative\u00bb et rappeler les artistes dont il est entour\u00e9. Ainsi, il se produit avec Souad Hassan, Zahira Sedki, Hasna El Moumni, Jamila El Haouni, Fadoua Talbi, Ibtissam Laaroussi, Ghita Bouhiane, Aya Yadine, Mohamed El Khyari, Aziz Hattab, Fouad Saad Allah et Ousama Ramzi.<\/p>\n<p>Cette sitcom, con\u00e7ue par Bouchra Malak, Idriss et Mehdi, est r\u00e9alis\u00e9e par Safae Baraka. \u00abLa r\u00e9alisatrice fait le montage sur le plateau en m\u00eame temps\u00bb, pr\u00e9cise Mohamed Dahra. L\u2019acteur doit \u00e9galement une fi\u00e8re chandelle \u00e0 la soci\u00e9t\u00e9 de production \u00abDisconnected\u00bb, notamment Najat Kobi, Younes Alami, Khalid Nokri et Hanan Reda qui veillait tout le temps sur nous au plateau.<\/p>\n<\/div>\n<p>Auteur: Salima Guisser<br \/>\n<a href=\"http:\/\/aujourdhui.ma\/culture\/mohamed-dahra-representer-les-personnes-en-situation-de-handicap-en-toute-oeuvre-est-un-souci-pour-moi\">Cliquez ici pour lire l&rsquo;article depuis sa source.<\/a><\/p>\n","protected":false},"excerpt":{"rendered":"<p>Entretien avec Mohamed Dahra, acteur marocain L\u2019acteur marocain Mohamed Dahra que le public marocain d\u00e9couvrira dans un nouveau r\u00f4le en Ramadan, sur la cha\u00eene 2M, dans la sitcom \u00abLa coop\u00e9rative\u00bb, s\u2019exprime \u00e0 propos de cette exp\u00e9rience. Il en explicite la particularit\u00e9 en tant que personnage assez diff\u00e9rent qui puise sa force dans son aspect physique [&hellip;]<\/p>\n","protected":false},"author":1759,"featured_media":0,"comment_status":"closed","ping_status":"closed","sticky":false,"template":"","format":"standard","meta":{"fifu_image_url":"","fifu_image_alt":"","footnotes":""},"categories":[73,54],"tags":[],"class_list":["post-82988","post","type-post","status-publish","format-standard","hentry","category-actualite","category-maroc"],"_links":{"self":[{"href":"https:\/\/linitiative.ca\/International\/wp-json\/wp\/v2\/posts\/82988","targetHints":{"allow":["GET"]}}],"collection":[{"href":"https:\/\/linitiative.ca\/International\/wp-json\/wp\/v2\/posts"}],"about":[{"href":"https:\/\/linitiative.ca\/International\/wp-json\/wp\/v2\/types\/post"}],"author":[{"embeddable":true,"href":"https:\/\/linitiative.ca\/International\/wp-json\/wp\/v2\/users\/1759"}],"replies":[{"embeddable":true,"href":"https:\/\/linitiative.ca\/International\/wp-json\/wp\/v2\/comments?post=82988"}],"version-history":[{"count":0,"href":"https:\/\/linitiative.ca\/International\/wp-json\/wp\/v2\/posts\/82988\/revisions"}],"wp:attachment":[{"href":"https:\/\/linitiative.ca\/International\/wp-json\/wp\/v2\/media?parent=82988"}],"wp:term":[{"taxonomy":"category","embeddable":true,"href":"https:\/\/linitiative.ca\/International\/wp-json\/wp\/v2\/categories?post=82988"},{"taxonomy":"post_tag","embeddable":true,"href":"https:\/\/linitiative.ca\/International\/wp-json\/wp\/v2\/tags?post=82988"}],"curies":[{"name":"wp","href":"https:\/\/api.w.org\/{rel}","templated":true}]}}