{"id":82990,"date":"2020-04-21T11:24:34","date_gmt":"2020-04-21T15:24:34","guid":{"rendered":"https:\/\/linitiative.ca\/International\/agissons-ensemble-contre-le-covid-19\/"},"modified":"2020-04-21T11:24:34","modified_gmt":"2020-04-21T15:24:34","slug":"agissons-ensemble-contre-le-covid-19","status":"publish","type":"post","link":"https:\/\/linitiative.ca\/International\/agissons-ensemble-contre-le-covid-19\/","title":{"rendered":"Agissons ensemble contre le Covid-19"},"content":{"rendered":"<p><img decoding=\"async\" class=\"post_layout_5_img\" src=\"http:\/\/aujourdhui.ma\/wp-content\/uploads\/2020\/04\/Marrakech-confinement.jpg?x29840\" alt=\"Agissons ensemble contre le Covid-19\"\/><\/p>\n<p><span class=\"c5\"><strong><span class=\"c4\">La vague de solidarit\u00e9 a permis l\u2019\u00e9mergence d\u2019une dynamique sans pr\u00e9c\u00e9dent d\u00e9ployant des efforts in\u00e9dits pour faire front \u00e0 cette pand\u00e9mie. Cette mobilisation s\u2019est fortement ressentie avec l\u2019engouement constat\u00e9 de toutes les forces vives pour verser des dons au Fonds anti Covid-19.<\/span><\/strong><\/span><span id=\"more-342365\"\/><\/p>\n<p><a href=\"http:\/\/aujourdhui.ma\/wp-content\/uploads\/2020\/04\/Younes-Shaimi.jpg?x29840\"><img loading=\"lazy\" decoding=\"async\" class=\" wp-image-340385\" src=\"http:\/\/aujourdhui.ma\/wp-content\/uploads\/2020\/04\/Younes-Shaimi.jpg?x29840\" alt=\"\" width=\"221\" height=\"225\" srcset=\"http:\/\/aujourdhui.ma\/wp-content\/uploads\/2020\/04\/Younes-Shaimi.jpg 373w, http:\/\/aujourdhui.ma\/wp-content\/uploads\/2020\/04\/Younes-Shaimi-294x300.jpg 294w\" sizes=\"auto, (max-width: 221px) 100vw, 221px\"\/><\/a><span class=\"c6\"><strong>Par Younes Shaimi<\/strong><\/span><\/p>\n<p>En ces temps de crise hors cadre avec des r\u00e9percussions tous azimuts qui \u00e9branlent l\u2019\u00e9conomie mondiale, tous les gouvernements ont \u00e9t\u00e9 contraints \u00e0 prendre des d\u00e9cisions cons\u00e9quentes et in\u00e9dites tant sur le plan social qu\u2019\u00e9conomique, outrepassant les r\u00e8gles reconnues mondialement, pour freiner la diffusion du virus \u00e0 travers le confinement et endiguer la perte d\u2019activit\u00e9 \u00e9conomique qui en d\u00e9coule.<\/p>\n<p>A l\u2019instar des autres pays, notre \u00e9conomie nationale n\u2019\u00e9chappe pas \u00e0 la r\u00e9cession impos\u00e9e par cette crise pand\u00e9mique. Selon le HCP, la croissance de l\u2019\u00e9conomie nationale serait en d\u00e9clin lors du deuxi\u00e8me trimestre 2020 avec une pr\u00e9vision \u00e0 -1,8%. La p\u00e9nalisation de certains secteurs d\u2019activit\u00e9s (industrie, b\u00e2timent, services marchands, tourisme,\u2026) et la baisse des revenus des m\u00e9nages observ\u00e9e suite au confinement entr\u00e9 en vigueur depuis mi-mars 2020, accompagn\u00e9 d\u2019un r\u00e9tr\u00e9cissement av\u00e9r\u00e9 de la demande \u00e9trang\u00e8re adress\u00e9e au Maroc, conduiront notre \u00e9conomie \u00e0 une r\u00e9cession en 2020 dont le taux serait entre 4 et 4,5%.<br \/>En ces circonstances, et sous la clairvoyance du Souverain, les pouvoirs publics ont pris, par anticipation, de consid\u00e9rables mesures sociales et \u00e9conomiques, pour parer \u00e0 cette crise et en att\u00e9nuer les impacts sur les m\u00e9nages, et permettre aux entreprises d\u2019y faire face.<\/p>\n<p>Sur le plan sanitaire, toutes les mesures n\u00e9cessaires ont \u00e9t\u00e9 prises pour renforcer la protection des citoyens et emp\u00eacher la propagation de l\u2019\u00e9pid\u00e9mie (fermetures des fronti\u00e8res, confinement, \u00e9ducation \u00e0 distance, gr\u00e2ce royale pour 5.654 d\u00e9tenus pour la pr\u00e9servation des \u00e9tablissements p\u00e9nitentiaires, production et distribution de masques \u2026).<br \/>Sur le plan \u00e9conomique et social, la d\u00e9cision royale de cr\u00e9ation du Fonds sp\u00e9cial pour la gestion de la pand\u00e9mie fut immanente, permettant dans l\u2019imm\u00e9diat le d\u00e9blocage de fonds pour des aides directes aux m\u00e9nages vuln\u00e9rables.<br \/>Dans le m\u00eame sens, pour permette \u00e0 notre pays de contenir les retomb\u00e9es de la crise sur la balance des paiements, les pouvoirs publics ont autoris\u00e9 le d\u00e9plafonnement de l\u2019endettement du Tr\u00e9sor public et ont proc\u00e9d\u00e9 \u00e0 l\u2019activation du m\u00e9canisme du LPL (ligne de pr\u00e9caution et de liquidit\u00e9), par le tirage aupr\u00e8s du FMI de 3 milliards de dollars (environ 3% du PIB).<\/p>\n<p>Pareillement, d\u2019autres mesures administratives et fiscales exceptionnelles ont \u00e9t\u00e9 mises en \u0153uvre pour acc\u00e9l\u00e9rer le processus de paiement des entreprises, suspendre provisoirement les cotisations sociales, reporter des \u00e9ch\u00e9ances des cr\u00e9dits bancaires, instaurer le travail \u00e0 distance, suspendre les contr\u00f4les fiscaux et les ATD, reporter les \u00e9ch\u00e9ances des obligations fiscales pour certaines entreprises\u2026<br \/>La vague de solidarit\u00e9 a permis l\u2019\u00e9mergence d\u2019une dynamique sans pr\u00e9c\u00e9dent d\u00e9ployant des efforts in\u00e9dits pour faire front \u00e0 cette pand\u00e9mie. Cette mobilisation s\u2019est fortement ressentie avec l\u2019engouement constat\u00e9 de toutes les forces vives pour verser des dons au Fonds anti Covid-19.<br \/>Nos concitoyens ont pris part \u00e0 l\u2019\u00e9lan national de solidarit\u00e9 en faisant preuve de beaucoup de patriotisme et de civisme. Des initiatives citoyennes ont \u00e9t\u00e9 constat\u00e9es ; 1) certains h\u00f4teliers et cliniques priv\u00e9es ont mis \u00e0 la disposition des autorit\u00e9s un certain nombre de lits, 2) des concessionnaires automobiles ont fait don de v\u00e9hicules pour enrichir le parc des ambulances, 3) des m\u00e9decins qui proposent des consultations en ligne, 4) des artistes et sportifs qui prennent en charge un certain nombre de familles, 5) des ing\u00e9nieurs qui ne tarissent pas d\u2019efforts pour innover et inventer des \u00e9quipements, notamment le premier respirateur marocain, 6) des commerces de proximit\u00e9 qui assurent les livraisons \u00e0 domicile, des associations qui se mobilisent\u2026.<br \/>La volont\u00e9 d\u2019agir et d\u2019aider est fort pr\u00e9sente et les actions ne cessent d\u2019affluer de tout bord. Pour mieux l\u2019orienter vers les besoins r\u00e9els, ne serait-il pas opportun de mettre en place une plateforme repr\u00e9sentant un espace d\u2019engagement, o\u00f9 associations, entreprises et particuliers peuvent proposer des actions concr\u00e8tes de solidarit\u00e9 face \u00e0 cette crise pand\u00e9mique.<\/p>\n<p>Dans la m\u00eame lign\u00e9e, et au-del\u00e0 des dons inject\u00e9s au fonds d\u00e9di\u00e9, les entreprises et les \u00e9tablissements publics pourront lancer des actions, notamment la fourniture des consommables de protection, de produits de d\u00e9sinfection et divers \u00e9quipements indispensables. Certaines entreprises publiques assurant des services publics peuvent m\u00eame d\u00e9cr\u00e9ter le report de paiement, voire l\u2019exon\u00e9ration, de leurs prestations \u00e0 l\u2019apr\u00e8s-crise et ce, \u00e0 l\u2019instar des banques qui ont report\u00e9 les \u00e9ch\u00e9ances de paiement des cr\u00e9dits\u2026.<\/p>\n<p>Dans le m\u00eame sens, en cette p\u00e9riode morose, alors que sous d\u2019autres cieux des gouvernements r\u00e9fl\u00e9chissent \u00e0 imposer exceptionnellement les plus riches, ne serait-il pas n\u00e9cessaire et opportun que les grands contribuables de notre pays s\u2019acquittent de leurs imp\u00f4ts. La pr\u00e9sente pand\u00e9mie a fait surgir une dynamique exceptionnelle, de solidarit\u00e9 et de coh\u00e9sion, qui souhaitons-le, perdura.<br \/>Plus que jamais, notre nation a besoin d\u2019engagement et de collaboration afin de trouver des solutions b\u00e9n\u00e9fiques \u00e0 tous.<br \/>Alors agissons ensemble !<\/p>\n<p>Auteur: ALM<br \/>\n<a href=\"http:\/\/aujourdhui.ma\/societe\/agissons-ensemble-contre-le-covid-19\">Cliquez ici pour lire l&rsquo;article depuis sa source.<\/a><\/p>\n","protected":false},"excerpt":{"rendered":"<p>La vague de solidarit\u00e9 a permis l\u2019\u00e9mergence d\u2019une dynamique sans pr\u00e9c\u00e9dent d\u00e9ployant des efforts in\u00e9dits pour faire front \u00e0 cette pand\u00e9mie. Cette mobilisation s\u2019est fortement ressentie avec l\u2019engouement constat\u00e9 de toutes les forces vives pour verser des dons au Fonds anti Covid-19. Par Younes Shaimi En ces temps de crise hors cadre avec des r\u00e9percussions [&hellip;]<\/p>\n","protected":false},"author":1759,"featured_media":0,"comment_status":"closed","ping_status":"closed","sticky":false,"template":"","format":"standard","meta":{"fifu_image_url":"","fifu_image_alt":"","footnotes":""},"categories":[73,54],"tags":[],"class_list":["post-82990","post","type-post","status-publish","format-standard","hentry","category-actualite","category-maroc"],"_links":{"self":[{"href":"https:\/\/linitiative.ca\/International\/wp-json\/wp\/v2\/posts\/82990","targetHints":{"allow":["GET"]}}],"collection":[{"href":"https:\/\/linitiative.ca\/International\/wp-json\/wp\/v2\/posts"}],"about":[{"href":"https:\/\/linitiative.ca\/International\/wp-json\/wp\/v2\/types\/post"}],"author":[{"embeddable":true,"href":"https:\/\/linitiative.ca\/International\/wp-json\/wp\/v2\/users\/1759"}],"replies":[{"embeddable":true,"href":"https:\/\/linitiative.ca\/International\/wp-json\/wp\/v2\/comments?post=82990"}],"version-history":[{"count":0,"href":"https:\/\/linitiative.ca\/International\/wp-json\/wp\/v2\/posts\/82990\/revisions"}],"wp:attachment":[{"href":"https:\/\/linitiative.ca\/International\/wp-json\/wp\/v2\/media?parent=82990"}],"wp:term":[{"taxonomy":"category","embeddable":true,"href":"https:\/\/linitiative.ca\/International\/wp-json\/wp\/v2\/categories?post=82990"},{"taxonomy":"post_tag","embeddable":true,"href":"https:\/\/linitiative.ca\/International\/wp-json\/wp\/v2\/tags?post=82990"}],"curies":[{"name":"wp","href":"https:\/\/api.w.org\/{rel}","templated":true}]}}