{"id":82994,"date":"2020-04-21T11:29:13","date_gmt":"2020-04-21T15:29:13","guid":{"rendered":"https:\/\/linitiative.ca\/International\/cafe-finkom-un-espace-virtuel-de-debats-sur-les-themes-lies-a-la-pandemie%ef%bb%bf\/"},"modified":"2020-04-21T11:29:13","modified_gmt":"2020-04-21T15:29:13","slug":"cafe-finkom-un-espace-virtuel-de-debats-sur-les-themes-lies-a-la-pandemie%ef%bb%bf","status":"publish","type":"post","link":"https:\/\/linitiative.ca\/International\/cafe-finkom-un-espace-virtuel-de-debats-sur-les-themes-lies-a-la-pandemie%ef%bb%bf\/","title":{"rendered":"\u00abCaf\u00e9 Finkom\u00bb, un espace virtuel de d\u00e9bats sur les th\u00e8mes li\u00e9s \u00e0 la pand\u00e9mie\ufeff"},"content":{"rendered":"<div>\n<p style=\"text-align:right\"><strong>Nadia Abram (MAP)<\/strong><\/p>\n<p style=\"color:#2c06e5\" class=\"has-text-color\"><strong>La conjoncture actuelle marqu&eacute;e par la propagation de la pand&eacute;mie du covid-19 a donn&eacute; naissance &agrave; d&rsquo;initiatives virtuelles dict&eacute;es par la p&eacute;riode du confinement ayant oblig&eacute; les citoyens &agrave; s&rsquo;abstenir de pratiquer leurs activit&eacute;s habituelles et de fr&eacute;quenter leurs lieux de pr&eacute;dilection.<\/strong><\/p>\n<p>La mise en<br \/>\nquarantaine &eacute;tait une occasion d&rsquo;envisager des initiatives pour briser la<br \/>\nroutine du quotidien, en particulier pour ceux qui trouvaient dans les caf&eacute;s un<br \/>\nlieu de d&eacute;tente et ceux habitu&eacute;s &agrave; assister &agrave; diff&eacute;rentes rencontres et<br \/>\nmanifestations.<\/p>\n<p>Des jeunes du<br \/>\nmonde num&eacute;rique ont trouv&eacute; leur compte &agrave; travers l&rsquo;ouverture d&rsquo;un caf&eacute; virtuel<br \/>\nbaptis&eacute; &laquo;Caf&eacute; finkom&raquo; pour profiter du temps dans le cadre d&rsquo;une initiative qui<br \/>\nse r&eacute;sume: &laquo;buvons du caf&eacute; &agrave; la maison et discutons d&rsquo;&eacute;v&egrave;nements de la journ&eacute;e&raquo;.<\/p>\n<p>Les sujets<br \/>\nd&eacute;battus par le caf&eacute; depuis son lancement le 20 mars dernier sont li&eacute;s &agrave; la<br \/>\npand&eacute;mie du nouveau coronavirus, notamment la violence domestique et ses<br \/>\nr&eacute;percussions sociales, la situation et les probl&egrave;mes des migrants au Maroc,<br \/>\nles besoins des personnes en situation de handicap, la journ&eacute;e mondiale de la<br \/>\nsant&eacute;, et les politiques &agrave; adopter pour faire face &agrave; cette crise sanitaire.<\/p>\n<p>Le caf&eacute;, qui<br \/>\ndiffuse les interventions en direct, deux heures durant, fait l&rsquo;objet d&rsquo;int&eacute;r&ecirc;t<br \/>\nde milliers de membres du r&eacute;seau social facebook.<\/p>\n<p>Dans ce<br \/>\ncontexte, Younes Naji, du forum Alternatives Maroc, souligne que l&rsquo;id&eacute;e de<br \/>\ncr&eacute;ation de ce caf&eacute; a &eacute;t&eacute; impos&eacute;e par l&rsquo;&eacute;tat d&rsquo;urgence sanitaire, l&rsquo;adoption du<br \/>\nt&eacute;l&eacute;travail, et l&rsquo;impossibilit&eacute; de fr&eacute;quenter les caf&eacute;s en cette p&eacute;riode.<\/p>\n<p>Il a ajout&eacute;,<br \/>\ndans une d&eacute;claration &agrave; la MAP, que le &laquo;t&eacute;l&eacute;travail a renforc&eacute; le contact entre<br \/>\nun ami et moi, &agrave; travers le recours aux moyens de communication disponibles, ce<br \/>\nqui nous a pouss&eacute;s &agrave; r&eacute;fl&eacute;chir &agrave; la cr&eacute;ation d&rsquo;un large espace de d&eacute;bat pour<br \/>\nsortir d&rsquo;un cadre priv&eacute; &agrave; un autre public impliquant un grand nombre de<br \/>\npersonnes, lors de rencontres dans un caf&eacute; virtuel comme alternative &agrave; un vrai<br \/>\ncaf&eacute;&raquo;.<\/p>\n<p>Le caf&eacute; finkom<br \/>\nreste ouvert au monde et aux personnes qui ne se connaissent pas, &agrave; la<br \/>\ndiff&eacute;rence du caf&eacute; habituel o&ugrave; se rencontrent des gens qui se connaissent d&eacute;j&agrave;,<br \/>\nmais sans pr&ecirc;ter attention aux autres pr&eacute;sents, a-t-il expliqu&eacute;.<\/p>\n<p>Les sujets<br \/>\nd&eacute;battus sont li&eacute;s &agrave; la conjoncture de la pand&eacute;mie o&ugrave; les participants posent<br \/>\ndes questions et pr&eacute;sentent des propositions qui sont prises en compte par les<br \/>\nresponsables du caf&eacute;.<\/p>\n<p>Pour le<br \/>\nlancement de ce caf&eacute;, on a contact&eacute; des amis au d&eacute;but de Jordanie, de Palestine<br \/>\net de France, a fait savoir M. Younes, ajoutant que cette exp&eacute;rience, qui a eu<br \/>\nun &eacute;cho favorable aupr&egrave;s de plusieurs personnes, a &eacute;t&eacute; &eacute;largie, &agrave; travers des<br \/>\ns&eacute;ances de d&eacute;bat, sur sa page facebook.<\/p>\n<p>Pour lui, le<br \/>\ncaf&eacute; finkom, cet espace culturel virtuel, a pour objectif de consolider les<br \/>\nliens d&rsquo;amiti&eacute; entre ses membres pour le partage d&rsquo;id&eacute;es et de propositions, et<br \/>\nde tisser de nouvelles relations avec des experts et cadres sp&eacute;cialis&eacute;s, entre<br \/>\nautres, ayant &eacute;t&eacute; &agrave; l&rsquo;origine d&rsquo;initiatives citoyennes.<\/p>\n<p>Plusieurs<br \/>\njournalistes, hors du Maroc, et des membres de la communaut&eacute; marocaine &agrave;<br \/>\nl&rsquo;&eacute;tranger, notamment en Europe, ont interagi avec cet espace, alors que<br \/>\nd&rsquo;autres ont propos&eacute; une ouverture &eacute;tendue au monde arabe, notamment de l&rsquo;Irak,<br \/>\nde la Jordanie et de la Syrie, afin de d&eacute;battre de th&egrave;mes qui int&eacute;ressent la<br \/>\nr&eacute;gion.<\/p>\n<p>M. Younes a<br \/>\nconclu qu&rsquo;&agrave; la fin de la pand&eacute;mie son groupe continuera &agrave; d&eacute;velopper ce projet,<br \/>\nvia les nouveaux moyens de communication, &agrave; travers l&rsquo;implication de personnes<br \/>\nexer&ccedil;ant diverses activit&eacute;s dans diff&eacute;rentes r&eacute;gions de la plan&egrave;te, pour<br \/>\nl&rsquo;organisation de s&eacute;ances-d&eacute;bats &agrave; distance.<\/p>\n<p>Cette initiative<br \/>\nvise principalement la consolidation de la coh&eacute;sion et la solidarit&eacute; sociale,<br \/>\nselon lui, notant que &laquo;nous voulons un caf&eacute; pour tous qui accepte la diversit&eacute;<br \/>\net les divergences d&rsquo;opinions, un espace qui accueille tout le monde sans<br \/>\nexception&raquo;.<\/p>\n<p>L&rsquo;article <a rel=\"nofollow\" href=\"http:\/\/albayane.press.ma\/cafe-finkom-un-espace-virtuel-de-debats-sur-les-themes-lies-a-la-pandemie%EF%BB%BF.html\">&laquo;Caf&eacute; Finkom&raquo;, un espace virtuel de d&eacute;bats sur les th&egrave;mes li&eacute;s &agrave; la pand&eacute;mie&#65279;<\/a> est apparu en premier sur <a rel=\"nofollow\" href=\"http:\/\/albayane.press.ma\/\">ALBAYANE<\/a>.<\/p>\n<\/div>\n<p>Auteur: M&rsquo;hammed rahal<br \/>\n<a href=\"http:\/\/albayane.press.ma\/cafe-finkom-un-espace-virtuel-de-debats-sur-les-themes-lies-a-la-pandemie%EF%BB%BF.html\">Cliquez ici pour lire l&rsquo;article depuis sa source.<\/a><\/p>\n","protected":false},"excerpt":{"rendered":"<p>Nadia Abram (MAP) La conjoncture actuelle marqu&eacute;e par la propagation de la pand&eacute;mie du covid-19 a donn&eacute; naissance &agrave; d&rsquo;initiatives virtuelles dict&eacute;es par la p&eacute;riode du confinement ayant oblig&eacute; les citoyens &agrave; s&rsquo;abstenir de pratiquer leurs activit&eacute;s habituelles et de fr&eacute;quenter leurs lieux de pr&eacute;dilection. La mise en quarantaine &eacute;tait une occasion d&rsquo;envisager des initiatives [&hellip;]<\/p>\n","protected":false},"author":1760,"featured_media":0,"comment_status":"closed","ping_status":"closed","sticky":false,"template":"","format":"standard","meta":{"fifu_image_url":"","fifu_image_alt":"","footnotes":""},"categories":[73,54],"tags":[],"class_list":["post-82994","post","type-post","status-publish","format-standard","hentry","category-actualite","category-maroc"],"_links":{"self":[{"href":"https:\/\/linitiative.ca\/International\/wp-json\/wp\/v2\/posts\/82994","targetHints":{"allow":["GET"]}}],"collection":[{"href":"https:\/\/linitiative.ca\/International\/wp-json\/wp\/v2\/posts"}],"about":[{"href":"https:\/\/linitiative.ca\/International\/wp-json\/wp\/v2\/types\/post"}],"author":[{"embeddable":true,"href":"https:\/\/linitiative.ca\/International\/wp-json\/wp\/v2\/users\/1760"}],"replies":[{"embeddable":true,"href":"https:\/\/linitiative.ca\/International\/wp-json\/wp\/v2\/comments?post=82994"}],"version-history":[{"count":0,"href":"https:\/\/linitiative.ca\/International\/wp-json\/wp\/v2\/posts\/82994\/revisions"}],"wp:attachment":[{"href":"https:\/\/linitiative.ca\/International\/wp-json\/wp\/v2\/media?parent=82994"}],"wp:term":[{"taxonomy":"category","embeddable":true,"href":"https:\/\/linitiative.ca\/International\/wp-json\/wp\/v2\/categories?post=82994"},{"taxonomy":"post_tag","embeddable":true,"href":"https:\/\/linitiative.ca\/International\/wp-json\/wp\/v2\/tags?post=82994"}],"curies":[{"name":"wp","href":"https:\/\/api.w.org\/{rel}","templated":true}]}}