{"id":82996,"date":"2020-04-21T11:44:03","date_gmt":"2020-04-21T15:44:03","guid":{"rendered":"https:\/\/linitiative.ca\/International\/liberte-de-la-presse-la-tunisie-conserve-sa-72e-place-au-classement-rsf\/"},"modified":"2020-04-21T11:44:03","modified_gmt":"2020-04-21T15:44:03","slug":"liberte-de-la-presse-la-tunisie-conserve-sa-72e-place-au-classement-rsf","status":"publish","type":"post","link":"https:\/\/linitiative.ca\/International\/liberte-de-la-presse-la-tunisie-conserve-sa-72e-place-au-classement-rsf\/","title":{"rendered":"Libert\u00e9 de la presse : La Tunisie conserve sa 72e place au classement RSF"},"content":{"rendered":"<p>La Tunisie a conserv\u00e9 sa 72e place dans le classement mondial de la libert\u00e9 de la presse au titre de 2020, \u00e9tabli par Reporters Sans Fronti\u00e8res (RSF) et mis en ligne mardi sur le portail de l\u2019Organisation. Le classement concerne 180 pays.<\/p>\n<p>D\u2019apr\u00e8s le rapport, la Tunisie fait figure d\u2019exception dans ce classement marqu\u00e9 cette ann\u00e9e par une r\u00e9gression de la libert\u00e9 de la presse dans plusieurs pays, y compris les pays d\u00e9mocratiques.<\/p>\n<p>\u00ab Malgr\u00e9 des r\u00e9formes retard\u00e9es dans le secteur m\u00e9diatique, la Tunisie est la mieux class\u00e9e en Afrique du Nord \u00bb, fait ressortir le rapport.<\/p>\n<p>Elle devance ainsi le Maroc qui remonte de deux places au Classement 2020 (133e), l\u2019Alg\u00e9rie qui enregistre la plus forte baisse dans la r\u00e9gion (146e) et la Libye qui poursuit sa d\u00e9gringolade en perdant deux nouvelles places cette ann\u00e9e (164e).<\/p>\n<p>Selon le rapport, la Tunisie a poursuivi sa transition d\u00e9mocratique et a r\u00e9ussi \u00e0 jeter les fondements d\u2019un secteur m\u00e9diatique libre, ind\u00e9pendant et pluraliste.<\/p>\n<p>Cependant, ajoute le rapport, le nouveau cadre l\u00e9gal relatif au secteur m\u00e9diatique peine \u00e0 voir le jour depuis quelques ann\u00e9es, et le climat de travail des journalistes et des m\u00e9dias s\u2019est sensiblement d\u00e9t\u00e9rior\u00e9 depuis l\u2019\u00e9lection du nouveau pr\u00e9sident en fin d\u2019ann\u00e9e 2019.<\/p>\n<p>Au classement mondial 2020, la Norv\u00e8ge occupe toujours la premi\u00e8re, la Finlande (2e) et le Danemark rejoint cette ann\u00e9e le trio de t\u00eate.<\/p>\n<p>A noter que la Tunisie avait occup\u00e9 la m\u00eame place en 2019, la 96\u00e8me place en 2016, la 126\u00e8me en 2015, la 133\u00e8me place en 2014 et la 138\u00e8me place en 2013.<\/p>\n<div class=\"wp-post-author-wrap wp-post-author-shortcode left\">\n<h3 class=\"awpa-title\"\/>\n<div class=\"wp-post-author\">\n<div class=\"awpa-img awpa-author-block square\"><a href=\"http:\/\/lexpertjournal.net\/fr\/?author=5\"><img loading=\"lazy\" decoding=\"async\" alt=\"\" src=\"http:\/\/0.gravatar.com\/avatar\/97f8e10a1c1125ba104a76514ee07b16?s=150&amp;d=mm&amp;r=g\" srcset=\"http:\/\/0.gravatar.com\/avatar\/97f8e10a1c1125ba104a76514ee07b16?s=300&amp;d=mm&amp;r=g 2x\" class=\"avatar avatar-150 photo\" height=\"150\" width=\"150\"\/><\/a><\/div>\n<\/div>\n<\/div>\n<aside class=\"mashsb-container mashsb-main mashsb-stretched\">\n<\/aside>\n<p>Auteur: L&rsquo;expert<br \/>\n<a href=\"http:\/\/lexpertjournal.net\/fr\/?p=14163\">Cliquez ici pour lire l&rsquo;article depuis sa source.<\/a><\/p>\n","protected":false},"excerpt":{"rendered":"<p>La Tunisie a conserv\u00e9 sa 72e place dans le classement mondial de la libert\u00e9 de la presse au titre de 2020, \u00e9tabli par Reporters Sans Fronti\u00e8res (RSF) et mis en ligne mardi sur le portail de l\u2019Organisation. Le classement concerne 180 pays. D\u2019apr\u00e8s le rapport, la Tunisie fait figure d\u2019exception dans ce classement marqu\u00e9 cette [&hellip;]<\/p>\n","protected":false},"author":1775,"featured_media":0,"comment_status":"closed","ping_status":"closed","sticky":false,"template":"","format":"standard","meta":{"fifu_image_url":"","fifu_image_alt":"","footnotes":""},"categories":[78,55],"tags":[],"class_list":["post-82996","post","type-post","status-publish","format-standard","hentry","category-economie","category-tunisie"],"_links":{"self":[{"href":"https:\/\/linitiative.ca\/International\/wp-json\/wp\/v2\/posts\/82996","targetHints":{"allow":["GET"]}}],"collection":[{"href":"https:\/\/linitiative.ca\/International\/wp-json\/wp\/v2\/posts"}],"about":[{"href":"https:\/\/linitiative.ca\/International\/wp-json\/wp\/v2\/types\/post"}],"author":[{"embeddable":true,"href":"https:\/\/linitiative.ca\/International\/wp-json\/wp\/v2\/users\/1775"}],"replies":[{"embeddable":true,"href":"https:\/\/linitiative.ca\/International\/wp-json\/wp\/v2\/comments?post=82996"}],"version-history":[{"count":0,"href":"https:\/\/linitiative.ca\/International\/wp-json\/wp\/v2\/posts\/82996\/revisions"}],"wp:attachment":[{"href":"https:\/\/linitiative.ca\/International\/wp-json\/wp\/v2\/media?parent=82996"}],"wp:term":[{"taxonomy":"category","embeddable":true,"href":"https:\/\/linitiative.ca\/International\/wp-json\/wp\/v2\/categories?post=82996"},{"taxonomy":"post_tag","embeddable":true,"href":"https:\/\/linitiative.ca\/International\/wp-json\/wp\/v2\/tags?post=82996"}],"curies":[{"name":"wp","href":"https:\/\/api.w.org\/{rel}","templated":true}]}}