{"id":82997,"date":"2020-04-21T11:46:03","date_gmt":"2020-04-21T15:46:03","guid":{"rendered":"https:\/\/linitiative.ca\/International\/familles-bloquees-a-djerba-programmation-des-retours-vers-les-gouvernorats-dorigine\/"},"modified":"2020-04-21T11:46:03","modified_gmt":"2020-04-21T15:46:03","slug":"familles-bloquees-a-djerba-programmation-des-retours-vers-les-gouvernorats-dorigine","status":"publish","type":"post","link":"https:\/\/linitiative.ca\/International\/familles-bloquees-a-djerba-programmation-des-retours-vers-les-gouvernorats-dorigine\/","title":{"rendered":"Familles bloqu\u00e9es \u00e0 Djerba : Programmation des retours vers les gouvernorats d\u2019origine"},"content":{"rendered":"<p>Les autorit\u00e9s locales \u00e0 Djerba ont entam\u00e9, mardi, la pr\u00e9paration des listes des familles et personnes rest\u00e9es bloqu\u00e9es \u00e0 Djerba depuis la fermeture de cette r\u00e9gion suite \u00e0 l\u2019apparition<\/p>\n<p>de plusieurs foyers de contamination au covid-19, a indiqu\u00e9 Habib Chaouat, gouverneur de M\u00e9denine.<\/p>\n<p>L\u2019objectif de cette op\u00e9ration est de faciliter la coordination avec les autorit\u00e9s r\u00e9gionales dans chaque gouvernorat pour assurer le transfert et le placement de ces familles dans des centres d\u2019isolement am\u00e9nag\u00e9s dans leurs r\u00e9gions respectives, a-t-il soulign\u00e9.<\/p>\n<p>A l\u2019Ecole primaire 2 mars \u00e0 Midoune, des jeunes volontaires ont assur\u00e9 l\u2019enregistrement des pr\u00e9noms et adresses de ces familles qui ont exprim\u00e9 leur impatience de retourner \u00e0 leurs domiciles.<\/p>\n<p>Plusieurs affirment ne plus pouvoir attendre encore \u00e0 Djerba compte-tenu de la d\u00e9gradation de leur situation financi\u00e8re et l\u2019incapacit\u00e9 de payer leurs loyers et charges \u00e0 cause de la suspension de leurs activit\u00e9s et la perte de leurs boulots notamment dans les secteurs du b\u00e2timent et du tourisme dus aux mesures de lutte contre la propagation du coronavirus.<\/p>\n<div class=\"wp-post-author-wrap wp-post-author-shortcode left\">\n<h3 class=\"awpa-title\"\/>\n<div class=\"wp-post-author\">\n<div class=\"awpa-img awpa-author-block square\"><a href=\"http:\/\/lexpertjournal.net\/fr\/?author=5\"><img loading=\"lazy\" decoding=\"async\" alt=\"\" src=\"http:\/\/0.gravatar.com\/avatar\/97f8e10a1c1125ba104a76514ee07b16?s=150&amp;d=mm&amp;r=g\" srcset=\"http:\/\/0.gravatar.com\/avatar\/97f8e10a1c1125ba104a76514ee07b16?s=300&amp;d=mm&amp;r=g 2x\" class=\"avatar avatar-150 photo\" height=\"150\" width=\"150\"\/><\/a><\/div>\n<\/div>\n<\/div>\n<aside class=\"mashsb-container mashsb-main mashsb-stretched\">\n<\/aside>\n<p>Auteur: L&rsquo;expert<br \/>\n<a href=\"http:\/\/lexpertjournal.net\/fr\/?p=14166\">Cliquez ici pour lire l&rsquo;article depuis sa source.<\/a><\/p>\n","protected":false},"excerpt":{"rendered":"<p>Les autorit\u00e9s locales \u00e0 Djerba ont entam\u00e9, mardi, la pr\u00e9paration des listes des familles et personnes rest\u00e9es bloqu\u00e9es \u00e0 Djerba depuis la fermeture de cette r\u00e9gion suite \u00e0 l\u2019apparition de plusieurs foyers de contamination au covid-19, a indiqu\u00e9 Habib Chaouat, gouverneur de M\u00e9denine. L\u2019objectif de cette op\u00e9ration est de faciliter la coordination avec les autorit\u00e9s [&hellip;]<\/p>\n","protected":false},"author":1775,"featured_media":0,"comment_status":"closed","ping_status":"closed","sticky":false,"template":"","format":"standard","meta":{"fifu_image_url":"","fifu_image_alt":"","footnotes":""},"categories":[78,55],"tags":[],"class_list":["post-82997","post","type-post","status-publish","format-standard","hentry","category-economie","category-tunisie"],"_links":{"self":[{"href":"https:\/\/linitiative.ca\/International\/wp-json\/wp\/v2\/posts\/82997","targetHints":{"allow":["GET"]}}],"collection":[{"href":"https:\/\/linitiative.ca\/International\/wp-json\/wp\/v2\/posts"}],"about":[{"href":"https:\/\/linitiative.ca\/International\/wp-json\/wp\/v2\/types\/post"}],"author":[{"embeddable":true,"href":"https:\/\/linitiative.ca\/International\/wp-json\/wp\/v2\/users\/1775"}],"replies":[{"embeddable":true,"href":"https:\/\/linitiative.ca\/International\/wp-json\/wp\/v2\/comments?post=82997"}],"version-history":[{"count":0,"href":"https:\/\/linitiative.ca\/International\/wp-json\/wp\/v2\/posts\/82997\/revisions"}],"wp:attachment":[{"href":"https:\/\/linitiative.ca\/International\/wp-json\/wp\/v2\/media?parent=82997"}],"wp:term":[{"taxonomy":"category","embeddable":true,"href":"https:\/\/linitiative.ca\/International\/wp-json\/wp\/v2\/categories?post=82997"},{"taxonomy":"post_tag","embeddable":true,"href":"https:\/\/linitiative.ca\/International\/wp-json\/wp\/v2\/tags?post=82997"}],"curies":[{"name":"wp","href":"https:\/\/api.w.org\/{rel}","templated":true}]}}