{"id":82998,"date":"2020-04-21T11:47:50","date_gmt":"2020-04-21T15:47:50","guid":{"rendered":"https:\/\/linitiative.ca\/International\/fonds-allemand-de-developpement-pour-tous-appel-a-projets-pour-lannee-2020\/"},"modified":"2020-04-21T11:47:50","modified_gmt":"2020-04-21T15:47:50","slug":"fonds-allemand-de-developpement-pour-tous-appel-a-projets-pour-lannee-2020","status":"publish","type":"post","link":"https:\/\/linitiative.ca\/International\/fonds-allemand-de-developpement-pour-tous-appel-a-projets-pour-lannee-2020\/","title":{"rendered":"Fonds allemand de d\u00e9veloppement pour tous : Appel \u00e0 projets pour l\u2019ann\u00e9e 2020"},"content":{"rendered":"<p>L\u2019ambassade d\u2019Allemagne en Tunisie a annonc\u00e9 mardi sur sa page officielle que dans le cadre de la coop\u00e9ration au d\u00e9veloppement avec la Tunisie, le Gouvernement de la R\u00e9publique f\u00e9d\u00e9rale d\u2019Allemagne lance un appel \u00e0 projets pour l\u2019ann\u00e9e 2020 dans le cadre du fonds de d\u00e9veloppement pour tous mis en place pour financer des projets d\u2019associations tunisiennes \u00e0 vocation sociale.<\/p>\n<p>Gr\u00e2ce \u00e0 son fonds de financement de micro-projets \u00e0 l\u2019\u00e9chelle locale, l\u2019ambassade est en mesure de financer, de mani\u00e8re rapide et flexible, des projets associatifs r\u00e9pondants aux difficult\u00e9s ponctuelles de la population et qui tiennent compte des besoins \u00e9l\u00e9mentaires des couches socio-\u00e9conomiques les plus d\u00e9munies dans les r\u00e9gions d\u00e9favoris\u00e9es.<\/p>\n<p>Pour r\u00e9aliser cet objectif, l\u2019ambassade peut financer, par exemple, l\u2019acquisition de biens mat\u00e9riels, l\u2019\u00e9quipement ou des travaux de construction, l\u2019am\u00e9nagement et la r\u00e9novation de lieux d\u00e9di\u00e9s \u00e0 l\u2019am\u00e9lioration de la vie sociale.<\/p>\n<p>Les micro-projets doivent \u00eatre d\u2019int\u00e9r\u00eat commun et avoir un impact imm\u00e9diat.<\/p>\n<p>Selon le communiqu\u00e9, le fonds vise \u00e0 dynamiser les initiatives de la soci\u00e9t\u00e9 civile locale, contribuer au d\u00e9veloppement social et \u00e9conomique, lutter contre la pauvret\u00e9 et am\u00e9liorer les conditions de vie et contribuer \u00e0 la r\u00e9alisation des Objectifs de D\u00e9veloppement Durable, ODD.<\/p>\n<p>D\u2019apr\u00e8s la m\u00eame source, les projets propos\u00e9s pour le \u00bb fonds d\u2019aide au d\u00e9veloppement et de lutte contre la pauvret\u00e9 \u00bb doivent \u00eatre inscrits dans les th\u00e9matiques li\u00e9es \u00e0 l\u2019\u00e9ducation, l\u2019infrastructure, la sant\u00e9 et l\u2019assainissement, la protection de l\u2019environnement, la cr\u00e9ation d\u2019emploi et l\u2019am\u00e9lioration des revenus pour les femmes au foyer et jeunes ch\u00f4meurs.<\/p>\n<p>Parmi les crit\u00e8res d\u2019\u00e9ligibilit\u00e9 c\u2019est que le projet doit avoir un impact mesurable et direct sur la population locale cible et doit \u00eatre r\u00e9alis\u00e9 avant fin d\u00e9cembre 2020. Le budget maximal est fix\u00e9 \u00e0 25.000 Euro\/ projet avec la n\u00e9cessit\u00e9 de fournir un apport en fonds propres.<\/p>\n<p>Les projets \u00e0 caract\u00e8re purement individuel, familial, culturel, religieux, militaire ou provenant des entreprises priv\u00e9es ou de groupement mal ou non organis\u00e9s ne seront pas accept\u00e9s.<\/p>\n<p>A noter que la date limite de d\u00e9p\u00f4t des dossiers est fix\u00e9e au 26 avril 2020.<\/p>\n<p>Pour plus d\u2019informations, les associations int\u00e9ress\u00e9es peuvent acc\u00e9der au lien suivant <a href=\"https:\/\/tunis.diplo.de\/tn-fr\/ambassade\/-\/2182456\">https:\/\/tunis.diplo.de\/tn-fr\/ambassade\/-\/2182456<\/a><\/p>\n<div class=\"wp-post-author-wrap wp-post-author-shortcode left\">\n<h3 class=\"awpa-title\"\/>\n<div class=\"wp-post-author\">\n<div class=\"awpa-img awpa-author-block square\"><a href=\"http:\/\/lexpertjournal.net\/fr\/?author=5\"><img loading=\"lazy\" decoding=\"async\" alt=\"\" src=\"http:\/\/0.gravatar.com\/avatar\/97f8e10a1c1125ba104a76514ee07b16?s=150&amp;d=mm&amp;r=g\" srcset=\"http:\/\/0.gravatar.com\/avatar\/97f8e10a1c1125ba104a76514ee07b16?s=300&amp;d=mm&amp;r=g 2x\" class=\"avatar avatar-150 photo\" height=\"150\" width=\"150\"\/><\/a><\/div>\n<\/div>\n<\/div>\n<aside class=\"mashsb-container mashsb-main mashsb-stretched\">\n<\/aside>\n<p>Auteur: L&rsquo;expert<br \/>\n<a href=\"http:\/\/lexpertjournal.net\/fr\/?p=14169\">Cliquez ici pour lire l&rsquo;article depuis sa source.<\/a><\/p>\n","protected":false},"excerpt":{"rendered":"<p>L\u2019ambassade d\u2019Allemagne en Tunisie a annonc\u00e9 mardi sur sa page officielle que dans le cadre de la coop\u00e9ration au d\u00e9veloppement avec la Tunisie, le Gouvernement de la R\u00e9publique f\u00e9d\u00e9rale d\u2019Allemagne lance un appel \u00e0 projets pour l\u2019ann\u00e9e 2020 dans le cadre du fonds de d\u00e9veloppement pour tous mis en place pour financer des projets d\u2019associations [&hellip;]<\/p>\n","protected":false},"author":1775,"featured_media":0,"comment_status":"closed","ping_status":"closed","sticky":false,"template":"","format":"standard","meta":{"fifu_image_url":"","fifu_image_alt":"","footnotes":""},"categories":[78,55],"tags":[],"class_list":["post-82998","post","type-post","status-publish","format-standard","hentry","category-economie","category-tunisie"],"_links":{"self":[{"href":"https:\/\/linitiative.ca\/International\/wp-json\/wp\/v2\/posts\/82998","targetHints":{"allow":["GET"]}}],"collection":[{"href":"https:\/\/linitiative.ca\/International\/wp-json\/wp\/v2\/posts"}],"about":[{"href":"https:\/\/linitiative.ca\/International\/wp-json\/wp\/v2\/types\/post"}],"author":[{"embeddable":true,"href":"https:\/\/linitiative.ca\/International\/wp-json\/wp\/v2\/users\/1775"}],"replies":[{"embeddable":true,"href":"https:\/\/linitiative.ca\/International\/wp-json\/wp\/v2\/comments?post=82998"}],"version-history":[{"count":0,"href":"https:\/\/linitiative.ca\/International\/wp-json\/wp\/v2\/posts\/82998\/revisions"}],"wp:attachment":[{"href":"https:\/\/linitiative.ca\/International\/wp-json\/wp\/v2\/media?parent=82998"}],"wp:term":[{"taxonomy":"category","embeddable":true,"href":"https:\/\/linitiative.ca\/International\/wp-json\/wp\/v2\/categories?post=82998"},{"taxonomy":"post_tag","embeddable":true,"href":"https:\/\/linitiative.ca\/International\/wp-json\/wp\/v2\/tags?post=82998"}],"curies":[{"name":"wp","href":"https:\/\/api.w.org\/{rel}","templated":true}]}}