{"id":82999,"date":"2020-04-21T11:49:35","date_gmt":"2020-04-21T15:49:35","guid":{"rendered":"https:\/\/linitiative.ca\/International\/marche-suspect-des-bavettes-le-pdl-menace-saisir-la-justice\/"},"modified":"2020-04-21T11:49:35","modified_gmt":"2020-04-21T15:49:35","slug":"marche-suspect-des-bavettes-le-pdl-menace-saisir-la-justice","status":"publish","type":"post","link":"https:\/\/linitiative.ca\/International\/marche-suspect-des-bavettes-le-pdl-menace-saisir-la-justice\/","title":{"rendered":"March\u00e9 \u00ab suspect  \u00bb des bavettes :  Le PDL menace saisir la Justice"},"content":{"rendered":"<p>Le Parti destourien libre (PDL) a fermement d\u00e9nonc\u00e9 les d\u00e9clarations du chef du gouvernement Ely\u00e8s Fakhfakh sur le march\u00e9 \u00ab suspect \u00bb des bavettes en tissu lavable, laissant entendre qu\u2019il va saisir la Justice.<\/p>\n<p>Dans un communiqu\u00e9 rendu public, mardi, le parti a estim\u00e9 que les propos d\u2019Ely\u00e8s Fakhfakh encouragent \u00e0 la violation de la loi et constituent, par la m\u00eame, une tentative d\u2019influencer la justice qui s\u2019est saisie de l\u2019affaire.<\/p>\n<p>L\u2019objectif de la d\u00e9l\u00e9gation de pouvoir au chef du gouvernement est de faciliter l\u2019action gouvernementale en mati\u00e8re de lutte contre la pand\u00e9mie de coronavirus et ne permet en aucun cas de promulguer un d\u00e9cret-loi pour acc\u00e9l\u00e9rer la conclusion d\u2019un march\u00e9 \u00bb suspect\u00e9 de corruption \u00ab , se d\u00e9sole le parti.<\/p>\n<p>Pour cette formation politique, le parlement devient, d\u00e9sormais, \u00bb une tribune de blanchiment de terrorisme et de diffusion de la pens\u00e9e takfiriste \u00ab . Le PDL a mis en garde contre tout retour des pratiques du gouvernement de la Tro\u00efka.<\/p>\n<p>Par ailleurs, le parti a dit rejeter la nomination d\u2019un nouveau directeur des soins la sant\u00e9 de base, connu, selon le PDL, pour \u00bb ses publications qui font l\u2019\u00e9loge des figures des organisations terroristes \u00ab .<\/p>\n<p>A ce propos, le parti destourien libre a d\u00e9cid\u00e9 de poursuivre en justice le chef du gouvernement et certains ministres et de saisir la justice pour annuler certaines d\u00e9cisions de nomination.<\/p>\n<p>Les services du ministre d\u2019Etat aupr\u00e8s du chef du gouvernement charg\u00e9 de la Fonction publique, de la gouvernance et de la lutte contre la corruption avaient annonc\u00e9 la mobilisation d\u2019une \u00e9quipe relevant de la commission g\u00e9n\u00e9rale de contr\u00f4le des d\u00e9penses publiques pour effectuer une mission de contr\u00f4le sur la fabrication des bavettes non m\u00e9dicales et que cette \u00e9quipe a commenc\u00e9 son travail.<\/p>\n<p>De son c\u00f4t\u00e9, l\u2019Instance nationale pour la lutte contre la corruption (INLUCC) a fait \u00e9tat d\u2019une suspicion de corruption relative \u00e0 deux march\u00e9s de fabrication de 30 millions de bavettes et de deux millions de masques au profit des minist\u00e8res de l\u2019Industrie, de la Sant\u00e9 et du Commerce.<\/p>\n<p>L\u2019INLUCC a affirm\u00e9 avoir inform\u00e9 le chef du gouvernement de ces soup\u00e7ons. Le dossier a \u00e9t\u00e9 transf\u00e9r\u00e9 au procureur de la R\u00e9publique aupr\u00e8s du tribunal de premi\u00e8re instance de Tunis pour diligenter une enqu\u00eate.<\/p>\n<div class=\"wp-post-author-wrap wp-post-author-shortcode left\">\n<h3 class=\"awpa-title\"\/>\n<div class=\"wp-post-author\">\n<div class=\"awpa-img awpa-author-block square\"><a href=\"http:\/\/lexpertjournal.net\/fr\/?author=5\"><img loading=\"lazy\" decoding=\"async\" alt=\"\" src=\"http:\/\/0.gravatar.com\/avatar\/97f8e10a1c1125ba104a76514ee07b16?s=150&amp;d=mm&amp;r=g\" srcset=\"http:\/\/0.gravatar.com\/avatar\/97f8e10a1c1125ba104a76514ee07b16?s=300&amp;d=mm&amp;r=g 2x\" class=\"avatar avatar-150 photo\" height=\"150\" width=\"150\"\/><\/a><\/div>\n<\/div>\n<\/div>\n<aside class=\"mashsb-container mashsb-main mashsb-stretched\">\n<\/aside>\n<p>Auteur: L&rsquo;expert<br \/>\n<a href=\"http:\/\/lexpertjournal.net\/fr\/?p=14172\">Cliquez ici pour lire l&rsquo;article depuis sa source.<\/a><\/p>\n","protected":false},"excerpt":{"rendered":"<p>Le Parti destourien libre (PDL) a fermement d\u00e9nonc\u00e9 les d\u00e9clarations du chef du gouvernement Ely\u00e8s Fakhfakh sur le march\u00e9 \u00ab suspect \u00bb des bavettes en tissu lavable, laissant entendre qu\u2019il va saisir la Justice. Dans un communiqu\u00e9 rendu public, mardi, le parti a estim\u00e9 que les propos d\u2019Ely\u00e8s Fakhfakh encouragent \u00e0 la violation de la [&hellip;]<\/p>\n","protected":false},"author":1775,"featured_media":0,"comment_status":"closed","ping_status":"closed","sticky":false,"template":"","format":"standard","meta":{"fifu_image_url":"","fifu_image_alt":"","footnotes":""},"categories":[78,55],"tags":[],"class_list":["post-82999","post","type-post","status-publish","format-standard","hentry","category-economie","category-tunisie"],"_links":{"self":[{"href":"https:\/\/linitiative.ca\/International\/wp-json\/wp\/v2\/posts\/82999","targetHints":{"allow":["GET"]}}],"collection":[{"href":"https:\/\/linitiative.ca\/International\/wp-json\/wp\/v2\/posts"}],"about":[{"href":"https:\/\/linitiative.ca\/International\/wp-json\/wp\/v2\/types\/post"}],"author":[{"embeddable":true,"href":"https:\/\/linitiative.ca\/International\/wp-json\/wp\/v2\/users\/1775"}],"replies":[{"embeddable":true,"href":"https:\/\/linitiative.ca\/International\/wp-json\/wp\/v2\/comments?post=82999"}],"version-history":[{"count":0,"href":"https:\/\/linitiative.ca\/International\/wp-json\/wp\/v2\/posts\/82999\/revisions"}],"wp:attachment":[{"href":"https:\/\/linitiative.ca\/International\/wp-json\/wp\/v2\/media?parent=82999"}],"wp:term":[{"taxonomy":"category","embeddable":true,"href":"https:\/\/linitiative.ca\/International\/wp-json\/wp\/v2\/categories?post=82999"},{"taxonomy":"post_tag","embeddable":true,"href":"https:\/\/linitiative.ca\/International\/wp-json\/wp\/v2\/tags?post=82999"}],"curies":[{"name":"wp","href":"https:\/\/api.w.org\/{rel}","templated":true}]}}