{"id":83000,"date":"2020-04-21T11:52:03","date_gmt":"2020-04-21T15:52:03","guid":{"rendered":"https:\/\/linitiative.ca\/International\/infractions-aux-mesures-de-confinement-sanitaire-665-personnes-en-garde-a-vue-et-retrait-de-313-permis\/"},"modified":"2020-04-21T11:52:03","modified_gmt":"2020-04-21T15:52:03","slug":"infractions-aux-mesures-de-confinement-sanitaire-665-personnes-en-garde-a-vue-et-retrait-de-313-permis","status":"publish","type":"post","link":"https:\/\/linitiative.ca\/International\/infractions-aux-mesures-de-confinement-sanitaire-665-personnes-en-garde-a-vue-et-retrait-de-313-permis\/","title":{"rendered":"Infractions aux mesures de confinement sanitaire : 665 personnes en garde \u00e0 vue et retrait de 313 permis"},"content":{"rendered":"<p>Les unit\u00e9s de la Garde nationale ont plac\u00e9 en garde \u00e0 vue jusqu\u2019\u00e0 hier, lundi, 665 personnes ayant enfreint le confinement sanitaire, a indiqu\u00e9 le porte-parole de la Garde nationale Houssem Jebabli.<\/p>\n<p>Quelque 365 proc\u00e8s-verbaux et proc\u00e9dures d\u2019avertissement ont \u00e9t\u00e9 \u00e9galement \u00e9tablis contre les propri\u00e9taires de commerces pour non-respect des mesures de fermeture de leurs locaux, a annonc\u00e9, mardi, le porte-parole de la Garde nationale sur sa page officielle. Cent-quarante-huit personnes ont \u00e9t\u00e9 ainsi arr\u00eat\u00e9es, a-t-il ajout\u00e9.<\/p>\n<p>Les unit\u00e9s de la Garde nationale ont retir\u00e9 313 permis et 313 cartes crises et saisi un v\u00e9hicule le 20 avril 2020 dans les diff\u00e9rentes r\u00e9gions du pays pour non-respect des mesures de confinement, apprend-on de m\u00eame source.<\/p>\n<p>Entre la p\u00e9riode allant du 24 mars au 20 avril, 13554 permis et 13467 cartes grises ont \u00e9t\u00e9 retir\u00e9s par les unit\u00e9s de la Garde nationale.<\/p>\n<p>Il a \u00e9t\u00e9 aussi proc\u00e9d\u00e9 \u00e0 la fermeture des caf\u00e9s et autres commerces (262) et au placement de 418 personnes en garde \u00e0 vue. Quarante-quatre personnes devront compara\u00eetre devant le tribunal et des avertissements ont \u00e9t\u00e9 adress\u00e9s \u00e0 240 personnes ayant enfreint le couvre-feu.<\/p>\n<div class=\"wp-post-author-wrap wp-post-author-shortcode left\">\n<h3 class=\"awpa-title\"\/>\n<div class=\"wp-post-author\">\n<div class=\"awpa-img awpa-author-block square\"><a href=\"http:\/\/lexpertjournal.net\/fr\/?author=5\"><img loading=\"lazy\" decoding=\"async\" alt=\"\" src=\"http:\/\/0.gravatar.com\/avatar\/97f8e10a1c1125ba104a76514ee07b16?s=150&amp;d=mm&amp;r=g\" srcset=\"http:\/\/0.gravatar.com\/avatar\/97f8e10a1c1125ba104a76514ee07b16?s=300&amp;d=mm&amp;r=g 2x\" class=\"avatar avatar-150 photo\" height=\"150\" width=\"150\"\/><\/a><\/div>\n<\/div>\n<\/div>\n<aside class=\"mashsb-container mashsb-main mashsb-stretched\">\n<\/aside>\n<p>Auteur: L&rsquo;expert<br \/>\n<a href=\"http:\/\/lexpertjournal.net\/fr\/?p=14174\">Cliquez ici pour lire l&rsquo;article depuis sa source.<\/a><\/p>\n","protected":false},"excerpt":{"rendered":"<p>Les unit\u00e9s de la Garde nationale ont plac\u00e9 en garde \u00e0 vue jusqu\u2019\u00e0 hier, lundi, 665 personnes ayant enfreint le confinement sanitaire, a indiqu\u00e9 le porte-parole de la Garde nationale Houssem Jebabli. Quelque 365 proc\u00e8s-verbaux et proc\u00e9dures d\u2019avertissement ont \u00e9t\u00e9 \u00e9galement \u00e9tablis contre les propri\u00e9taires de commerces pour non-respect des mesures de fermeture de leurs [&hellip;]<\/p>\n","protected":false},"author":1775,"featured_media":0,"comment_status":"closed","ping_status":"closed","sticky":false,"template":"","format":"standard","meta":{"fifu_image_url":"","fifu_image_alt":"","footnotes":""},"categories":[78,55],"tags":[],"class_list":["post-83000","post","type-post","status-publish","format-standard","hentry","category-economie","category-tunisie"],"_links":{"self":[{"href":"https:\/\/linitiative.ca\/International\/wp-json\/wp\/v2\/posts\/83000","targetHints":{"allow":["GET"]}}],"collection":[{"href":"https:\/\/linitiative.ca\/International\/wp-json\/wp\/v2\/posts"}],"about":[{"href":"https:\/\/linitiative.ca\/International\/wp-json\/wp\/v2\/types\/post"}],"author":[{"embeddable":true,"href":"https:\/\/linitiative.ca\/International\/wp-json\/wp\/v2\/users\/1775"}],"replies":[{"embeddable":true,"href":"https:\/\/linitiative.ca\/International\/wp-json\/wp\/v2\/comments?post=83000"}],"version-history":[{"count":0,"href":"https:\/\/linitiative.ca\/International\/wp-json\/wp\/v2\/posts\/83000\/revisions"}],"wp:attachment":[{"href":"https:\/\/linitiative.ca\/International\/wp-json\/wp\/v2\/media?parent=83000"}],"wp:term":[{"taxonomy":"category","embeddable":true,"href":"https:\/\/linitiative.ca\/International\/wp-json\/wp\/v2\/categories?post=83000"},{"taxonomy":"post_tag","embeddable":true,"href":"https:\/\/linitiative.ca\/International\/wp-json\/wp\/v2\/tags?post=83000"}],"curies":[{"name":"wp","href":"https:\/\/api.w.org\/{rel}","templated":true}]}}