{"id":83003,"date":"2020-04-21T03:00:00","date_gmt":"2020-04-21T07:00:00","guid":{"rendered":"https:\/\/linitiative.ca\/International\/lunesco-consacre-plus-de-200-fenetres-pour-lalgerie\/"},"modified":"2020-04-21T03:00:00","modified_gmt":"2020-04-21T07:00:00","slug":"lunesco-consacre-plus-de-200-fenetres-pour-lalgerie","status":"publish","type":"post","link":"https:\/\/linitiative.ca\/International\/lunesco-consacre-plus-de-200-fenetres-pour-lalgerie\/","title":{"rendered":"L\u2019Unesco consacre plus de 200 fen\u00eatres pour l\u2019Alg\u00e9rie"},"content":{"rendered":"<div id=\"originalText\" readability=\"45\">\n<p>L\u2019Organisation\u00a0 des\u00a0 Nations\u00a0 unies pour l\u2019\u00e9ducation, la science et la culture (Unesco)\u00a0 a\u00a0 consacr\u00e9\u00a0 dans\u00a0 sa\u00a0 biblioth\u00e8que\u00a0 num\u00e9rique\u00a0 mondiale, par\u00a0 ailleurs accessible\u00a0 \u00e0\u00a0 tous, plus\u00a0 de\u00a0 200\u00a0 fen\u00eatres\u00a0 pour\u00a0 l\u2019Alg\u00e9rie, avec notamment des photographies, des descriptions et beaucoup d\u2019articles li\u00e9s \u00e0 la culture et \u00e0 l\u2019Histoire de notre pays au\u00a0IXe si\u00e8cle.<\/p>\n<p>Avec l\u2019ouverture de\u00a0sa biblioth\u00e8que num\u00e9rique, l\u2019Unesco compte aider les chercheurs et le grand public en cette p\u00e9riode de\u00a0 confinement\u00a0 avec\u00a0 pr\u00e8s de 20 000 articles et photographies de 193 pays.<\/p>\n<\/div>\n<div id=\"text_core\" readability=\"45\">\n<p>L\u2019Organisation\u00a0 des\u00a0 Nations\u00a0 unies pour l\u2019\u00e9ducation, la science et la culture (Unesco)\u00a0 a\u00a0 consacr\u00e9\u00a0 dans\u00a0 sa\u00a0 biblioth\u00e8que\u00a0 num\u00e9rique\u00a0 mondiale, par\u00a0 ailleurs accessible\u00a0 \u00e0\u00a0 tous, plus\u00a0 de\u00a0 200\u00a0 fen\u00eatres\u00a0 pour\u00a0 l\u2019Alg\u00e9rie, avec notamment des photographies, des descriptions et beaucoup d\u2019articles li\u00e9s \u00e0 la culture et \u00e0 l\u2019Histoire de notre pays au\u00a0IXe si\u00e8cle.<\/p>\n<p>Avec l\u2019ouverture de\u00a0sa biblioth\u00e8que num\u00e9rique, l\u2019Unesco compte aider les chercheurs et le grand public en cette p\u00e9riode de\u00a0 confinement\u00a0 avec\u00a0 pr\u00e8s de 20 000 articles et photographies de 193 pays.<\/p>\n<\/div>\n<p>Auteur:<br \/>\n<a href=\"https:\/\/www.liberte-algerie.com\/radar\/lunesco-consacre-plus-de-200-fenetres-pour-lalgerie-337693\">Cliquez ici pour lire l&rsquo;article depuis sa source.<\/a><\/p>\n","protected":false},"excerpt":{"rendered":"<p>L\u2019Organisation\u00a0 des\u00a0 Nations\u00a0 unies pour l\u2019\u00e9ducation, la science et la culture (Unesco)\u00a0 a\u00a0 consacr\u00e9\u00a0 dans\u00a0 sa\u00a0 biblioth\u00e8que\u00a0 num\u00e9rique\u00a0 mondiale, par\u00a0 ailleurs accessible\u00a0 \u00e0\u00a0 tous, plus\u00a0 de\u00a0 200\u00a0 fen\u00eatres\u00a0 pour\u00a0 l\u2019Alg\u00e9rie, avec notamment des photographies, des descriptions et beaucoup d\u2019articles li\u00e9s \u00e0 la culture et \u00e0 l\u2019Histoire de notre pays au\u00a0IXe si\u00e8cle. Avec l\u2019ouverture de\u00a0sa biblioth\u00e8que [&hellip;]<\/p>\n","protected":false},"author":1742,"featured_media":0,"comment_status":"closed","ping_status":"closed","sticky":false,"template":"","format":"standard","meta":{"fifu_image_url":"","fifu_image_alt":"","footnotes":""},"categories":[73,53],"tags":[],"class_list":["post-83003","post","type-post","status-publish","format-standard","hentry","category-actualite","category-algerie"],"_links":{"self":[{"href":"https:\/\/linitiative.ca\/International\/wp-json\/wp\/v2\/posts\/83003","targetHints":{"allow":["GET"]}}],"collection":[{"href":"https:\/\/linitiative.ca\/International\/wp-json\/wp\/v2\/posts"}],"about":[{"href":"https:\/\/linitiative.ca\/International\/wp-json\/wp\/v2\/types\/post"}],"author":[{"embeddable":true,"href":"https:\/\/linitiative.ca\/International\/wp-json\/wp\/v2\/users\/1742"}],"replies":[{"embeddable":true,"href":"https:\/\/linitiative.ca\/International\/wp-json\/wp\/v2\/comments?post=83003"}],"version-history":[{"count":0,"href":"https:\/\/linitiative.ca\/International\/wp-json\/wp\/v2\/posts\/83003\/revisions"}],"wp:attachment":[{"href":"https:\/\/linitiative.ca\/International\/wp-json\/wp\/v2\/media?parent=83003"}],"wp:term":[{"taxonomy":"category","embeddable":true,"href":"https:\/\/linitiative.ca\/International\/wp-json\/wp\/v2\/categories?post=83003"},{"taxonomy":"post_tag","embeddable":true,"href":"https:\/\/linitiative.ca\/International\/wp-json\/wp\/v2\/tags?post=83003"}],"curies":[{"name":"wp","href":"https:\/\/api.w.org\/{rel}","templated":true}]}}