{"id":83004,"date":"2020-04-21T03:00:00","date_gmt":"2020-04-21T07:00:00","guid":{"rendered":"https:\/\/linitiative.ca\/International\/le-geste-dun-algerien-proprietaire-dhotels-a-paris\/"},"modified":"2020-04-21T03:00:00","modified_gmt":"2020-04-21T07:00:00","slug":"le-geste-dun-algerien-proprietaire-dhotels-a-paris","status":"publish","type":"post","link":"https:\/\/linitiative.ca\/International\/le-geste-dun-algerien-proprietaire-dhotels-a-paris\/","title":{"rendered":"Le geste d\u2019un Alg\u00e9rien propri\u00e9taire d\u2019h\u00f4tels \u00e0 Paris"},"content":{"rendered":"<div id=\"originalText\" readability=\"48\">\n<p>Sollicit\u00e9 par la cellule de \u00a0crise \u00a0mise \u00a0en \u00a0place \u00a0par l\u2019ambassade d\u2019Alg\u00e9rie \u00a0\u00e0 \u00a0Paris\u00a0 pour\u00a0 rapatrier \u00a0les ressortissants\u00a0 alg\u00e9riens\u00a0 bloqu\u00e9s\u00a0 dans\u00a0 les a\u00e9roports de Paris, Boubekeur K., un jeune entrepreneur et propri\u00e9taire d\u2019\u00e9tablissements h\u00f4teliers\u00a0 en\u00a0 \u00a0France,\u00a0 n\u2019a\u00a0 pas\u00a0 h\u00e9sit\u00e9\u00a0 \u00e0\u00a0 mettre\u00a0 \u00e0\u00a0 la\u00a0 disposition\u00a0 de\u00a0 ses compatriotes, \u00e0 titre gracieux, une structure h\u00f4teli\u00e8re situ\u00e9e \u00e0 Palaiseau, dans la banlieue parisienne, o\u00f9 il a pris en charge une centaine de personnes.<\/p>\n<p>Les Alg\u00e9riens bloqu\u00e9s en France et qui pouvaient justifier de leur situation y sont ainsi accueillis jusqu\u2019\u00e0\u00a0 la\u00a0 programmation\u00a0 de leur\u00a0 vol\u00a0 retour sur l\u2019Alg\u00e9rie.\u00a0Dans la\u00a0 bataille\u00a0 contre\u00a0 cette\u00a0 crise\u00a0 sanitaire, les\u00a0 r\u00e9flexes\u00a0 de\u00a0 solidarit\u00e9 demeurent encore vivaces et constituent un autre rempart aussi efficace.<\/p>\n<\/div>\n<div id=\"text_core\" readability=\"48\">\n<p>Sollicit\u00e9 par la cellule de \u00a0crise \u00a0mise \u00a0en \u00a0place \u00a0par l\u2019ambassade d\u2019Alg\u00e9rie \u00a0\u00e0 \u00a0Paris\u00a0 pour\u00a0 rapatrier \u00a0les ressortissants\u00a0 alg\u00e9riens\u00a0 bloqu\u00e9s\u00a0 dans\u00a0 les a\u00e9roports de Paris, Boubekeur K., un jeune entrepreneur et propri\u00e9taire d\u2019\u00e9tablissements h\u00f4teliers\u00a0 en\u00a0 \u00a0France,\u00a0 n\u2019a\u00a0 pas\u00a0 h\u00e9sit\u00e9\u00a0 \u00e0\u00a0 mettre\u00a0 \u00e0\u00a0 la\u00a0 disposition\u00a0 de\u00a0 ses compatriotes, \u00e0 titre gracieux, une structure h\u00f4teli\u00e8re situ\u00e9e \u00e0 Palaiseau, dans la banlieue parisienne, o\u00f9 il a pris en charge une centaine de personnes.<\/p>\n<p>Les Alg\u00e9riens bloqu\u00e9s en France et qui pouvaient justifier de leur situation y sont ainsi accueillis jusqu\u2019\u00e0\u00a0 la\u00a0 programmation\u00a0 de leur\u00a0 vol\u00a0 retour sur l\u2019Alg\u00e9rie.\u00a0Dans la\u00a0 bataille\u00a0 contre\u00a0 cette\u00a0 crise\u00a0 sanitaire, les\u00a0 r\u00e9flexes\u00a0 de\u00a0 solidarit\u00e9 demeurent encore vivaces et constituent un autre rempart aussi efficace.<\/p>\n<\/div>\n<p>Auteur:<br \/>\n<a href=\"https:\/\/www.liberte-algerie.com\/radar\/le-geste-dun-algerien-proprietaire-dhotels-a-paris-337692\">Cliquez ici pour lire l&rsquo;article depuis sa source.<\/a><\/p>\n","protected":false},"excerpt":{"rendered":"<p>Sollicit\u00e9 par la cellule de \u00a0crise \u00a0mise \u00a0en \u00a0place \u00a0par l\u2019ambassade d\u2019Alg\u00e9rie \u00a0\u00e0 \u00a0Paris\u00a0 pour\u00a0 rapatrier \u00a0les ressortissants\u00a0 alg\u00e9riens\u00a0 bloqu\u00e9s\u00a0 dans\u00a0 les a\u00e9roports de Paris, Boubekeur K., un jeune entrepreneur et propri\u00e9taire d\u2019\u00e9tablissements h\u00f4teliers\u00a0 en\u00a0 \u00a0France,\u00a0 n\u2019a\u00a0 pas\u00a0 h\u00e9sit\u00e9\u00a0 \u00e0\u00a0 mettre\u00a0 \u00e0\u00a0 la\u00a0 disposition\u00a0 de\u00a0 ses compatriotes, \u00e0 titre gracieux, une structure h\u00f4teli\u00e8re situ\u00e9e \u00e0 [&hellip;]<\/p>\n","protected":false},"author":1742,"featured_media":0,"comment_status":"closed","ping_status":"closed","sticky":false,"template":"","format":"standard","meta":{"fifu_image_url":"","fifu_image_alt":"","footnotes":""},"categories":[73,53],"tags":[],"class_list":["post-83004","post","type-post","status-publish","format-standard","hentry","category-actualite","category-algerie"],"_links":{"self":[{"href":"https:\/\/linitiative.ca\/International\/wp-json\/wp\/v2\/posts\/83004","targetHints":{"allow":["GET"]}}],"collection":[{"href":"https:\/\/linitiative.ca\/International\/wp-json\/wp\/v2\/posts"}],"about":[{"href":"https:\/\/linitiative.ca\/International\/wp-json\/wp\/v2\/types\/post"}],"author":[{"embeddable":true,"href":"https:\/\/linitiative.ca\/International\/wp-json\/wp\/v2\/users\/1742"}],"replies":[{"embeddable":true,"href":"https:\/\/linitiative.ca\/International\/wp-json\/wp\/v2\/comments?post=83004"}],"version-history":[{"count":0,"href":"https:\/\/linitiative.ca\/International\/wp-json\/wp\/v2\/posts\/83004\/revisions"}],"wp:attachment":[{"href":"https:\/\/linitiative.ca\/International\/wp-json\/wp\/v2\/media?parent=83004"}],"wp:term":[{"taxonomy":"category","embeddable":true,"href":"https:\/\/linitiative.ca\/International\/wp-json\/wp\/v2\/categories?post=83004"},{"taxonomy":"post_tag","embeddable":true,"href":"https:\/\/linitiative.ca\/International\/wp-json\/wp\/v2\/tags?post=83004"}],"curies":[{"name":"wp","href":"https:\/\/api.w.org\/{rel}","templated":true}]}}