{"id":83007,"date":"2020-04-21T11:57:00","date_gmt":"2020-04-21T15:57:00","guid":{"rendered":"https:\/\/linitiative.ca\/International\/deux-projets-de-lois-soumis-mercredi-au-vote-avec-debat-restrein\/"},"modified":"2020-04-21T11:57:00","modified_gmt":"2020-04-21T15:57:00","slug":"deux-projets-de-lois-soumis-mercredi-au-vote-avec-debat-restrein","status":"publish","type":"post","link":"https:\/\/linitiative.ca\/International\/deux-projets-de-lois-soumis-mercredi-au-vote-avec-debat-restrein\/","title":{"rendered":"Deux projets de lois soumis mercredi au vote avec d\u00e9bat restrein"},"content":{"rendered":"<div id=\"originalText\" readability=\"48\">\n<p>L&rsquo;Assembl\u00e9e populaire nationale (APN) tiendra, mercredi, une s\u00e9ance pour le vote avec d\u00e9bat restreint du projet de loi relatif \u00e0 la pr\u00e9vention et \u00e0 la lutte contre la discrimination et le discours de haine ainsi que du projet de loi portant amendement du Code des proc\u00e9dures p\u00e9nales, indique mardi un communiqu\u00e9 de l&rsquo;APN.<\/p>\n<p>\u00ab\u00a0Le bureau de l&rsquo;APN avait approuv\u00e9, lors de sa r\u00e9union tenue hier lundi, la demande de la Commission des affaires juridiques, administratives et des libert\u00e9s relative \u00e0 l&rsquo;application des proc\u00e9dures pr\u00e9vues par l&rsquo;article 36 de la loi organique 16-12 du 25 ao\u00fbt 2016 fixant l&rsquo;organisation et le fonctionnement de l&rsquo;APN et du Conseil de la Nation ainsi que les relations fonctionnelles entre les chambres du Parlement et le Gouvernement, par le recours au vote avec d\u00e9bat restreint et ce au vu des circonstances exceptionnelles que traverse le pays du fait de la pand\u00e9mie Covid-19\u00a0\u00bb, conclut le communiqu\u00e9.<\/p>\n<p class=\"c6\"><strong>APS<\/strong><\/p>\n<\/div>\n<div id=\"text_core\" readability=\"48\">\n<p>L&rsquo;Assembl\u00e9e populaire nationale (APN) tiendra, mercredi, une s\u00e9ance pour le vote avec d\u00e9bat restreint du projet de loi relatif \u00e0 la pr\u00e9vention et \u00e0 la lutte contre la discrimination et le discours de haine ainsi que du projet de loi portant amendement du Code des proc\u00e9dures p\u00e9nales, indique mardi un communiqu\u00e9 de l&rsquo;APN.<\/p>\n<p>\u00ab\u00a0Le bureau de l&rsquo;APN avait approuv\u00e9, lors de sa r\u00e9union tenue hier lundi, la demande de la Commission des affaires juridiques, administratives et des libert\u00e9s relative \u00e0 l&rsquo;application des proc\u00e9dures pr\u00e9vues par l&rsquo;article 36 de la loi organique 16-12 du 25 ao\u00fbt 2016 fixant l&rsquo;organisation et le fonctionnement de l&rsquo;APN et du Conseil de la Nation ainsi que les relations fonctionnelles entre les chambres du Parlement et le Gouvernement, par le recours au vote avec d\u00e9bat restreint et ce au vu des circonstances exceptionnelles que traverse le pays du fait de la pand\u00e9mie Covid-19\u00a0\u00bb, conclut le communiqu\u00e9.<\/p>\n<p class=\"c6\"><strong>APS<\/strong><\/p>\n<\/div>\n<p>Auteur:<br \/>\n<a href=\"https:\/\/www.liberte-algerie.com\/actualite\/deux-projets-de-lois-soumis-mercredi-au-vote-avec-debat-restrein-337730\">Cliquez ici pour lire l&rsquo;article depuis sa source.<\/a><\/p>\n","protected":false},"excerpt":{"rendered":"<p>L&rsquo;Assembl\u00e9e populaire nationale (APN) tiendra, mercredi, une s\u00e9ance pour le vote avec d\u00e9bat restreint du projet de loi relatif \u00e0 la pr\u00e9vention et \u00e0 la lutte contre la discrimination et le discours de haine ainsi que du projet de loi portant amendement du Code des proc\u00e9dures p\u00e9nales, indique mardi un communiqu\u00e9 de l&rsquo;APN. \u00ab\u00a0Le bureau [&hellip;]<\/p>\n","protected":false},"author":1742,"featured_media":0,"comment_status":"closed","ping_status":"closed","sticky":false,"template":"","format":"standard","meta":{"fifu_image_url":"","fifu_image_alt":"","footnotes":""},"categories":[73,53],"tags":[],"class_list":["post-83007","post","type-post","status-publish","format-standard","hentry","category-actualite","category-algerie"],"_links":{"self":[{"href":"https:\/\/linitiative.ca\/International\/wp-json\/wp\/v2\/posts\/83007","targetHints":{"allow":["GET"]}}],"collection":[{"href":"https:\/\/linitiative.ca\/International\/wp-json\/wp\/v2\/posts"}],"about":[{"href":"https:\/\/linitiative.ca\/International\/wp-json\/wp\/v2\/types\/post"}],"author":[{"embeddable":true,"href":"https:\/\/linitiative.ca\/International\/wp-json\/wp\/v2\/users\/1742"}],"replies":[{"embeddable":true,"href":"https:\/\/linitiative.ca\/International\/wp-json\/wp\/v2\/comments?post=83007"}],"version-history":[{"count":0,"href":"https:\/\/linitiative.ca\/International\/wp-json\/wp\/v2\/posts\/83007\/revisions"}],"wp:attachment":[{"href":"https:\/\/linitiative.ca\/International\/wp-json\/wp\/v2\/media?parent=83007"}],"wp:term":[{"taxonomy":"category","embeddable":true,"href":"https:\/\/linitiative.ca\/International\/wp-json\/wp\/v2\/categories?post=83007"},{"taxonomy":"post_tag","embeddable":true,"href":"https:\/\/linitiative.ca\/International\/wp-json\/wp\/v2\/tags?post=83007"}],"curies":[{"name":"wp","href":"https:\/\/api.w.org\/{rel}","templated":true}]}}