{"id":83008,"date":"2020-04-21T08:21:10","date_gmt":"2020-04-21T12:21:10","guid":{"rendered":"https:\/\/linitiative.ca\/International\/cinq-nouvelles-remissions-le-bilan-des-cas-confirmes-se-stabilise-a-739\/"},"modified":"2020-04-21T08:21:10","modified_gmt":"2020-04-21T12:21:10","slug":"cinq-nouvelles-remissions-le-bilan-des-cas-confirmes-se-stabilise-a-739","status":"publish","type":"post","link":"https:\/\/linitiative.ca\/International\/cinq-nouvelles-remissions-le-bilan-des-cas-confirmes-se-stabilise-a-739\/","title":{"rendered":"Cinq nouvelles r\u00e9missions, le bilan des cas confirm\u00e9s se stabilise \u00e0 739"},"content":{"rendered":"<div class=\"single-featured\"><img alt=\"\" data-src=\"http:\/\/www.mapmarrakech.ma\/map\/uploads\/2020\/04\/guerisons-chu-copier.jpg\"\/><\/div>\n<div class=\"single-post-excerpt post-excerpt-bc\" readability=\"39\">\n<p>Marrakech \u2013 Cinq nouvelles r\u00e9missions du nouveau coronavirus (Covid-19) ont \u00e9t\u00e9 enregistr\u00e9es au niveau de la r\u00e9gion Marrakech-Safi, alors que le bilan des cas confirm\u00e9s s\u2019est stabilis\u00e9 \u00e0 739 infections, selon le dernier bilan \u00e9tabli, mardi \u00e0 10h00, par la Direction R\u00e9gionale de la Sant\u00e9 (DRS).<\/p>\n<\/div>\n<div class=\"entry-content clearfix single-post-content\" readability=\"51\">\n<p>Ainsi, le nombre des personnes d\u00e9clar\u00e9es gu\u00e9ries \u00e0 l\u2019\u00e9chelle de la r\u00e9gion s\u2019\u00e9l\u00e8ve \u00e0 66, alors que celui des d\u00e9c\u00e8s s\u2019est \u00e9tabli \u00e0 37, pr\u00e9cise la DRS.<\/p>\n<p>Selon la m\u00eame source, les cas d\u2019infection confirm\u00e9s au niveau de la r\u00e9gion sont r\u00e9partis entre la pr\u00e9fecture de Marrakech (470) et les provinces de Rehamna (215), d\u2019Al Haouz (26), de Chichaoua (23) et d\u2019El Kel\u00e2a des Sraghna (03), d\u2019Essaouira (02), tandis que les provinces de Safi et de Youssoufia n\u2019ont enregistr\u00e9 aucun cas d\u2019infection.<\/p>\n<p>Au niveau national, cent-quarante (140) nouveaux cas d\u2019infection au Covid-19 ont \u00e9t\u00e9 confirm\u00e9s jusqu\u2019\u00e0 mardi \u00e0 10h00, portant \u00e0 3.186 le nombre total des cas de contamination.<\/p>\n<\/div>\n<p>Auteur: Meriem IGASS<br \/>\n<a href=\"http:\/\/www.mapmarrakech.ma\/fr\/cinq-nouvelles-remissions-le-bilan-des-cas-confirmes-se-stabilise-a-739\/\">Cliquez ici pour lire l&rsquo;article depuis sa source.<\/a><\/p>\n","protected":false},"excerpt":{"rendered":"<p>Marrakech \u2013 Cinq nouvelles r\u00e9missions du nouveau coronavirus (Covid-19) ont \u00e9t\u00e9 enregistr\u00e9es au niveau de la r\u00e9gion Marrakech-Safi, alors que le bilan des cas confirm\u00e9s s\u2019est stabilis\u00e9 \u00e0 739 infections, selon le dernier bilan \u00e9tabli, mardi \u00e0 10h00, par la Direction R\u00e9gionale de la Sant\u00e9 (DRS). Ainsi, le nombre des personnes d\u00e9clar\u00e9es gu\u00e9ries \u00e0 l\u2019\u00e9chelle [&hellip;]<\/p>\n","protected":false},"author":1788,"featured_media":0,"comment_status":"closed","ping_status":"closed","sticky":false,"template":"","format":"standard","meta":{"fifu_image_url":"","fifu_image_alt":"","footnotes":""},"categories":[54,76],"tags":[],"class_list":["post-83008","post","type-post","status-publish","format-standard","hentry","category-maroc","category-regions"],"_links":{"self":[{"href":"https:\/\/linitiative.ca\/International\/wp-json\/wp\/v2\/posts\/83008","targetHints":{"allow":["GET"]}}],"collection":[{"href":"https:\/\/linitiative.ca\/International\/wp-json\/wp\/v2\/posts"}],"about":[{"href":"https:\/\/linitiative.ca\/International\/wp-json\/wp\/v2\/types\/post"}],"author":[{"embeddable":true,"href":"https:\/\/linitiative.ca\/International\/wp-json\/wp\/v2\/users\/1788"}],"replies":[{"embeddable":true,"href":"https:\/\/linitiative.ca\/International\/wp-json\/wp\/v2\/comments?post=83008"}],"version-history":[{"count":0,"href":"https:\/\/linitiative.ca\/International\/wp-json\/wp\/v2\/posts\/83008\/revisions"}],"wp:attachment":[{"href":"https:\/\/linitiative.ca\/International\/wp-json\/wp\/v2\/media?parent=83008"}],"wp:term":[{"taxonomy":"category","embeddable":true,"href":"https:\/\/linitiative.ca\/International\/wp-json\/wp\/v2\/categories?post=83008"},{"taxonomy":"post_tag","embeddable":true,"href":"https:\/\/linitiative.ca\/International\/wp-json\/wp\/v2\/tags?post=83008"}],"curies":[{"name":"wp","href":"https:\/\/api.w.org\/{rel}","templated":true}]}}