{"id":83011,"date":"2020-04-21T10:55:52","date_gmt":"2020-04-21T14:55:52","guid":{"rendered":"https:\/\/linitiative.ca\/International\/la-commune-de-benguerir-tient-une-reunion-par-visioconference\/"},"modified":"2020-04-21T10:55:52","modified_gmt":"2020-04-21T14:55:52","slug":"la-commune-de-benguerir-tient-une-reunion-par-visioconference","status":"publish","type":"post","link":"https:\/\/linitiative.ca\/International\/la-commune-de-benguerir-tient-une-reunion-par-visioconference\/","title":{"rendered":"La commune de Bengu\u00e9rir tient une r\u00e9union par visioconf\u00e9rence"},"content":{"rendered":"<div readability=\"37\">\n<p>Bengu\u00e9rir (province de Rehamna) \u2013 La commune de Bengu\u00e9rir a tenu, lundi, une r\u00e9union par visioconf\u00e9rence, conform\u00e9ment aux mesures de pr\u00e9caution pr\u00e9conis\u00e9es pour circonscrire la propagation du nouveau coronavirus (Covid-19) et assurer la continuit\u00e9 du service public.<\/p>\n<\/div>\n<div readability=\"79\">\n<p>Ainsi, la commune a mobilis\u00e9 ses ressources humaines et ses moyens techniques, \u00e0 travers l\u2019adoption de la communication administrative \u00e0 distance, en mettant \u00e0 contribution la technique de visioconf\u00e9rence et l\u2019application de messagerie instantan\u00e9e \u00ab\u00a0WhatsApp\u00a0\u00bb.<\/p>\n<p>Dans ce sillage, la commune a entam\u00e9 une s\u00e9rie de r\u00e9unions des commissions permanentes, dans le cadre des pr\u00e9paratifs de la session ordinaire au titre du mois de mai prochain.<\/p>\n<p>La Commission du budget et des affaires financi\u00e8res relevant du conseil communal a, dans ce cadre, tenu une r\u00e9union par visioconf\u00e9rence, consacr\u00e9e \u00e0 l\u2019examen des pr\u00e9paratifs de la session de mai.<\/p>\n<p>S\u2019exprimant \u00e0 cette occasion, le pr\u00e9sident du conseil communal de Bengu\u00e9rir, Abdelati Bouchrit, a indiqu\u00e9 que la commune s\u2019est engag\u00e9e, d\u00e8s le d\u00e9but, dans la mise en \u0153uvre des dispositions de l\u2019\u00e9tat d\u2019urgence sanitaire, notamment dans leur volet inh\u00e9rent \u00e0 l\u2019application des mesures de s\u00e9curit\u00e9 et de pr\u00e9caution n\u00e9cessaires, \u00e0 travers l\u2019adoption des techniques de communication num\u00e9riques.<\/p>\n<p>Et d\u2019ajouter que cette approche traduit le souci de la commune de veiller \u00e0 la continuit\u00e9 du service public et des prestations administratives, ainsi que son engagement pour garantir la s\u00e9curit\u00e9 sanitaire de l\u2019ensemble des composantes du conseil et des usagers, relevant que cette r\u00e9union a \u00e9t\u00e9 consacr\u00e9e \u00e0 l\u2019examen des pr\u00e9paratifs de la prochaine session de mai pour assurer son d\u00e9roulement dans les meilleures conditions.<\/p>\n<p>Il a, dans la foul\u00e9e, not\u00e9 que la commune a proc\u00e9d\u00e9 \u00e0 la modification et \u00e0 la reprogrammation de son budget pour couvrir les actions de lutte contre le Covid-19, men\u00e9 des campagnes de sensibilisation et des op\u00e9rations de d\u00e9sinfection et de st\u00e9rilisation ayant cibl\u00e9 les administrations et services publics, les avenues, les march\u00e9s et tous les moyens de transport, et apport\u00e9 sa contribution au Fonds sp\u00e9cial d\u00e9di\u00e9 \u00e0 la gestion de la pand\u00e9mie.<\/p>\n<\/div>\n<p>Auteur: Meriem IGASS<br \/>\n<a href=\"http:\/\/www.mapmarrakech.ma\/fr\/la-commune-de-benguerir-tient-une-reunion-par-visioconference\/\">Cliquez ici pour lire l&rsquo;article depuis sa source.<\/a><\/p>\n","protected":false},"excerpt":{"rendered":"<p>Bengu\u00e9rir (province de Rehamna) \u2013 La commune de Bengu\u00e9rir a tenu, lundi, une r\u00e9union par visioconf\u00e9rence, conform\u00e9ment aux mesures de pr\u00e9caution pr\u00e9conis\u00e9es pour circonscrire la propagation du nouveau coronavirus (Covid-19) et assurer la continuit\u00e9 du service public. Ainsi, la commune a mobilis\u00e9 ses ressources humaines et ses moyens techniques, \u00e0 travers l\u2019adoption de la communication [&hellip;]<\/p>\n","protected":false},"author":1788,"featured_media":0,"comment_status":"closed","ping_status":"closed","sticky":false,"template":"","format":"standard","meta":{"fifu_image_url":"","fifu_image_alt":"","footnotes":""},"categories":[54,76],"tags":[],"class_list":["post-83011","post","type-post","status-publish","format-standard","hentry","category-maroc","category-regions"],"_links":{"self":[{"href":"https:\/\/linitiative.ca\/International\/wp-json\/wp\/v2\/posts\/83011","targetHints":{"allow":["GET"]}}],"collection":[{"href":"https:\/\/linitiative.ca\/International\/wp-json\/wp\/v2\/posts"}],"about":[{"href":"https:\/\/linitiative.ca\/International\/wp-json\/wp\/v2\/types\/post"}],"author":[{"embeddable":true,"href":"https:\/\/linitiative.ca\/International\/wp-json\/wp\/v2\/users\/1788"}],"replies":[{"embeddable":true,"href":"https:\/\/linitiative.ca\/International\/wp-json\/wp\/v2\/comments?post=83011"}],"version-history":[{"count":0,"href":"https:\/\/linitiative.ca\/International\/wp-json\/wp\/v2\/posts\/83011\/revisions"}],"wp:attachment":[{"href":"https:\/\/linitiative.ca\/International\/wp-json\/wp\/v2\/media?parent=83011"}],"wp:term":[{"taxonomy":"category","embeddable":true,"href":"https:\/\/linitiative.ca\/International\/wp-json\/wp\/v2\/categories?post=83011"},{"taxonomy":"post_tag","embeddable":true,"href":"https:\/\/linitiative.ca\/International\/wp-json\/wp\/v2\/tags?post=83011"}],"curies":[{"name":"wp","href":"https:\/\/api.w.org\/{rel}","templated":true}]}}