{"id":83014,"date":"2020-04-21T05:00:07","date_gmt":"2020-04-21T09:00:07","guid":{"rendered":"https:\/\/linitiative.ca\/International\/mila-distribution-de-2-900-colis-de-denrees-alimentaires-aux-familles-demunies-des-zones-dombre\/"},"modified":"2020-04-21T05:00:07","modified_gmt":"2020-04-21T09:00:07","slug":"mila-distribution-de-2-900-colis-de-denrees-alimentaires-aux-familles-demunies-des-zones-dombre","status":"publish","type":"post","link":"https:\/\/linitiative.ca\/International\/mila-distribution-de-2-900-colis-de-denrees-alimentaires-aux-familles-demunies-des-zones-dombre\/","title":{"rendered":"Mila: distribution de 2 900 colis de denr\u00e9es alimentaires aux familles d\u00e9munies des zones d\u2019ombre"},"content":{"rendered":"<div readability=\"36\">\n<p><strong>MILA &#8211; Une op\u00e9ration de distribution de 2 900 colis de denr\u00e9es alimentaires a \u00e9t\u00e9 lanc\u00e9e, lundi, dans la commune d\u2019Oued Endja (Ouest de Mila) au profit des familles d\u00e9munies des zones d&rsquo;ombre de la wilaya.<\/strong><\/p>\n<\/div>\n<div readability=\"71\">\n<p>\u00ab\u00a0Ces colis seront r\u00e9partis sur 2 000 familles d\u00e9munies et 900 chefs de famille de la cat\u00e9gorie aux besoins sp\u00e9cifiques\u00a0\u00bb, a affirm\u00e9 le chef de la da\u00efra, Said Boudhab, ayant supervis\u00e9 le lancement de cette op\u00e9ration de solidarit\u00e9, lanc\u00e9e depuis le Centre sp\u00e9cialis\u00e9 de sauvegarde de l&rsquo;enfance et de l&rsquo;adolescence, o\u00f9 les denr\u00e9es alimentaires ont \u00e9t\u00e9 collect\u00e9es.<\/p>\n<blockquote readability=\"13\">\n<p><em><strong>Ces produits alimentaires, dons de bienfaiteurs et d\u2019hommes d&rsquo;affaires de la wilaya de Mila, ont \u00e9t\u00e9 distribu\u00e9s \u00e0 leurs b\u00e9n\u00e9ficiaires \u00e0 travers 9 communes, a pr\u00e9cis\u00e9 le m\u00eame responsable, soulignant que cette op\u00e9ration se poursuivra dans les prochains jours pour inclure toutes les familles n\u00e9cessiteuses de la wilaya afin de les aider en pleine pand\u00e9mie de Covid-19, et en pr\u00e9vision \u00e9galement du mois sacr\u00e9 du Ramadhan.<\/strong><\/em><\/p>\n<\/blockquote>\n<p>Les colis distribu\u00e9s, constitu\u00e9s de 17 produits alimentaires, repr\u00e9sentent une quantit\u00e9 totale de 700 quintaux de semoule, 290 qx de farine, 5 800 litres d&rsquo;huile de table, 2 900 boites de lait en poudre, 29 qx de sucre, 23 qx de concentr\u00e9 de tomate, 29 qx de lentilles et de pois chiches, en plus de 142 qx de p\u00e2tes alimentaires et d\u2019autres produits de consommation, a d\u00e9taill\u00e9 la m\u00eame source.<\/p>\n<p>Le chef de da\u00efra a fait savoir, par ailleurs, que cette op\u00e9ration initi\u00e9e par les autorit\u00e9s de la wilaya avec la contribution de bienfaiteurs, vient s\u2019ajouter \u00e0 de pr\u00e9c\u00e9dentes op\u00e9rations de solidarit\u00e9 ayant cibl\u00e9 4 000 familles des zones d\u2019ombre, en plus d\u2019une caravane de solidarit\u00e9 compos\u00e9e de 21 camions charg\u00e9s de diverses denr\u00e9es alimentaires, et de produits de nettoyage et de d\u00e9sinfection pour lutter contre le coronavirus, achemin\u00e9s \u00e0 la wilaya de Blida.<\/p>\n<\/div>\n<p>Auteur:<br \/>\n<a href=\"http:\/\/www.aps.dz\/regions\/104244-mila-distribution-de-2-900-colis-de-denrees-alimentaires-aux-familles-demunies-des-zones-d-ombre\">Cliquez ici pour lire l&rsquo;article depuis sa source.<\/a><\/p>\n","protected":false},"excerpt":{"rendered":"<p>MILA &#8211; Une op\u00e9ration de distribution de 2 900 colis de denr\u00e9es alimentaires a \u00e9t\u00e9 lanc\u00e9e, lundi, dans la commune d\u2019Oued Endja (Ouest de Mila) au profit des familles d\u00e9munies des zones d&rsquo;ombre de la wilaya. \u00ab\u00a0Ces colis seront r\u00e9partis sur 2 000 familles d\u00e9munies et 900 chefs de famille de la cat\u00e9gorie aux besoins [&hellip;]<\/p>\n","protected":false},"author":1790,"featured_media":0,"comment_status":"closed","ping_status":"closed","sticky":false,"template":"","format":"standard","meta":{"fifu_image_url":"","fifu_image_alt":"","footnotes":""},"categories":[53,76],"tags":[],"class_list":["post-83014","post","type-post","status-publish","format-standard","hentry","category-algerie","category-regions"],"_links":{"self":[{"href":"https:\/\/linitiative.ca\/International\/wp-json\/wp\/v2\/posts\/83014","targetHints":{"allow":["GET"]}}],"collection":[{"href":"https:\/\/linitiative.ca\/International\/wp-json\/wp\/v2\/posts"}],"about":[{"href":"https:\/\/linitiative.ca\/International\/wp-json\/wp\/v2\/types\/post"}],"author":[{"embeddable":true,"href":"https:\/\/linitiative.ca\/International\/wp-json\/wp\/v2\/users\/1790"}],"replies":[{"embeddable":true,"href":"https:\/\/linitiative.ca\/International\/wp-json\/wp\/v2\/comments?post=83014"}],"version-history":[{"count":0,"href":"https:\/\/linitiative.ca\/International\/wp-json\/wp\/v2\/posts\/83014\/revisions"}],"wp:attachment":[{"href":"https:\/\/linitiative.ca\/International\/wp-json\/wp\/v2\/media?parent=83014"}],"wp:term":[{"taxonomy":"category","embeddable":true,"href":"https:\/\/linitiative.ca\/International\/wp-json\/wp\/v2\/categories?post=83014"},{"taxonomy":"post_tag","embeddable":true,"href":"https:\/\/linitiative.ca\/International\/wp-json\/wp\/v2\/tags?post=83014"}],"curies":[{"name":"wp","href":"https:\/\/api.w.org\/{rel}","templated":true}]}}