{"id":83018,"date":"2020-04-20T17:25:56","date_gmt":"2020-04-20T21:25:56","guid":{"rendered":"https:\/\/linitiative.ca\/International\/covid-19-oriental-un-nouveau-cas-de-remission-16-au-total\/"},"modified":"2020-04-20T17:25:56","modified_gmt":"2020-04-20T21:25:56","slug":"covid-19-oriental-un-nouveau-cas-de-remission-16-au-total","status":"publish","type":"post","link":"https:\/\/linitiative.ca\/International\/covid-19-oriental-un-nouveau-cas-de-remission-16-au-total\/","title":{"rendered":"Covid-19\/Oriental : Un nouveau cas de r\u00e9mission, 16 au total"},"content":{"rendered":"<p class=\"c4\">Un nouveau cas de gu\u00e9rison du nouveau coronavirus (Covid-19) a \u00e9t\u00e9 enregistr\u00e9, lundi, au niveau de la r\u00e9gion de l\u2019Oriental portant le total des patients r\u00e9tablis \u00e0 16.<\/p>\n<p class=\"c4\">Le nouveau cas de gu\u00e9rison a \u00e9t\u00e9 signal\u00e9 au niveau de la province de Berkane qui compte ainsi un total de 7 cas de r\u00e9mission, selon les donn\u00e9es de la direction r\u00e9gionale de la Sant\u00e9 relatives au bilan de l\u2019\u00e9volution de la pand\u00e9mie du Covid-19.<\/p>\n<p class=\"c4\">Par ailleurs, le bilan des cas d\u2019infection au nouveau coronavirus est rest\u00e9 inchang\u00e9 \u00e0 la date du 20 avril \u00e0 18H00, avec un total de 155 cas confirm\u00e9s dans la r\u00e9gion de l\u2019Oriental, qui a enregistr\u00e9 8 d\u00e9c\u00e8s jusqu\u2019\u00e0 pr\u00e9sent.<\/p>\n<p class=\"c4\">La pr\u00e9fecture d\u2019Oujda-Angad compte le plus grand nombre de cas confirm\u00e9s dans la r\u00e9gion, soit 54, suivie des provinces de Nador avec\u00a039 cas, Berkane (37), Taourirt (9), Guercif (8), Driouch (7) et Figuig (1), alors qu\u2019aucun cas n\u2019a \u00e9t\u00e9 enregistr\u00e9 dans la province de Jerada.<\/p>\n<p class=\"c4\">Au niveau national, 191 nouveaux cas d\u2019infection ont \u00e9t\u00e9 confirm\u00e9s lors des derni\u00e8res 24 heures, portant \u00e0\u00a03.046 le nombre total des cas de contamination.<\/p>\n<p class=\"c4\">Le nombre de personnes d\u00e9clar\u00e9es gu\u00e9ries s\u2019est \u00e9lev\u00e9, jusqu\u2019\u00e0 lundi \u00e0 18H00, \u00e0 350 (23 r\u00e9missions suppl\u00e9mentaires), alors que le nombre de d\u00e9c\u00e8s a \u00e9t\u00e9 port\u00e9 \u00e0 143 avec 2 nouveaux d\u00e9c\u00e8s.<\/p>\n<p>Auteur: Soufiane ELAHMAR<br \/>\n<a href=\"http:\/\/www.mapoujda.ma\/fr\/covid-19-oriental-un-nouveau-cas-de-remission-16-au-total\/\">Cliquez ici pour lire l&rsquo;article depuis sa source.<\/a><\/p>\n","protected":false},"excerpt":{"rendered":"<p>Un nouveau cas de gu\u00e9rison du nouveau coronavirus (Covid-19) a \u00e9t\u00e9 enregistr\u00e9, lundi, au niveau de la r\u00e9gion de l\u2019Oriental portant le total des patients r\u00e9tablis \u00e0 16. Le nouveau cas de gu\u00e9rison a \u00e9t\u00e9 signal\u00e9 au niveau de la province de Berkane qui compte ainsi un total de 7 cas de r\u00e9mission, selon les [&hellip;]<\/p>\n","protected":false},"author":1788,"featured_media":0,"comment_status":"closed","ping_status":"closed","sticky":false,"template":"","format":"standard","meta":{"fifu_image_url":"","fifu_image_alt":"","footnotes":""},"categories":[54,76],"tags":[],"class_list":["post-83018","post","type-post","status-publish","format-standard","hentry","category-maroc","category-regions"],"_links":{"self":[{"href":"https:\/\/linitiative.ca\/International\/wp-json\/wp\/v2\/posts\/83018","targetHints":{"allow":["GET"]}}],"collection":[{"href":"https:\/\/linitiative.ca\/International\/wp-json\/wp\/v2\/posts"}],"about":[{"href":"https:\/\/linitiative.ca\/International\/wp-json\/wp\/v2\/types\/post"}],"author":[{"embeddable":true,"href":"https:\/\/linitiative.ca\/International\/wp-json\/wp\/v2\/users\/1788"}],"replies":[{"embeddable":true,"href":"https:\/\/linitiative.ca\/International\/wp-json\/wp\/v2\/comments?post=83018"}],"version-history":[{"count":0,"href":"https:\/\/linitiative.ca\/International\/wp-json\/wp\/v2\/posts\/83018\/revisions"}],"wp:attachment":[{"href":"https:\/\/linitiative.ca\/International\/wp-json\/wp\/v2\/media?parent=83018"}],"wp:term":[{"taxonomy":"category","embeddable":true,"href":"https:\/\/linitiative.ca\/International\/wp-json\/wp\/v2\/categories?post=83018"},{"taxonomy":"post_tag","embeddable":true,"href":"https:\/\/linitiative.ca\/International\/wp-json\/wp\/v2\/tags?post=83018"}],"curies":[{"name":"wp","href":"https:\/\/api.w.org\/{rel}","templated":true}]}}