{"id":83021,"date":"2020-04-21T12:06:16","date_gmt":"2020-04-21T16:06:16","guid":{"rendered":"https:\/\/linitiative.ca\/International\/covid-19-oriental-2-nouveaux-cas-confirmes-157-au-total\/"},"modified":"2020-04-21T12:06:16","modified_gmt":"2020-04-21T16:06:16","slug":"covid-19-oriental-2-nouveaux-cas-confirmes-157-au-total","status":"publish","type":"post","link":"https:\/\/linitiative.ca\/International\/covid-19-oriental-2-nouveaux-cas-confirmes-157-au-total\/","title":{"rendered":"Covid-19\/Oriental: 2 nouveaux cas confirm\u00e9s, 157 au total"},"content":{"rendered":"<div class=\"single-featured\"><img alt=\"\" data-src=\"http:\/\/www.mapoujda.ma\/map\/uploads\/2020\/04\/Bilan-Corona-Oriental-21.04-M750&#xD7;430-DR-750x430.png\"\/><\/div>\n<div class=\"entry-content clearfix single-post-content\" readability=\"65\">\n<p class=\"c4\">Deux nouveaux cas d\u2019infection au nouveau coronavirus (Covid-19) ont \u00e9t\u00e9 confirm\u00e9s au niveau de la r\u00e9gion de l\u2019Oriental, portant \u00e0 157 le nombre total des cas de contamination \u00e0 la date du 21 avril \u00e0 10H00.<\/p>\n<p class=\"c4\">La r\u00e9gion de l\u2019Oriental a par ailleurs enregistr\u00e9 un total de 16 cas de gu\u00e9rison et 8 d\u00e9c\u00e8s, selon les donn\u00e9es de la direction r\u00e9gionale de la Sant\u00e9 relatives au bilan de l\u2019\u00e9volution de la pand\u00e9mie du Covid-19.<\/p>\n<p class=\"c4\">Les deux nouveaux cas d\u2019infection ont \u00e9t\u00e9 enregistr\u00e9s dans la pr\u00e9fecture d\u2019Oujda-Angad, ce qui porte \u00e0 56 le nombre total de cas de contamination au niveau de cette pr\u00e9fecture.<\/p>\n<p class=\"c4\">La province de Nador arrive en deuxi\u00e8me position avec 39 cas confirm\u00e9s, suivie des provinces de Berkane (37), Taourirt (9), Guercif (8), Driouch (7) et Figuig (1), alors qu\u2019aucun cas n\u2019a \u00e9t\u00e9 enregistr\u00e9 jusqu\u2019\u00e0 pr\u00e9sent dans la province de Jerada.<\/p>\n<p class=\"c4\">Au niveau national, 140 nouveaux cas d\u2019infection au nouveau coronavirus ont \u00e9t\u00e9 confirm\u00e9s au Maroc jusqu\u2019\u00e0 mardi \u00e0 10h00, portant \u00e0 3.186 le nombre total des cas de contamination, a annonc\u00e9 le minist\u00e8re de la Sant\u00e9.<\/p>\n<p class=\"c4\">Le nombre de cas gu\u00e9ris s\u2019\u00e9l\u00e8ve \u00e0 359 avec 9 nouvelles gu\u00e9risons, alors que le nombre de d\u00e9c\u00e8s a atteint 144, a pr\u00e9cis\u00e9 le minist\u00e8re.<\/p>\n<\/div>\n<p>Auteur: Soufiane ELAHMAR<br \/>\n<a href=\"http:\/\/www.mapoujda.ma\/fr\/covid-19-oriental-2-nouveaux-cas-confirmes-157-au-total\/\">Cliquez ici pour lire l&rsquo;article depuis sa source.<\/a><\/p>\n","protected":false},"excerpt":{"rendered":"<p>Deux nouveaux cas d\u2019infection au nouveau coronavirus (Covid-19) ont \u00e9t\u00e9 confirm\u00e9s au niveau de la r\u00e9gion de l\u2019Oriental, portant \u00e0 157 le nombre total des cas de contamination \u00e0 la date du 21 avril \u00e0 10H00. La r\u00e9gion de l\u2019Oriental a par ailleurs enregistr\u00e9 un total de 16 cas de gu\u00e9rison et 8 d\u00e9c\u00e8s, selon [&hellip;]<\/p>\n","protected":false},"author":1788,"featured_media":0,"comment_status":"closed","ping_status":"closed","sticky":false,"template":"","format":"standard","meta":{"fifu_image_url":"","fifu_image_alt":"","footnotes":""},"categories":[54,76],"tags":[],"class_list":["post-83021","post","type-post","status-publish","format-standard","hentry","category-maroc","category-regions"],"_links":{"self":[{"href":"https:\/\/linitiative.ca\/International\/wp-json\/wp\/v2\/posts\/83021","targetHints":{"allow":["GET"]}}],"collection":[{"href":"https:\/\/linitiative.ca\/International\/wp-json\/wp\/v2\/posts"}],"about":[{"href":"https:\/\/linitiative.ca\/International\/wp-json\/wp\/v2\/types\/post"}],"author":[{"embeddable":true,"href":"https:\/\/linitiative.ca\/International\/wp-json\/wp\/v2\/users\/1788"}],"replies":[{"embeddable":true,"href":"https:\/\/linitiative.ca\/International\/wp-json\/wp\/v2\/comments?post=83021"}],"version-history":[{"count":0,"href":"https:\/\/linitiative.ca\/International\/wp-json\/wp\/v2\/posts\/83021\/revisions"}],"wp:attachment":[{"href":"https:\/\/linitiative.ca\/International\/wp-json\/wp\/v2\/media?parent=83021"}],"wp:term":[{"taxonomy":"category","embeddable":true,"href":"https:\/\/linitiative.ca\/International\/wp-json\/wp\/v2\/categories?post=83021"},{"taxonomy":"post_tag","embeddable":true,"href":"https:\/\/linitiative.ca\/International\/wp-json\/wp\/v2\/tags?post=83021"}],"curies":[{"name":"wp","href":"https:\/\/api.w.org\/{rel}","templated":true}]}}