{"id":83022,"date":"2020-04-20T15:27:57","date_gmt":"2020-04-20T19:27:57","guid":{"rendered":"https:\/\/linitiative.ca\/International\/enseignement-la-commission-europeenne-partage-ses-ressources\/"},"modified":"2020-04-20T15:27:57","modified_gmt":"2020-04-20T19:27:57","slug":"enseignement-la-commission-europeenne-partage-ses-ressources","status":"publish","type":"post","link":"https:\/\/linitiative.ca\/International\/enseignement-la-commission-europeenne-partage-ses-ressources\/","title":{"rendered":"Enseignement: La Commission europ\u00e9enne partage ses ressources"},"content":{"rendered":"<div class=\"author\" readability=\"5.69491525424\"> Par <a href=\"\/content\/ahlam-nazih\"> Ahlam NAZIH<\/a> <a href=\"\/node\/\"> <\/a> | Edition N\u00b0:5745 Le 21\/04\/2020 | Partager <\/div>\n<div class=\"body\">\n<div class=\"field field-name-body field-type-text-with-summary field-label-hidden\">\n<div class=\"field-items\" readability=\"9.5\">\n<div class=\"field-item even\" property=\"content:encoded\" readability=\"14\">\n<p class=\"rtejustify\">La Commission europ\u00e9enne compte partager avec le Maroc, non seulement les bonnes pratiques en mati\u00e8re de e-learning, mais aussi les ressources num\u00e9riques disponibles dans le cadre du Digital Education Action Plan. C\u2019est ce qui est ressorti de la visioconf\u00e9rence organis\u00e9e la semaine derni\u00e8re entre des responsables de la Commission, le minist\u00e8re de l\u2019Enseignement sup\u00e9rieur, celui de la Jeunesse et des sports et l\u2019Agence marocaine de coop\u00e9ration internationale (AMCI). Des formations de formateurs sont \u00e9galement pr\u00e9vues. Des appels \u00e0 projets R&amp;D europ\u00e9ens pour la lutte contre la crise du Covid-19 seront aussi ouverts aux chercheurs marocains.<\/p>\n<p class=\"rtejustify\"><em>A.Na<\/em><\/p>\n<\/div>\n<\/div>\n<\/div>\n<\/div>\n<div class=\"eco-conseil\">\n<div class=\"view view-eco-conseil-16 view-id-eco_conseil_16 view-display-id-cookies view-dom-id-84bd353df52ac60f02840b8542fab5f5\">\n<div class=\"view-content\">\n<div id=\"views-bootstrap-grid-1\" class=\"views-bootstrap-grid-plugin-style\">\n<div class=\"row\">\n<div class=\" col-xs-12 col-lg-4\">\n<div class=\"row\">\n<div class=\"col col-xs-12 col-lg-12\">\n<div class=\"field-content\"><a href=\"\/article\/1060839-ou-sont-passes-les-masques\"><img loading=\"lazy\" decoding=\"async\" class=\"img-responsive\" typeof=\"foaf:Image\" src=\"https:\/\/www.leconomiste.com\/sites\/default\/files\/eco7\/public\/styles\/800x400\/public\/default_images\/default_une.jpg?itok=4jZlgnIZ\" width=\"660\" height=\"330\" alt=\"\"\/><\/a><\/div>\n<\/div>\n<div class=\" title_suite_2 col col-xs-12 col-lg-12\"> <a href=\"\/article\/1060839-ou-sont-passes-les-masques\"\/><span class=\"field-content\">O\u00f9 sont pass\u00e9s les masques?<\/span><\/div>\n<\/div>\n<\/div>\n<div class=\" col-xs-12 col-lg-4\">\n<div class=\"row\">\n<div class=\"col col-xs-12 col-lg-12\">\n<div class=\"field-content\"><a href=\"\/article\/1060838-des-chefs-etoiles-offriront-1-000-repas-gratuits-par-jour\"><img loading=\"lazy\" decoding=\"async\" class=\"img-responsive\" typeof=\"foaf:Image\" src=\"https:\/\/www.leconomiste.com\/sites\/default\/files\/eco7\/public\/styles\/800x400\/public\/default_images\/default_une.jpg?itok=4jZlgnIZ\" width=\"660\" height=\"330\" alt=\"\"\/><\/a><\/div>\n<\/div>\n<div class=\" title_suite_2 col col-xs-12 col-lg-12\"> <a href=\"\/article\/1060838-des-chefs-etoiles-offriront-1-000-repas-gratuits-par-jour\"\/><span class=\"field-content\">Des chefs \u00e9toil\u00e9s offriront 1.000 repas gratuits par jour<\/span><\/div>\n<\/div>\n<\/div>\n<div class=\" col-xs-12 col-lg-4\">\n<div class=\"row\">\n<div class=\"col col-xs-12 col-lg-12\">\n<div class=\"field-content\"><a href=\"\/article\/1060836-les-inscriptions-l-ofppt-retardees\"><img loading=\"lazy\" decoding=\"async\" class=\"img-responsive\" typeof=\"foaf:Image\" src=\"https:\/\/www.leconomiste.com\/sites\/default\/files\/eco7\/public\/styles\/800x400\/public\/default_images\/default_une.jpg?itok=4jZlgnIZ\" width=\"660\" height=\"330\" alt=\"\"\/><\/a><\/div>\n<\/div>\n<div class=\" title_suite_2 col col-xs-12 col-lg-12\"> <a href=\"\/article\/1060836-les-inscriptions-l-ofppt-retardees\"\/><span class=\"field-content\">Les inscriptions \u00e0 l\u2019Ofppt retard\u00e9es<\/span><\/div>\n<\/div>\n<\/div>\n<\/div>\n<\/div>\n<\/div>\n<\/div>\n<\/div>\n<p>Auteur: hlafriqi<br \/>\n<a href=\"https:\/\/www.leconomiste.com\/article\/1060837-enseignement-la-commission-europeenne-partage-ses-ressources\">Cliquez ici pour lire l&rsquo;article depuis sa source.<\/a><\/p>\n","protected":false},"excerpt":{"rendered":"<p>Par Ahlam NAZIH | Edition N\u00b0:5745 Le 21\/04\/2020 | Partager La Commission europ\u00e9enne compte partager avec le Maroc, non seulement les bonnes pratiques en mati\u00e8re de e-learning, mais aussi les ressources num\u00e9riques disponibles dans le cadre du Digital Education Action Plan. C\u2019est ce qui est ressorti de la visioconf\u00e9rence organis\u00e9e la semaine derni\u00e8re entre des [&hellip;]<\/p>\n","protected":false},"author":1763,"featured_media":0,"comment_status":"closed","ping_status":"closed","sticky":false,"template":"","format":"standard","meta":{"fifu_image_url":"","fifu_image_alt":"","footnotes":""},"categories":[78,54],"tags":[],"class_list":["post-83022","post","type-post","status-publish","format-standard","hentry","category-economie","category-maroc"],"_links":{"self":[{"href":"https:\/\/linitiative.ca\/International\/wp-json\/wp\/v2\/posts\/83022","targetHints":{"allow":["GET"]}}],"collection":[{"href":"https:\/\/linitiative.ca\/International\/wp-json\/wp\/v2\/posts"}],"about":[{"href":"https:\/\/linitiative.ca\/International\/wp-json\/wp\/v2\/types\/post"}],"author":[{"embeddable":true,"href":"https:\/\/linitiative.ca\/International\/wp-json\/wp\/v2\/users\/1763"}],"replies":[{"embeddable":true,"href":"https:\/\/linitiative.ca\/International\/wp-json\/wp\/v2\/comments?post=83022"}],"version-history":[{"count":0,"href":"https:\/\/linitiative.ca\/International\/wp-json\/wp\/v2\/posts\/83022\/revisions"}],"wp:attachment":[{"href":"https:\/\/linitiative.ca\/International\/wp-json\/wp\/v2\/media?parent=83022"}],"wp:term":[{"taxonomy":"category","embeddable":true,"href":"https:\/\/linitiative.ca\/International\/wp-json\/wp\/v2\/categories?post=83022"},{"taxonomy":"post_tag","embeddable":true,"href":"https:\/\/linitiative.ca\/International\/wp-json\/wp\/v2\/tags?post=83022"}],"curies":[{"name":"wp","href":"https:\/\/api.w.org\/{rel}","templated":true}]}}