{"id":83023,"date":"2020-04-20T15:28:55","date_gmt":"2020-04-20T19:28:55","guid":{"rendered":"https:\/\/linitiative.ca\/International\/des-chefs-etoiles-offriront-1-000-repas-gratuits-par-jour\/"},"modified":"2020-04-20T15:28:55","modified_gmt":"2020-04-20T19:28:55","slug":"des-chefs-etoiles-offriront-1-000-repas-gratuits-par-jour","status":"publish","type":"post","link":"https:\/\/linitiative.ca\/International\/des-chefs-etoiles-offriront-1-000-repas-gratuits-par-jour\/","title":{"rendered":"Des chefs \u00e9toil\u00e9s offriront 1.000 repas gratuits par jour"},"content":{"rendered":"<div class=\"author\" readability=\"5.69491525424\"> Par <a href=\"\/content\/ahlam-nazih\"> Ahlam NAZIH<\/a> <a href=\"\/node\/\"> <\/a> | Edition N\u00b0:5745 Le 21\/04\/2020 | Partager <\/div>\n<div class=\"body\">\n<div class=\"field field-name-body field-type-text-with-summary field-label-hidden\">\n<div class=\"field-items\" readability=\"12\">\n<div class=\"field-item even\" property=\"content:encoded\" readability=\"19\">\n<p class=\"rtejustify\">Le fondateur du groupe ESG, Jacques Knafo, qui a r\u00e9cemment lanc\u00e9 son projet de radio\/t\u00e9l\u00e9vision d\u00e9di\u00e9e \u00e0 l\u2019\u00e9ducation et \u00e0 la culture, Moza\u00efk, ainsi qu\u2019un restaurant du m\u00eame nom \u00e0 Casablanca, s\u2019appr\u00eate \u00e0 engager une nouvelle initiative. Knafo pr\u00e9pare la cr\u00e9ation d\u2019une association de 14 chefs ex\u00e9cutifs, \u00ables meilleurs chefs \u00e9toil\u00e9s du Maroc\u00bb, selon ses propres mots, pour servir avec le restaurant Moza\u00efk 1.000 repas par jour. Ils seront destin\u00e9s \u00e0 la fois au personnel soignant dans les h\u00f4pitaux et cliniques, et aux personnes d\u00e9munies.<em> <\/em><\/p>\n<p class=\"rtejustify\"><em>A.Na<\/em><\/p>\n<\/div>\n<\/div>\n<\/div>\n<\/div>\n<div class=\"eco-conseil\">\n<div class=\"view view-eco-conseil-16 view-id-eco_conseil_16 view-display-id-cookies view-dom-id-b423581003c1f9c4d13c9d3f8af0c7a9\">\n<div class=\"view-content\">\n<div id=\"views-bootstrap-grid-1\" class=\"views-bootstrap-grid-plugin-style\">\n<div class=\"row\">\n<div class=\" col-xs-12 col-lg-4\">\n<div class=\"row\">\n<div class=\"col col-xs-12 col-lg-12\">\n<div class=\"field-content\"><a href=\"\/article\/1060839-ou-sont-passes-les-masques\"><img loading=\"lazy\" decoding=\"async\" class=\"img-responsive\" typeof=\"foaf:Image\" src=\"https:\/\/www.leconomiste.com\/sites\/default\/files\/eco7\/public\/styles\/800x400\/public\/default_images\/default_une.jpg?itok=4jZlgnIZ\" width=\"660\" height=\"330\" alt=\"\"\/><\/a><\/div>\n<\/div>\n<div class=\" title_suite_2 col col-xs-12 col-lg-12\"> <a href=\"\/article\/1060839-ou-sont-passes-les-masques\"\/><span class=\"field-content\">O\u00f9 sont pass\u00e9s les masques?<\/span><\/div>\n<\/div>\n<\/div>\n<div class=\" col-xs-12 col-lg-4\">\n<div class=\"row\">\n<div class=\"col col-xs-12 col-lg-12\">\n<div class=\"field-content\"><a href=\"\/article\/1060837-enseignement-la-commission-europeenne-partage-ses-ressources\"><img loading=\"lazy\" decoding=\"async\" class=\"img-responsive\" typeof=\"foaf:Image\" src=\"https:\/\/www.leconomiste.com\/sites\/default\/files\/eco7\/public\/styles\/800x400\/public\/default_images\/default_une.jpg?itok=4jZlgnIZ\" width=\"660\" height=\"330\" alt=\"\"\/><\/a><\/div>\n<\/div>\n<div class=\" title_suite_2 col col-xs-12 col-lg-12\"> <a href=\"\/article\/1060837-enseignement-la-commission-europeenne-partage-ses-ressources\"\/><span class=\"field-content\">Enseignement: La Commission europ\u00e9enne partage ses ressources<\/span><\/div>\n<\/div>\n<\/div>\n<div class=\" col-xs-12 col-lg-4\">\n<div class=\"row\">\n<div class=\"col col-xs-12 col-lg-12\">\n<div class=\"field-content\"><a href=\"\/article\/1060836-les-inscriptions-l-ofppt-retardees\"><img loading=\"lazy\" decoding=\"async\" class=\"img-responsive\" typeof=\"foaf:Image\" src=\"https:\/\/www.leconomiste.com\/sites\/default\/files\/eco7\/public\/styles\/800x400\/public\/default_images\/default_une.jpg?itok=4jZlgnIZ\" width=\"660\" height=\"330\" alt=\"\"\/><\/a><\/div>\n<\/div>\n<div class=\" title_suite_2 col col-xs-12 col-lg-12\"> <a href=\"\/article\/1060836-les-inscriptions-l-ofppt-retardees\"\/><span class=\"field-content\">Les inscriptions \u00e0 l\u2019Ofppt retard\u00e9es<\/span><\/div>\n<\/div>\n<\/div>\n<\/div>\n<\/div>\n<\/div>\n<\/div>\n<\/div>\n<p>Auteur: hlafriqi<br \/>\n<a href=\"https:\/\/www.leconomiste.com\/article\/1060838-des-chefs-etoiles-offriront-1-000-repas-gratuits-par-jour\">Cliquez ici pour lire l&rsquo;article depuis sa source.<\/a><\/p>\n","protected":false},"excerpt":{"rendered":"<p>Par Ahlam NAZIH | Edition N\u00b0:5745 Le 21\/04\/2020 | Partager Le fondateur du groupe ESG, Jacques Knafo, qui a r\u00e9cemment lanc\u00e9 son projet de radio\/t\u00e9l\u00e9vision d\u00e9di\u00e9e \u00e0 l\u2019\u00e9ducation et \u00e0 la culture, Moza\u00efk, ainsi qu\u2019un restaurant du m\u00eame nom \u00e0 Casablanca, s\u2019appr\u00eate \u00e0 engager une nouvelle initiative. Knafo pr\u00e9pare la cr\u00e9ation d\u2019une association de 14 [&hellip;]<\/p>\n","protected":false},"author":1763,"featured_media":0,"comment_status":"closed","ping_status":"closed","sticky":false,"template":"","format":"standard","meta":{"fifu_image_url":"","fifu_image_alt":"","footnotes":""},"categories":[78,54],"tags":[],"class_list":["post-83023","post","type-post","status-publish","format-standard","hentry","category-economie","category-maroc"],"_links":{"self":[{"href":"https:\/\/linitiative.ca\/International\/wp-json\/wp\/v2\/posts\/83023","targetHints":{"allow":["GET"]}}],"collection":[{"href":"https:\/\/linitiative.ca\/International\/wp-json\/wp\/v2\/posts"}],"about":[{"href":"https:\/\/linitiative.ca\/International\/wp-json\/wp\/v2\/types\/post"}],"author":[{"embeddable":true,"href":"https:\/\/linitiative.ca\/International\/wp-json\/wp\/v2\/users\/1763"}],"replies":[{"embeddable":true,"href":"https:\/\/linitiative.ca\/International\/wp-json\/wp\/v2\/comments?post=83023"}],"version-history":[{"count":0,"href":"https:\/\/linitiative.ca\/International\/wp-json\/wp\/v2\/posts\/83023\/revisions"}],"wp:attachment":[{"href":"https:\/\/linitiative.ca\/International\/wp-json\/wp\/v2\/media?parent=83023"}],"wp:term":[{"taxonomy":"category","embeddable":true,"href":"https:\/\/linitiative.ca\/International\/wp-json\/wp\/v2\/categories?post=83023"},{"taxonomy":"post_tag","embeddable":true,"href":"https:\/\/linitiative.ca\/International\/wp-json\/wp\/v2\/tags?post=83023"}],"curies":[{"name":"wp","href":"https:\/\/api.w.org\/{rel}","templated":true}]}}