{"id":83024,"date":"2020-04-20T15:29:45","date_gmt":"2020-04-20T19:29:45","guid":{"rendered":"https:\/\/linitiative.ca\/International\/ou-sont-passes-les-masques\/"},"modified":"2020-04-20T15:29:45","modified_gmt":"2020-04-20T19:29:45","slug":"ou-sont-passes-les-masques","status":"publish","type":"post","link":"https:\/\/linitiative.ca\/International\/ou-sont-passes-les-masques\/","title":{"rendered":"O\u00f9 sont pass\u00e9s les masques?"},"content":{"rendered":"<div class=\"author\" readability=\"5.79310344828\"> Par <a href=\"\/content\/jihad-rizk\">Jihad RIZK <\/a> <a href=\"\/node\/\"> <\/a> | Edition N\u00b0:5745 Le 21\/04\/2020 | Partager <\/div>\n<div class=\"body\">\n<div class=\"field field-name-body field-type-text-with-summary field-label-hidden\">\n<div class=\"field-items\" readability=\"11.5\">\n<div class=\"field-item even\" property=\"content:encoded\" readability=\"18\">\n<p class=\"rtejustify\">Dans les journaux ou \u00e0 la t\u00e9l\u00e9, les Marocains ont tous appris non sans fiert\u00e9, que le pays pouvait produire jusqu\u2019\u00e0 5 millions de masques par jour. Sauf qu\u2019\u00e0 Casablanca, lorsqu\u2019ils vont chercher les masques \u00e0 la pharmacie la plus proche, la r\u00e9ponse est la m\u00eame: \u00abd\u00e9sol\u00e9, nous n\u2019en avons plus\u00bb. Certaines pharmacies au Ma\u00e2rif affichent carr\u00e9ment sur leur devanture la mention \u00abnous n\u2019avons pas de masques\u00bb. Et Casablanca ne serait pas une exception, semble-t-il. De deux choses l\u2019une: soit la logistique est d\u00e9faillante, soit la production ne suit pas. Pour rappel, le port du masque est obligatoire dans les lieux publics.<\/p>\n<p class=\"rtejustify\"><em>J.R.<\/em><\/p>\n<\/div>\n<\/div>\n<\/div>\n<\/div>\n<div class=\"eco-conseil\">\n<div class=\"view view-eco-conseil-16 view-id-eco_conseil_16 view-display-id-cookies view-dom-id-6e85f94dff2c19df6d8bd3196032ca77\">\n<div class=\"view-content\">\n<div id=\"views-bootstrap-grid-1\" class=\"views-bootstrap-grid-plugin-style\">\n<div class=\"row\">\n<div class=\" col-xs-12 col-lg-4\">\n<div class=\"row\">\n<div class=\"col col-xs-12 col-lg-12\">\n<div class=\"field-content\"><a href=\"\/article\/1060838-des-chefs-etoiles-offriront-1-000-repas-gratuits-par-jour\"><img loading=\"lazy\" decoding=\"async\" class=\"img-responsive\" typeof=\"foaf:Image\" src=\"https:\/\/www.leconomiste.com\/sites\/default\/files\/eco7\/public\/styles\/800x400\/public\/default_images\/default_une.jpg?itok=4jZlgnIZ\" width=\"660\" height=\"330\" alt=\"\"\/><\/a><\/div>\n<\/div>\n<div class=\" title_suite_2 col col-xs-12 col-lg-12\"> <a href=\"\/article\/1060838-des-chefs-etoiles-offriront-1-000-repas-gratuits-par-jour\"\/><span class=\"field-content\">Des chefs \u00e9toil\u00e9s offriront 1.000 repas gratuits par jour<\/span><\/div>\n<\/div>\n<\/div>\n<div class=\" col-xs-12 col-lg-4\">\n<div class=\"row\">\n<div class=\"col col-xs-12 col-lg-12\">\n<div class=\"field-content\"><a href=\"\/article\/1060837-enseignement-la-commission-europeenne-partage-ses-ressources\"><img loading=\"lazy\" decoding=\"async\" class=\"img-responsive\" typeof=\"foaf:Image\" src=\"https:\/\/www.leconomiste.com\/sites\/default\/files\/eco7\/public\/styles\/800x400\/public\/default_images\/default_une.jpg?itok=4jZlgnIZ\" width=\"660\" height=\"330\" alt=\"\"\/><\/a><\/div>\n<\/div>\n<div class=\" title_suite_2 col col-xs-12 col-lg-12\"> <a href=\"\/article\/1060837-enseignement-la-commission-europeenne-partage-ses-ressources\"\/><span class=\"field-content\">Enseignement: La Commission europ\u00e9enne partage ses ressources<\/span><\/div>\n<\/div>\n<\/div>\n<div class=\" col-xs-12 col-lg-4\">\n<div class=\"row\">\n<div class=\"col col-xs-12 col-lg-12\">\n<div class=\"field-content\"><a href=\"\/article\/1060836-les-inscriptions-l-ofppt-retardees\"><img loading=\"lazy\" decoding=\"async\" class=\"img-responsive\" typeof=\"foaf:Image\" src=\"https:\/\/www.leconomiste.com\/sites\/default\/files\/eco7\/public\/styles\/800x400\/public\/default_images\/default_une.jpg?itok=4jZlgnIZ\" width=\"660\" height=\"330\" alt=\"\"\/><\/a><\/div>\n<\/div>\n<div class=\" title_suite_2 col col-xs-12 col-lg-12\"> <a href=\"\/article\/1060836-les-inscriptions-l-ofppt-retardees\"\/><span class=\"field-content\">Les inscriptions \u00e0 l\u2019Ofppt retard\u00e9es<\/span><\/div>\n<\/div>\n<\/div>\n<\/div>\n<\/div>\n<\/div>\n<\/div>\n<\/div>\n<p>Auteur: hlafriqi<br \/>\n<a href=\"https:\/\/www.leconomiste.com\/article\/1060839-ou-sont-passes-les-masques\">Cliquez ici pour lire l&rsquo;article depuis sa source.<\/a><\/p>\n","protected":false},"excerpt":{"rendered":"<p>Par Jihad RIZK | Edition N\u00b0:5745 Le 21\/04\/2020 | Partager Dans les journaux ou \u00e0 la t\u00e9l\u00e9, les Marocains ont tous appris non sans fiert\u00e9, que le pays pouvait produire jusqu\u2019\u00e0 5 millions de masques par jour. Sauf qu\u2019\u00e0 Casablanca, lorsqu\u2019ils vont chercher les masques \u00e0 la pharmacie la plus proche, la r\u00e9ponse est la [&hellip;]<\/p>\n","protected":false},"author":1763,"featured_media":0,"comment_status":"closed","ping_status":"closed","sticky":false,"template":"","format":"standard","meta":{"fifu_image_url":"","fifu_image_alt":"","footnotes":""},"categories":[78,54],"tags":[],"class_list":["post-83024","post","type-post","status-publish","format-standard","hentry","category-economie","category-maroc"],"_links":{"self":[{"href":"https:\/\/linitiative.ca\/International\/wp-json\/wp\/v2\/posts\/83024","targetHints":{"allow":["GET"]}}],"collection":[{"href":"https:\/\/linitiative.ca\/International\/wp-json\/wp\/v2\/posts"}],"about":[{"href":"https:\/\/linitiative.ca\/International\/wp-json\/wp\/v2\/types\/post"}],"author":[{"embeddable":true,"href":"https:\/\/linitiative.ca\/International\/wp-json\/wp\/v2\/users\/1763"}],"replies":[{"embeddable":true,"href":"https:\/\/linitiative.ca\/International\/wp-json\/wp\/v2\/comments?post=83024"}],"version-history":[{"count":0,"href":"https:\/\/linitiative.ca\/International\/wp-json\/wp\/v2\/posts\/83024\/revisions"}],"wp:attachment":[{"href":"https:\/\/linitiative.ca\/International\/wp-json\/wp\/v2\/media?parent=83024"}],"wp:term":[{"taxonomy":"category","embeddable":true,"href":"https:\/\/linitiative.ca\/International\/wp-json\/wp\/v2\/categories?post=83024"},{"taxonomy":"post_tag","embeddable":true,"href":"https:\/\/linitiative.ca\/International\/wp-json\/wp\/v2\/tags?post=83024"}],"curies":[{"name":"wp","href":"https:\/\/api.w.org\/{rel}","templated":true}]}}