{"id":83028,"date":"2020-04-21T15:02:21","date_gmt":"2020-04-21T19:02:21","guid":{"rendered":"https:\/\/linitiative.ca\/International\/le-covid-19-peut-se-manifester-sous-une-forme-neurologique\/"},"modified":"2020-04-21T15:02:21","modified_gmt":"2020-04-21T19:02:21","slug":"le-covid-19-peut-se-manifester-sous-une-forme-neurologique","status":"publish","type":"post","link":"https:\/\/linitiative.ca\/International\/le-covid-19-peut-se-manifester-sous-une-forme-neurologique\/","title":{"rendered":"Le Covid-19 peut se manifester sous une forme neurologique"},"content":{"rendered":"<p>\u2022 La perte d&rsquo;odorat et de go\u00fbt est constat\u00e9e chez de nombreux patients atteints<\/p>\n<div readability=\"116\">\n<ul>\n<li><strong>Oui, pour un d\u00e9confinement progressif. Nous devrons apprendre progressivement \u00e0 organiser notre vie collective avec ce virus<\/strong><\/li>\n<\/ul>\n<p><strong><em>Les sympt\u00f4mes du Covid-19 peuvent \u00eatre neurologiques, tel est le constat que font des \u00e9quipes m\u00e9dicales plusieurs semaines apr\u00e8s les premi\u00e8res descriptions cliniques de l\u2019infection au coronavirus. Plusieurs neurologues mettent en garde vis-\u00e0-vis de ces formes cliniques encore peu connues comme en t\u00e9moigne, In\u00e8s Ben Arbia, neurologue et tr\u00e9sori\u00e8re adjointe de l\u2019association tunisienne de Neurologie(ATN)<\/em><\/strong><\/p>\n<p><strong>LE TEMPS : Bien que les coronavirus soient des virus essentiellement respiratoires, plusieurs recherches font \u00e9tat de leur capacit\u00e9 \u00e0 infecter aussi le syst\u00e8me nerveux central et \u00e0 provoquer des troubles neurologiques. les sympt\u00f4mes peuvent-ils \u00eatre neurologiques?<\/strong><\/p>\n<p><strong>In\u00e8s Ben Arbia :<\/strong>La maladie Covid-19 peut parfois se manifester sous une forme neurologique. Ces formes cliniques neurologiques sont encore peu connues. Elles s\u2019ajoutent aux signes habituels tels que la fi\u00e8vre, la toux, la fatigue, ou la g\u00eane respiratoire. Il appara\u00eet m\u00eame que des patients Covid-19 peuvent ne pas pr\u00e9senter de fi\u00e8vre et de toux, mais seulement des sympt\u00f4mes neurologiques au d\u00e9but de la maladie, notamment un Accident Vasculaire C\u00e9r\u00e9bral AVC (h\u00e9morragie c\u00e9r\u00e9brale, infarctus c\u00e9r\u00e9bral), un mal de t\u00eate brutal, tr\u00e8s intense et inhabituel ou bien des Troubles de la vigilance (confusion, somnolence) une paralysie, une faiblesse musculaire, une inflammation des nerfs ( syndrome de Guillain Barr\u00e9). Ces signes doivent imm\u00e9diatement inciter \u00e0 consulter un m\u00e9decin, car il peut s\u2019agir de signes d\u2019alerte du Covid-19.<\/p>\n<ul>\n<li><strong>La perte d&rsquo;odorat et de go\u00fbt constat\u00e9e chez de nombreux patients atteints du Covid-19 est-elle un signe que le coronavirus s&rsquo;attaque au syst\u00e8me nerveux central?<\/strong><\/li>\n<\/ul>\n<p>La progression de l\u2019\u00e9pid\u00e9mie s\u2019accompagne de la description de nouveaux signes cliniques tant\u00f4t digestifs (naus\u00e9es et vomissements, diarrh\u00e9es, anorexie), tant\u00f4t rhinologiques : l&rsquo;anosmie, c&rsquo;est-\u00e0-dire la perte totale ou partielle de l&rsquo;odorat, s&rsquo;av\u00e8re un sympt\u00f4me fr\u00e9quent du Covid-19. De nombreux cas pourraient associer des pertes d&rsquo;odorat, voire se r\u00e9v\u00e9ler par une anosmie partielle ou compl\u00e8te telle que de nombreux patients ont l&rsquo;impression d&rsquo;avoir \u00e9galement perdu le go\u00fbt, sans obstruction du nez, sans \u00e9coulement et qui peut donc survenir de fa\u00e7on isol\u00e9e<\/p>\n<ul>\n<li><strong>Quel est le r\u00f4le des soci\u00e9t\u00e9s savantes tunisiennes dans la prise en charge de cette maladie?<\/strong><\/li>\n<\/ul>\n<p>Les soci\u00e9t\u00e9s savantes tunisiennes de Neurologie Tunisiennes : l\u2019ATN (Association Tunisienne de Neurologie) en collaboration avec le coll\u00e8ge de Neurologie et l\u2019ATNL (Association Tunisienne des Neurologues Lib\u00e9raux) organisent des Webinaires pour actualiser et approfondir les connaissances des cliniciens et des jeunes neurologues concernant le Neuro-Covid, et \u00e9laborent des strat\u00e9gies de la prise en charge de ces patients dans les structures hospitali\u00e8res et les cabinets priv\u00e9s.<\/p>\n<ul>\n<li><strong>Pensez-vous que la Tunisie a bien g\u00e9r\u00e9 cette \u00e9pid\u00e9mie?<\/strong><\/li>\n<\/ul>\n<p>La Tunisie a bien g\u00e9r\u00e9 cette \u00e9pid\u00e9mie sur le plan strat\u00e9gique de sant\u00e9. En effet, elle a anticip\u00e9 les mesures de protection, d\u00e8s fin janvier alors que le Covid \u00e9tait localis\u00e9 en Chine avec la g\u00e9n\u00e9ralisation des compagnes de sensibilisation, la prise de temp\u00e9rature des voyageurs \u00e0 notre a\u00e9roport (nous sommes les premiers \u00e0 le faire et, moi-m\u00eame, je l\u2019ai constat\u00e9 lors de voyage en France o\u00f9 Espagne en f\u00e9vrier et la prise de temp\u00e9rature se faisait uniquement chez nous avec un box m\u00e9dical sp\u00e9cial Covid a l\u2019arriv\u00e9e). Les passagers suspect ou de retour de Chine se faisaient d\u00e9j\u00e0 tester et mis en quarantaine. Nous avons proc\u00e9d\u00e9 au confinement d\u2019une fa\u00e7on pr\u00e9coce et anticip\u00e9 les mesures de protection dans les h\u00f4pitaux et les cliniques au stade 3, alors qu&rsquo;on \u00e9tait au stade 2 et, l\u00e0, je salue les efforts du minist\u00e8re, des directions r\u00e9gionales, du personnel de sant\u00e9 et du corps m\u00e9dical qui ont fait preuve de courage et d\u2019efficacit\u00e9 jusqu&rsquo;\u00e0 ce jour. Ceci n&#8217;emp\u00eache pas de dire que malgr\u00e9 ces efforts, la situation est d\u00e9j\u00e0 pr\u00e9caire dans nos h\u00f4pitaux qui manquent de mat\u00e9riel et qui souffrent depuis plusieurs ann\u00e9es. Nous esp\u00e9rons qu\u2019avec cette solidarit\u00e9 nationale, nous puissions offrir de bonnes conditions de prise en charge \u00e0 nos patients<\/p>\n<ul>\n<li><strong>Etes-vous pour le d\u00e9confinement ?<\/strong><\/li>\n<\/ul>\n<p>J&rsquo;esp\u00e8re qu\u2019on arrivera \u00e0 ma\u00eetriser la situation mais \u00e0 une condition, celle de continuer le confinement jusqu&rsquo;au 3 mai. Le d\u00e9confinement est conditionn\u00e9 par les tests s\u00e9rologiques. Gr\u00e2ce \u00e0 ces tests, il sera en effet possible d&rsquo;identifier massivement les personnes qui ont eu, ou non, le virus et sont a priori immunis\u00e9es contre le Covid-19.\u00a0 Ce d\u00e9pistage doit \u00eatre massif et rapide. Une donn\u00e9e fondamentale pour \u00e9viter une recrudescence du nombre de malades lors du retour \u00e0 la normale. Le port des masques doit \u00eatre obligatoire. La r\u00e9ouverture des \u00e9tablissements scolaires, de la cr\u00e8che au lyc\u00e9e, doit \u00eatre progressive. Les \u00e9l\u00e8ves des classes terminales et les \u00e9tudiants devront faire leur retour en classe en douceur, en respectant les gestes barri\u00e8res tout en portant des masques et respectant la distanciation. Le confinement des personnes \u00e2g\u00e9es et ayant des maladies chroniques (HTA, diab\u00e8te, cancer) doit se prolonger jusqu\u2019\u00e0 octobre. Le retour aux usines et bureaux doit \u00eatre par ordre de priorit\u00e9. Quant aux lieux rassemblant du public: restaurants, caf\u00e9s, h\u00f4tels, cin\u00e9mas, th\u00e9\u00e2tres, salles de spectacles et mus\u00e9es, c&rsquo;est la derni\u00e8re \u00e9tape du d\u00e9confinement lorsqu\u2019on aura z\u00e9ro nouveau cas. Il faudra avoir toujours \u00e0 l\u2019id\u00e9e que notre vie \u00e0 partir du 4 mai ce ne sera pas exactement la vie d\u2019avant le confinement.\u00a0 Nous devrons apprendre progressivement \u00e0 organiser notre vie collective avec ce virus.<\/p>\n<p class=\"c2\"><strong>Kamel BOUAOUINA<\/strong><\/p>\n<\/div>\n<p>Auteur: letemps1<br \/>\n<a href=\"http:\/\/www.letemps.com.tn\/article\/113092\/le-covid-19-peut-se-manifester-sous-une-forme-neurologique\">Cliquez ici pour lire l&rsquo;article depuis sa source.<\/a><\/p>\n","protected":false},"excerpt":{"rendered":"<p>\u2022 La perte d&rsquo;odorat et de go\u00fbt est constat\u00e9e chez de nombreux patients atteints Oui, pour un d\u00e9confinement progressif. Nous devrons apprendre progressivement \u00e0 organiser notre vie collective avec ce virus Les sympt\u00f4mes du Covid-19 peuvent \u00eatre neurologiques, tel est le constat que font des \u00e9quipes m\u00e9dicales plusieurs semaines apr\u00e8s les premi\u00e8res descriptions cliniques de [&hellip;]<\/p>\n","protected":false},"author":1773,"featured_media":0,"comment_status":"closed","ping_status":"closed","sticky":false,"template":"","format":"standard","meta":{"fifu_image_url":"","fifu_image_alt":"","footnotes":""},"categories":[73,55],"tags":[],"class_list":["post-83028","post","type-post","status-publish","format-standard","hentry","category-actualite","category-tunisie"],"_links":{"self":[{"href":"https:\/\/linitiative.ca\/International\/wp-json\/wp\/v2\/posts\/83028","targetHints":{"allow":["GET"]}}],"collection":[{"href":"https:\/\/linitiative.ca\/International\/wp-json\/wp\/v2\/posts"}],"about":[{"href":"https:\/\/linitiative.ca\/International\/wp-json\/wp\/v2\/types\/post"}],"author":[{"embeddable":true,"href":"https:\/\/linitiative.ca\/International\/wp-json\/wp\/v2\/users\/1773"}],"replies":[{"embeddable":true,"href":"https:\/\/linitiative.ca\/International\/wp-json\/wp\/v2\/comments?post=83028"}],"version-history":[{"count":0,"href":"https:\/\/linitiative.ca\/International\/wp-json\/wp\/v2\/posts\/83028\/revisions"}],"wp:attachment":[{"href":"https:\/\/linitiative.ca\/International\/wp-json\/wp\/v2\/media?parent=83028"}],"wp:term":[{"taxonomy":"category","embeddable":true,"href":"https:\/\/linitiative.ca\/International\/wp-json\/wp\/v2\/categories?post=83028"},{"taxonomy":"post_tag","embeddable":true,"href":"https:\/\/linitiative.ca\/International\/wp-json\/wp\/v2\/tags?post=83028"}],"curies":[{"name":"wp","href":"https:\/\/api.w.org\/{rel}","templated":true}]}}