{"id":83029,"date":"2020-04-21T15:12:48","date_gmt":"2020-04-21T19:12:48","guid":{"rendered":"https:\/\/linitiative.ca\/International\/international-boban-en-guerre-contre-le-milan-ac\/"},"modified":"2020-04-21T15:12:48","modified_gmt":"2020-04-21T19:12:48","slug":"international-boban-en-guerre-contre-le-milan-ac","status":"publish","type":"post","link":"https:\/\/linitiative.ca\/International\/international-boban-en-guerre-contre-le-milan-ac\/","title":{"rendered":"International : Boban en guerre contre le Milan AC ?"},"content":{"rendered":"<div readability=\"32\">\n<p>Auteur : <span class=\"time\">mardi 21 avril 2020 13:36<\/span><\/p>\n<\/div>\n<div id=\"post_core\" readability=\"37\">\n<p>L\u2019ancien joueur \u00e9tudie ses options et serait pr\u00eat \u00e0 porter cette affaire devant le tribunal pour contester cette d\u00e9cision comme l&rsquo;indique Calciomercato. Ce licenciement pourrait donc avoir des cons\u00e9quences \u00e9conomiques pour le club milanais. Pour rappel, avant son d\u00e9part, Boban avait critiqu\u00e9 publiquement la gestion d\u2019Ivan Gazidis (directeur g\u00e9n\u00e9ral) dans une interview \u00e0 la Gazzetta dello Sport.<\/p>\n<p><strong>Publi\u00e9 dans :<\/strong> <span>Mian AC<\/span><\/p>\n<\/div>\n<p>Auteur:<br \/>\n<a href=\"http:\/\/www.lebuteur.com\/article\/detail?titre=boban-en-guerre-contre-le-milan-ac&#038;id=95692&#038;utm_source=feedburner&#038;utm_medium=feed&#038;utm_campaign=Feed%3A+GalerieFArtciles+%28Les+derniers+articles++-+lebuteur.com%29\">Cliquez ici pour lire l&rsquo;article depuis sa source.<\/a><\/p>\n","protected":false},"excerpt":{"rendered":"<p>Auteur : mardi 21 avril 2020 13:36 L\u2019ancien joueur \u00e9tudie ses options et serait pr\u00eat \u00e0 porter cette affaire devant le tribunal pour contester cette d\u00e9cision comme l&rsquo;indique Calciomercato. Ce licenciement pourrait donc avoir des cons\u00e9quences \u00e9conomiques pour le club milanais. Pour rappel, avant son d\u00e9part, Boban avait critiqu\u00e9 publiquement la gestion d\u2019Ivan Gazidis (directeur [&hellip;]<\/p>\n","protected":false},"author":1738,"featured_media":83030,"comment_status":"closed","ping_status":"closed","sticky":false,"template":"","format":"standard","meta":{"fifu_image_url":"","fifu_image_alt":"","footnotes":""},"categories":[53,75],"tags":[],"class_list":["post-83029","post","type-post","status-publish","format-standard","has-post-thumbnail","hentry","category-algerie","category-sport"],"_links":{"self":[{"href":"https:\/\/linitiative.ca\/International\/wp-json\/wp\/v2\/posts\/83029","targetHints":{"allow":["GET"]}}],"collection":[{"href":"https:\/\/linitiative.ca\/International\/wp-json\/wp\/v2\/posts"}],"about":[{"href":"https:\/\/linitiative.ca\/International\/wp-json\/wp\/v2\/types\/post"}],"author":[{"embeddable":true,"href":"https:\/\/linitiative.ca\/International\/wp-json\/wp\/v2\/users\/1738"}],"replies":[{"embeddable":true,"href":"https:\/\/linitiative.ca\/International\/wp-json\/wp\/v2\/comments?post=83029"}],"version-history":[{"count":0,"href":"https:\/\/linitiative.ca\/International\/wp-json\/wp\/v2\/posts\/83029\/revisions"}],"wp:featuredmedia":[{"embeddable":true,"href":"https:\/\/linitiative.ca\/International\/wp-json\/"}],"wp:attachment":[{"href":"https:\/\/linitiative.ca\/International\/wp-json\/wp\/v2\/media?parent=83029"}],"wp:term":[{"taxonomy":"category","embeddable":true,"href":"https:\/\/linitiative.ca\/International\/wp-json\/wp\/v2\/categories?post=83029"},{"taxonomy":"post_tag","embeddable":true,"href":"https:\/\/linitiative.ca\/International\/wp-json\/wp\/v2\/tags?post=83029"}],"curies":[{"name":"wp","href":"https:\/\/api.w.org\/{rel}","templated":true}]}}