{"id":83035,"date":"2020-04-21T15:13:01","date_gmt":"2020-04-21T19:13:01","guid":{"rendered":"https:\/\/linitiative.ca\/International\/pros-galatasaray-feghouli-sur-le-depart-dans-les-prochaines-semaines\/"},"modified":"2020-04-21T15:13:01","modified_gmt":"2020-04-21T19:13:01","slug":"pros-galatasaray-feghouli-sur-le-depart-dans-les-prochaines-semaines","status":"publish","type":"post","link":"https:\/\/linitiative.ca\/International\/pros-galatasaray-feghouli-sur-le-depart-dans-les-prochaines-semaines\/","title":{"rendered":"Pros : Galatasaray : Feghouli sur le d\u00e9part dans les prochaines semaines ?"},"content":{"rendered":"<div readability=\"32\">\n<p>Auteur : <span class=\"time\">mardi 21 avril 2020 18:47<\/span><\/p>\n<\/div>\n<div id=\"post_core\" readability=\"47\">\n<p>En effet, selon les informations du m\u00e9dia turc Fanatik, Sofiane Feghouli pourrait quitter Galatasaray dans les prochaines semaines alors que son contrat expire en juin 2022. La raison ? Le club de la capitale turque ne sera plus en mesure de pleinement r\u00e9mun\u00e9rer son attaquant, qui touche 3,85M\u20ac par an hors bonus comme l&rsquo;indique Footmercato.<\/p>\n<p>La direction de Galatasary attend des offres et souhaite r\u00e9cup\u00e9rer un ch\u00e8que moyennant 6M\u20ac pour la vente de l\u2019international alg\u00e9rien (62 s\u00e9lections, 12 buts), selon le m\u00e9dia turc. Affaire \u00e0 suivre.<\/p>\n<p><strong>Publi\u00e9 dans :<\/strong> <span>Galatasaray<\/span><\/p>\n<\/div>\n<p>Auteur:<br \/>\n<a href=\"http:\/\/www.lebuteur.com\/article\/detail?titre=galatasaray-feghouli-sur-le-depart-dans-les-prochaines-semaines&#038;id=95695&#038;utm_source=feedburner&#038;utm_medium=feed&#038;utm_campaign=Feed%3A+GalerieFArtciles+%28Les+derniers+articles++-+lebuteur.com%29\">Cliquez ici pour lire l&rsquo;article depuis sa source.<\/a><\/p>\n","protected":false},"excerpt":{"rendered":"<p>Auteur : mardi 21 avril 2020 18:47 En effet, selon les informations du m\u00e9dia turc Fanatik, Sofiane Feghouli pourrait quitter Galatasaray dans les prochaines semaines alors que son contrat expire en juin 2022. La raison ? Le club de la capitale turque ne sera plus en mesure de pleinement r\u00e9mun\u00e9rer son attaquant, qui touche 3,85M\u20ac [&hellip;]<\/p>\n","protected":false},"author":1738,"featured_media":83036,"comment_status":"closed","ping_status":"closed","sticky":false,"template":"","format":"standard","meta":{"fifu_image_url":"","fifu_image_alt":"","footnotes":""},"categories":[53,75],"tags":[],"class_list":["post-83035","post","type-post","status-publish","format-standard","has-post-thumbnail","hentry","category-algerie","category-sport"],"_links":{"self":[{"href":"https:\/\/linitiative.ca\/International\/wp-json\/wp\/v2\/posts\/83035","targetHints":{"allow":["GET"]}}],"collection":[{"href":"https:\/\/linitiative.ca\/International\/wp-json\/wp\/v2\/posts"}],"about":[{"href":"https:\/\/linitiative.ca\/International\/wp-json\/wp\/v2\/types\/post"}],"author":[{"embeddable":true,"href":"https:\/\/linitiative.ca\/International\/wp-json\/wp\/v2\/users\/1738"}],"replies":[{"embeddable":true,"href":"https:\/\/linitiative.ca\/International\/wp-json\/wp\/v2\/comments?post=83035"}],"version-history":[{"count":0,"href":"https:\/\/linitiative.ca\/International\/wp-json\/wp\/v2\/posts\/83035\/revisions"}],"wp:featuredmedia":[{"embeddable":true,"href":"https:\/\/linitiative.ca\/International\/wp-json\/"}],"wp:attachment":[{"href":"https:\/\/linitiative.ca\/International\/wp-json\/wp\/v2\/media?parent=83035"}],"wp:term":[{"taxonomy":"category","embeddable":true,"href":"https:\/\/linitiative.ca\/International\/wp-json\/wp\/v2\/categories?post=83035"},{"taxonomy":"post_tag","embeddable":true,"href":"https:\/\/linitiative.ca\/International\/wp-json\/wp\/v2\/tags?post=83035"}],"curies":[{"name":"wp","href":"https:\/\/api.w.org\/{rel}","templated":true}]}}