{"id":83037,"date":"2020-04-21T15:13:03","date_gmt":"2020-04-21T19:13:03","guid":{"rendered":"https:\/\/linitiative.ca\/International\/divers-coronavirus-93-nouveaux-cas-confirmes-et-8-nouveaux-deces-en-algerie\/"},"modified":"2020-04-21T15:13:03","modified_gmt":"2020-04-21T19:13:03","slug":"divers-coronavirus-93-nouveaux-cas-confirmes-et-8-nouveaux-deces-en-algerie","status":"publish","type":"post","link":"https:\/\/linitiative.ca\/International\/divers-coronavirus-93-nouveaux-cas-confirmes-et-8-nouveaux-deces-en-algerie\/","title":{"rendered":"Divers : Coronavirus: 93 nouveaux cas confirm\u00e9s et 8 nouveaux d\u00e9c\u00e8s en Alg\u00e9rie"},"content":{"rendered":"<div readability=\"32\">\n<p>Auteur : <span>APS<\/span> <span class=\"time\">mardi 21 avril 2020 18:52<\/span><\/p>\n<\/div>\n<div id=\"post_core\" readability=\"72\">\n<p>Quatre-vingt-treize (93) nouveaux cas confirm\u00e9s de coronavirus (Covid-19) et huit (8) nouveaux d\u00e9c\u00e8s ont \u00e9t\u00e9 enregistr\u00e9s en Alg\u00e9rie lors des derni\u00e8res 24 heures, portant ainsi le nombre de cas confirm\u00e9s \u00e0 2811 et celui des d\u00e9c\u00e8s \u00e0 392, a indiqu\u00e9 mardi le porte-parole du Comit\u00e9 scientifique de suivi de l&rsquo;\u00e9volution de la pand\u00e9mie du Coronavirus, Djamel Fourar.<\/p>\n<p>Intervenant lors du point de presse quotidien consacr\u00e9 \u00e0 l&rsquo;\u00e9volution de la pand\u00e9mie, Dr Fourar a pr\u00e9cis\u00e9 que le nombre des personnes gu\u00e9ries a encore progress\u00e9 pour atteindre 1152, dont 53 lors des derni\u00e8res 24 heures.<\/p>\n<p>Il a \u00e9galement ajout\u00e9 que le nombre des patients sous traitement a atteint 4527, comprenant 1623 cas confirm\u00e9s par analyses de laboratoires et 2904 cas \u00ab\u00a0suspects\u00a0\u00bb diagnostiqu\u00e9s par radiologie et scanner, pr\u00e9cisant que 34 patients sont toujours en soins intensifs.<\/p>\n<p>Dr Fourar a relev\u00e9 que l&rsquo;ensemble des cas confirm\u00e9s au coronavirus ont \u00e9t\u00e9 enregistr\u00e9s \u00e0 travers 47 wilayas, ajoutant que la tranche d&rsquo;\u00e2ge 25-60 ans repr\u00e9sente 54% des cas et celle de 60 ans et plus 37%.<\/p>\n<p>Le m\u00eame responsable a relev\u00e9 que 24 wilayas n&rsquo;ont connu aucun cas au coronavirus ce mardi et 16 autres ont recens\u00e9 entre un et trois cas.<\/p>\n<p>Dr Fourar a indiqu\u00e9 que 50% des d\u00e9c\u00e8s ont \u00e9t\u00e9 enregistr\u00e9s \u00e0 Blida et Alger et que 64,3 % de ces d\u00e9c\u00e8s concernent des personnes \u00e2g\u00e9es de 65 ans et plus.<\/p>\n<p>Enfin, Il a rappel\u00e9 que le num\u00e9ro vert (3030) reste \u00e0 la disposition des citoyens pour r\u00e9pondre \u00e0 leurs r\u00e9occupations, r\u00e9it\u00e9rant l\u2019imp\u00e9ratif de respecter les recommandations des sp\u00e9cialistes concernant les r\u00e8gles d&rsquo;hygi\u00e8ne personnelle et environnementale, ainsi que des conditions de confinement sanitaire.<\/p>\n<p><strong>Publi\u00e9 dans :<\/strong> <span>Coronavirus<\/span><\/p>\n<\/div>\n<p>Auteur:<br \/>\n<a href=\"http:\/\/www.lebuteur.com\/article\/detail?titre=coronavirus-93-nouveaux-cas-confirmes-et-8-nouveaux-deces-en-algerie&#038;id=95696&#038;utm_source=feedburner&#038;utm_medium=feed&#038;utm_campaign=Feed%3A+GalerieFArtciles+%28Les+derniers+articles++-+lebuteur.com%29\">Cliquez ici pour lire l&rsquo;article depuis sa source.<\/a><\/p>\n","protected":false},"excerpt":{"rendered":"<p>Auteur : APS mardi 21 avril 2020 18:52 Quatre-vingt-treize (93) nouveaux cas confirm\u00e9s de coronavirus (Covid-19) et huit (8) nouveaux d\u00e9c\u00e8s ont \u00e9t\u00e9 enregistr\u00e9s en Alg\u00e9rie lors des derni\u00e8res 24 heures, portant ainsi le nombre de cas confirm\u00e9s \u00e0 2811 et celui des d\u00e9c\u00e8s \u00e0 392, a indiqu\u00e9 mardi le porte-parole du Comit\u00e9 scientifique de [&hellip;]<\/p>\n","protected":false},"author":1738,"featured_media":83038,"comment_status":"closed","ping_status":"closed","sticky":false,"template":"","format":"standard","meta":{"fifu_image_url":"","fifu_image_alt":"","footnotes":""},"categories":[53,75],"tags":[],"class_list":["post-83037","post","type-post","status-publish","format-standard","has-post-thumbnail","hentry","category-algerie","category-sport"],"_links":{"self":[{"href":"https:\/\/linitiative.ca\/International\/wp-json\/wp\/v2\/posts\/83037","targetHints":{"allow":["GET"]}}],"collection":[{"href":"https:\/\/linitiative.ca\/International\/wp-json\/wp\/v2\/posts"}],"about":[{"href":"https:\/\/linitiative.ca\/International\/wp-json\/wp\/v2\/types\/post"}],"author":[{"embeddable":true,"href":"https:\/\/linitiative.ca\/International\/wp-json\/wp\/v2\/users\/1738"}],"replies":[{"embeddable":true,"href":"https:\/\/linitiative.ca\/International\/wp-json\/wp\/v2\/comments?post=83037"}],"version-history":[{"count":0,"href":"https:\/\/linitiative.ca\/International\/wp-json\/wp\/v2\/posts\/83037\/revisions"}],"wp:featuredmedia":[{"embeddable":true,"href":"https:\/\/linitiative.ca\/International\/wp-json\/"}],"wp:attachment":[{"href":"https:\/\/linitiative.ca\/International\/wp-json\/wp\/v2\/media?parent=83037"}],"wp:term":[{"taxonomy":"category","embeddable":true,"href":"https:\/\/linitiative.ca\/International\/wp-json\/wp\/v2\/categories?post=83037"},{"taxonomy":"post_tag","embeddable":true,"href":"https:\/\/linitiative.ca\/International\/wp-json\/wp\/v2\/tags?post=83037"}],"curies":[{"name":"wp","href":"https:\/\/api.w.org\/{rel}","templated":true}]}}