{"id":83039,"date":"2020-04-21T15:16:30","date_gmt":"2020-04-21T19:16:30","guid":{"rendered":"https:\/\/linitiative.ca\/International\/oms-recommandations-pour-mieux-jeuner-durant-le-mois-beni\/"},"modified":"2020-04-21T15:16:30","modified_gmt":"2020-04-21T19:16:30","slug":"oms-recommandations-pour-mieux-jeuner-durant-le-mois-beni","status":"publish","type":"post","link":"https:\/\/linitiative.ca\/International\/oms-recommandations-pour-mieux-jeuner-durant-le-mois-beni\/","title":{"rendered":"OMS  :  Recommandations pour mieux je\u00fbner durant le mois b\u00e9ni"},"content":{"rendered":"<p>Alors que la date de d\u00e9but du ramadan sera connue dans la soir\u00e9e du jeudi 23 avril (nuit du doute), l\u2019Organisation mondiale de la sant\u00e9 (OMS) a \u00e9mis lundi dernier des recommandations afin que les musulmans du monde entier puissent vivre ce mois de je\u00fbne, de pri\u00e8re et de partage dans les meilleures conditions.<br \/>Il s\u2019agit notamment de concilier les mesures de confinement aux consignes sanitaires. Et afin de limiter la propagation du coronavirus, l\u2019OMS appelle \u00e0 limiter les c\u00e9l\u00e9brations religieuses collectives.<br \/>L\u2019OMS rappelle que le contact \u00e9troit entre les personnes facilite la transmission du coronavirus. Afin d\u2019att\u00e9nuer les r\u00e9percussions sur la sant\u00e9 publique, plusieurs pays ont mis en place des mesures de distanciation sociale.<br \/>Pour l\u2019agence onusienne, ces mesures constituent \u00abdes m\u00e9canismes essentiels\u00bb pour ma\u00eetriser la propagation de maladies infectieuses, en particulier d\u2019infections respiratoires, associ\u00e9e aux grands rassemblements de personnes. \u00abLes mesures visant \u00e0 maintenir une distance physique, notamment la fermeture des mosqu\u00e9es, le contr\u00f4le des r\u00e9unions publiques et les restrictions des d\u00e9placements, auront des cons\u00e9quences directes sur les rassemblements sociaux et religieux au c\u0153ur du ramadan\u00bb, a reconnu l\u2019OMS.<\/p>\n<p><strong>Envisager l\u2019annulation de rassemblements sociaux et religieux<\/strong><\/p>\n<p>Pour le prochain ramadan, l\u2019annulation des rassemblements sociaux et religieux doit \u00eatre \u00abs\u00e9rieusement envisag\u00e9e\u00bb, conseille l\u2019agence onusienne estimant que les d\u00e9cisions doivent faire partie d\u2019une approche globale engag\u00e9e par les autorit\u00e9s nationales pour r\u00e9pondre \u00e0 la flamb\u00e9e \u00e9pid\u00e9mique.<br \/>Et si les rassemblements sociaux et religieux sont annul\u00e9s, des solutions de remplacement virtuelles (t\u00e9l\u00e9vision, radio, plate-formes num\u00e9riques, m\u00e9dias sociaux) sont possibles. Si les rassemblements du ramadan sont autoris\u00e9s, des mesures pour att\u00e9nuer le risque de transmission de la Covid-19 doivent \u00eatre appliqu\u00e9es.<br \/>De fa\u00e7on g\u00e9n\u00e9rale, l\u2019OMS invite les pays \u00e0 consid\u00e9rer les autorit\u00e9s sanitaires nationales comme la principale source d\u2019informations et de conseils sur la distanciation physique et les autres mesures visant \u00e0 enrayer la Covid-19 dans le contexte du ramadan. Une fa\u00e7on de rappeler aux Etats de veiller au respect des dispositions qu\u2019elles ont prises.<br \/>De plus, les responsables religieux doivent \u00eatre associ\u00e9s aux d\u00e9cisions en amont, afin qu\u2019ils relaient activement toute d\u00e9cision susceptible d\u2019affecter les \u00e9v\u00e9nements li\u00e9s au ramadan. De toute fa\u00e7on, l\u2019OMS estime qu\u2019une solide strat\u00e9gie de communication est essentielle pour expliquer aux population les motivations des d\u00e9cisions des autorit\u00e9s. Et des messages sur les comportements \u00e0 adopter doivent faire partie de la strat\u00e9gie de communication.<br \/>Par ailleurs, les personnes en bonne sant\u00e9 devraient pouvoir je\u00fbner pendant ce ramadan, les patients atteints de Covid-19 devraient toutefois \u00abenvisager de ne pas le faire\u00bb. En revanche, la consommation de tabac est vivement d\u00e9conseill\u00e9e quelles que soient les circonstances.<br \/>Concernant les personnes \u00e0 risque, comme les personnes \u00e2g\u00e9es et celles pr\u00e9sentant une affection pr\u00e9existante, l\u2019OMS les prie \u00ab\u00e0 ne pas se joindre aux rassemblements\u00bb.<br \/>S\u2019agissant de la distanciation physique, l\u2019OMS pr\u00e9conise de veiller en permanence \u00e0 conserver strictement une distance d\u2019au moins un m\u00e8tre (trois pieds) entre les personnes et d\u2019\u00abutiliser les salutations culturellement et religieusement accept\u00e9es n\u2019impliquant pas de contact physique\u00bb.<\/p>\n<p><strong>Une bonne hygi\u00e8ne pour limiter les risques de contamination<\/strong><\/p>\n<p>Afin de conserver en permanence des distances s\u00fbres, l\u2019OMS plaide aussi pour la r\u00e9gulation du nombre de personnes et leur circulation, \u00e0 l\u2019entr\u00e9e, \u00e0 l\u2019int\u00e9rieur et \u00e0 la sortie des lieux de culte et de p\u00e8lerinage.<br \/>Les musulmans pratiquent des ablutions avant la pri\u00e8re, ce qui est bon pour l\u2019hygi\u00e8ne. Mais pour l\u2019OMS, il faut aussi veiller \u00e0 ce que les installations pour le lavage des mains soient correctement pourvues en eau et en savon.<br \/>Les lieux de culte doivent \u00eatre r\u00e9guli\u00e8rement nettoy\u00e9s \u00abavant et apr\u00e8s chaque \u00e9v\u00e9nement\u00bb, recommande l\u2019OMS.<br \/>A l\u2019int\u00e9rieur des mosqu\u00e9es, il faut veiller \u00e0 la propret\u00e9 des lieux et des installations r\u00e9serv\u00e9es aux ablutions, ainsi qu\u2019aux bonnes conditions g\u00e9n\u00e9rales d\u2019hygi\u00e8ne et d\u2019assainissement. \u00abNettoyer r\u00e9guli\u00e8rement les objets qui sont touch\u00e9s souvent, comme les poign\u00e9es de porte, les interrupteurs et les rampes d\u2019escalier, \u00e0 l\u2019aide de d\u00e9tergents et de d\u00e9sinfectants\u00bb, ajoute l\u2019OMS.<br \/>Pour l\u2019OMS, il faut veiller \u00e0 entretenir les liens avec la famille, les amis et les personnes \u00e2g\u00e9es, en gardant une distance physique. \u00abIl est essentiel d\u2019encourager l\u2019utilisation de moyens de communication de remplacement, notamment num\u00e9riques\u00bb, fait remarquer l\u2019agence onusienne.<\/p>\n<p>Auteur: elmoudjahid<br \/>\n<a href=\"http:\/\/www.elmoudjahid.com\/fr\/actualites\/151949\">Cliquez ici pour lire l&rsquo;article depuis sa source.<\/a><\/p>\n","protected":false},"excerpt":{"rendered":"<p>Alors que la date de d\u00e9but du ramadan sera connue dans la soir\u00e9e du jeudi 23 avril (nuit du doute), l\u2019Organisation mondiale de la sant\u00e9 (OMS) a \u00e9mis lundi dernier des recommandations afin que les musulmans du monde entier puissent vivre ce mois de je\u00fbne, de pri\u00e8re et de partage dans les meilleures conditions.Il s\u2019agit [&hellip;]<\/p>\n","protected":false},"author":1744,"featured_media":0,"comment_status":"closed","ping_status":"closed","sticky":false,"template":"","format":"standard","meta":{"fifu_image_url":"","fifu_image_alt":"","footnotes":""},"categories":[73,53],"tags":[],"class_list":["post-83039","post","type-post","status-publish","format-standard","hentry","category-actualite","category-algerie"],"_links":{"self":[{"href":"https:\/\/linitiative.ca\/International\/wp-json\/wp\/v2\/posts\/83039","targetHints":{"allow":["GET"]}}],"collection":[{"href":"https:\/\/linitiative.ca\/International\/wp-json\/wp\/v2\/posts"}],"about":[{"href":"https:\/\/linitiative.ca\/International\/wp-json\/wp\/v2\/types\/post"}],"author":[{"embeddable":true,"href":"https:\/\/linitiative.ca\/International\/wp-json\/wp\/v2\/users\/1744"}],"replies":[{"embeddable":true,"href":"https:\/\/linitiative.ca\/International\/wp-json\/wp\/v2\/comments?post=83039"}],"version-history":[{"count":0,"href":"https:\/\/linitiative.ca\/International\/wp-json\/wp\/v2\/posts\/83039\/revisions"}],"wp:attachment":[{"href":"https:\/\/linitiative.ca\/International\/wp-json\/wp\/v2\/media?parent=83039"}],"wp:term":[{"taxonomy":"category","embeddable":true,"href":"https:\/\/linitiative.ca\/International\/wp-json\/wp\/v2\/categories?post=83039"},{"taxonomy":"post_tag","embeddable":true,"href":"https:\/\/linitiative.ca\/International\/wp-json\/wp\/v2\/tags?post=83039"}],"curies":[{"name":"wp","href":"https:\/\/api.w.org\/{rel}","templated":true}]}}