{"id":83041,"date":"2020-04-21T15:16:36","date_gmt":"2020-04-21T19:16:36","guid":{"rendered":"https:\/\/linitiative.ca\/International\/liberte-de-la-presse-crise-sanitaire-et-situation-economique-les-precisions-du-porte-parole-officiel-de-la-presidence\/"},"modified":"2020-04-21T15:16:36","modified_gmt":"2020-04-21T19:16:36","slug":"liberte-de-la-presse-crise-sanitaire-et-situation-economique-les-precisions-du-porte-parole-officiel-de-la-presidence","status":"publish","type":"post","link":"https:\/\/linitiative.ca\/International\/liberte-de-la-presse-crise-sanitaire-et-situation-economique-les-precisions-du-porte-parole-officiel-de-la-presidence\/","title":{"rendered":"Libert\u00e9 de la presse, crise sanitaire et situation \u00e9conomique  :  Les pr\u00e9cisions du porte-parole  officiel de la pr\u00e9sidence"},"content":{"rendered":"<p>La situation sanitaire en Alg\u00e9rie s\u2019am\u00e9liore comme le montrent des indicateurs positifs dans la lutte contre la pand\u00e9mie du Covid-19, a indiqu\u00e9, hier, le ministre-conseiller de la communication, porte-parole officiel de la Pr\u00e9sidence de la R\u00e9publique, Mohand Oussaid Belaid. Lors d\u2019une conf\u00e9rence de presse anim\u00e9e au si\u00e8ge de la Pr\u00e9sidence, le haut responsable a argument\u00e9 le constat positif par la baisse de la propagation de la pand\u00e9mie dans plusieurs wilayas ainsi que l\u2019augmentation des cas de gu\u00e9rison \u00e0 1.090 et le recul des d\u00e9c\u00e8s avec moins de 10 cas par jour. \u00abCes r\u00e9sultats ont \u00e9t\u00e9 r\u00e9alis\u00e9s gr\u00e2ce \u00e0 la volont\u00e9 de Dieu mais \u00e9galement aux grands efforts fournis dans la lutte contre la pand\u00e9mie d\u2019une fa\u00e7on directe ou indirecte, en application des d\u00e9cisions du pr\u00e9sident de la R\u00e9publique qui suit de pr\u00e8s la situation et l\u2019\u00e9volution, chaque heure, \u00e0 travers toutes les wilayas\u00bb, a assur\u00e9 l\u2019intervenant, rappelant \u00e9galement la mise en place d\u2019un pont a\u00e9rien avec la Chine pour l\u2019acquisition d\u2019\u00e9quipements m\u00e9dicaux.\u00a0<\/p>\n<p>Le conf\u00e9rencier a salu\u00e9 aussi l\u2019esprit de discipline des citoyens et le respect du confinement sanitaire, les appelant \u00e0 plus de patience et a mis en garde contre tout rel\u00e2chement \u00e0 l\u2019approche du mois de ramadhan pour combattre cette pand\u00e9mie, revenir \u00e0 la vie normale et renouer le contact pour l\u2019ex\u00e9cution des agendas de la nouvelle Alg\u00e9rie, notamment l\u2019amendement de la Constitution.\u00a0 Dans sa pr\u00e9sentation, M. Mohand Oussaid Belaid a \u00e9voqu\u00e9 les diff\u00e9rentes activit\u00e9s du pr\u00e9sident de la R\u00e9publique, en d\u00e9pit de la pand\u00e9mie. \u00abLe dernier Conseil des ministres s\u2019est r\u00e9uni, en vid\u00e9oconf\u00e9rence. Le pr\u00e9sident veille de pr\u00e8s, donne des orientations et instructions et fait le suivi de la situation dans la r\u00e9gion du Sahel\u00bb, a-t-il pr\u00e9cis\u00e9. Il est \u00e9galement revenu sur la visite qu\u2019a effectu\u00e9e le Pr\u00e9sident dans la capitale o\u00f9 il s\u2019est enquis, \u00e0 l&rsquo;h\u00f4pital de Beni Messous et \u00e0 la Pharmacie centrale alg\u00e9rienne, de la prise en charge des malades et des conditions de travail du personnel m\u00e9dical ainsi que du stock des \u00e9quipements.\u00a0 S\u2019agissant des rencontres avec la presse, M. Belaid a soulign\u00e9 que \u00abla Pr\u00e9sidence de la R\u00e9publique a assur\u00e9 la continuit\u00e9 en mati\u00e8re d\u2019information de l\u2019opinion publique \u00e0 travers des communiqu\u00e9s. Cela s\u2019inscrit dans la nouvelle gouvernance bas\u00e9e sur l\u2019efficacit\u00e9 et la transparence\u00bb.<\/p>\n<p><strong>Les Alg\u00e9riens font don de 230 milliards de centimes et d\u2019un million de dollars\u00a0<\/strong><\/p>\n<p>Dans son intervention \u00e0 l\u2019ouverture de la conf\u00e9rence, le ministre-conseiller a annonc\u00e9 que le montant des dons financiers vers\u00e9s dans les comptes d\u00e9di\u00e9s \u00e0 la lutte contre le Covid-19 s&rsquo;\u00e9l\u00e8ve \u00e0 230 milliards de centimes et un million de dollars. Ainsi, \u00abpour assurer la transparence de l\u2019op\u00e9ration et barrer la route \u00e0 toute mauvaise interpr\u00e9tation de la part de ceux, habitu\u00e9s \u00e0 p\u00eacher en eaux troubles, je vous informe qu\u2019une commission, sous la supervision du Premier ministre, compos\u00e9e du Croissant-rouge alg\u00e9rien et des repr\u00e9sentants de la soci\u00e9t\u00e9 civile, sera mise en place apr\u00e8s la fin de cette pand\u00e9mie\u00bb, a-t-il annonc\u00e9. La commission aura pour mission de pr\u00e9senter des propositions au pr\u00e9sident de la R\u00e9publique sur la gestion des dons et leur distribution aux personnes affect\u00e9es par la pand\u00e9mie. M. Oussaid Belaid a tenu \u00e0 cette occasion \u00e0 saluer l\u2019engagement et la participation des citoyens, des investisseurs priv\u00e9s et ceux qui ont fait des dons. \u00abLes Alg\u00e9riens ont fait preuve d\u2019esprit patriotique et d\u2019un \u00e9lan populaire qui doivent \u00eatre pr\u00e9serv\u00e9s dans la bataille de l\u2019Alg\u00e9rie nouvelle\u00bb, a-t-il soulign\u00e9.<\/p>\n<p>R\u00e9pondant \u00e0 El Moudjahid sur le prolongement du confinement sanitaire au 29 avril, M. Oussaid Belaid a assur\u00e9 que \u00abla d\u00e9cision revient aux experts de la commission scientifique. Il y a des indicateurs positifs et on aura de bonnes nouvelles dans les prochains jours sur l\u2019am\u00e9lioration de la situation sanitaire g\u00e9n\u00e9rale\u00bb, a-t-il estim\u00e9. Toutefois, il a pr\u00e9cis\u00e9 que la d\u00e9cision de lev\u00e9e du confinement sanitaire est \u00abentre les mains des citoyens, qui doivent respecter les consignes de la pr\u00e9vention s\u2019ils veulent mettre fin au confinement. Le citoyen responsable doit respecter les r\u00e8gles pour acc\u00e9l\u00e9rer la lev\u00e9e de la mesure, mais il y a une inconscience, m\u00eame si elle est minime, de la part de citoyens qui ne respectent pas les dispositions de pr\u00e9vention de la pand\u00e9mie\u00bb, a-t-il relev\u00e9. Quel est le r\u00f4le de l\u2019ARAV (Autorit\u00e9 de r\u00e9gulation de l&rsquo;audiovisuel) notamment\u00a0<\/p>\n<p>en cette p\u00e9riode sensible marqu\u00e9e par des fake news ? Le porte-parole de la Pr\u00e9sidence a indiqu\u00e9 que \u00abcette instance n\u2019\u00e9tait pas efficace ni op\u00e9rationnelle auparavant. Aujourd\u2019hui, un nouveau directeur, Mohamed Louber, vient d\u2019\u00eatre nomm\u00e9 \u00e0 sa t\u00eate et elle vient d\u2019\u00eatre dot\u00e9e d\u2019un nouveau si\u00e8ge. La pand\u00e9mie de Covid-19 a fait que son action comme force sur le terrain a \u00e9t\u00e9 report\u00e9e. Mais il faut savoir que le minist\u00e8re de la Communication accomplit bien son r\u00f4le\u00bb, a-t-il r\u00e9pondu. S\u2019agissant des derniers changements au sein de l\u2019ANP, \u00abils s\u2019inscrivent dans le cadre de la nouvelle vision de modernisation des institutions et c\u2019est l\u00e0 un mouvement ordinaire\u00bb, a assur\u00e9 M. Oussaid Belaid.<\/p>\n<p>Sur une question \u00e9conomique, le ministre-conseiller a assur\u00e9 que l\u2019Alg\u00e9rie ne va pas recourir \u00e0 l\u2019endettement ext\u00e9rieur. \u00abDu moment que le pr\u00e9sident de la R\u00e9publique a \u00e9cart\u00e9 le recours \u00e0 l&rsquo;endettement ext\u00e9rieur, la position de la R\u00e9publique alg\u00e9rienne sur cette question reste la m\u00eame\u00bb. Pour ce qui est des dispositions prises par l\u2019Alg\u00e9rie face \u00e0 la crise financi\u00e8re engendr\u00e9e par la chute des prix du p\u00e9trole, suite \u00e0 la propagation de la pand\u00e9mie de coronavirus, des mesures ont \u00e9t\u00e9 prises il y a deux mois. \u00abNous avons pr\u00e9vu cette crise et nous avons pris nos pr\u00e9cautions\u00bb, a-t-il affirm\u00e9, citant la r\u00e9duction des importations \u00e0 30% et la r\u00e9duction des budgets d\u00e9di\u00e9s aux services et \u00e9tudes. \u00abLa situation reste ma\u00eetris\u00e9e. Nous esp\u00e9rons Inch Allah que le march\u00e9 mondial du p\u00e9trole reprendra son souffle et que les prix remonteront aux niveaux qui soulagent et les producteurs et les consommateurs\u00bb, a-t-il affirm\u00e9.<\/p>\n<p>Plusieurs fonctionnaires ont \u00e9t\u00e9 affect\u00e9s par la crise sanitaire en Alg\u00e9rie. Le porte-parole de la Pr\u00e9sidence a \u00e9t\u00e9 rassurant : \u00abLe pr\u00e9sident de la R\u00e9publique accorde un int\u00e9r\u00eat \u00e0 tout ce qui a trait \u00e0 la prise en charge des r\u00e9percussions de la pand\u00e9mie et au soutien de l&rsquo;ensemble des personnes affect\u00e9es, y compris des journalistes avec moins de charges\u00bb, rappelant l\u2019allocation de solidarit\u00e9 d&rsquo;un montant de 10.000 DA qui sera octroy\u00e9e aux familles n\u00e9cessiteuses et \u00e0 celles affect\u00e9es par les mesures de pr\u00e9vention et de lutte contre l&rsquo;\u00e9pid\u00e9mie du Coronavirus et qui seront vers\u00e9es \u00e0 la veille du mois de Ramadhan ou durant la premi\u00e8re semaine du mois sacr\u00e9.\u00a0<\/p>\n<p>Cette question devrait \u00eatre pos\u00e9e au ministre de la Communication, porte-parole du gouvernement, a-t-il dit. Il a fait savoir en ce sens qu\u2019un recensement est en cours pour cerner les personnes et les entreprises impact\u00e9es dans tous les secteurs par les mesures de confinement.\u00a0<\/p>\n<p><strong>Encouragement total de la libert\u00e9 de la presse mais\u2026<\/strong><\/p>\n<p>A une question sur des journalistes arr\u00eat\u00e9s et mis en d\u00e9tention provisoire et la pression exerc\u00e9e sur certains m\u00e9dias \u00e0 travers la publicit\u00e9, le ministre-conseiller a assur\u00e9 \u00abque l\u2019Alg\u00e9rie nouvelle est en train de construire l\u2019Etat de droit, mais il existe encore des pratiques auxquelles certains sont habitu\u00e9s, des pratiques qui n\u2019ont pas de place dans un Etat de droit\u00bb, pr\u00e9cisant que \u00able pr\u00e9sident de la R\u00e9publique, soutient \u00e9norm\u00e9ment la libert\u00e9 de la presse \u00e0 travers l&rsquo;encouragement de la formation et du professionnalisme et l&rsquo;acc\u00e8s des journalistes aux institutions\u00bb, a-t-il r\u00e9pondu tout en affirmant qu\u2019il esp\u00e8re se prononcer sur cette question pour la derni\u00e8re fois. Selon lui, la libert\u00e9 de la presse ob\u00e9it \u00e0 trois principes, \u00e0 savoir \u00able respect de la loi sur l&rsquo;information, de l&rsquo;\u00e9thique et des m\u0153urs g\u00e9n\u00e9rales qui sont les limites de la libert\u00e9 de la presse en Alg\u00e9rie\u00bb.\u00a0\u00a0<\/p>\n<p>Les journalistes en question sont des citoyens concern\u00e9s par le droit commun. Ils ne sont pas poursuivis parce qu\u2019ils ont critiqu\u00e9 les pouvoirs publics. \u00abNous acceptons les critiques dans plus de 150 titres de presse, et c\u2019est tout \u00e0 fait normal, la d\u00e9mocratie, c\u2019est accepter l\u2019avis contraire et le contre-pouvoir repr\u00e9sent\u00e9 par l\u2019opposition\u00bb, a-t-il assur\u00e9. Le porte-parole \u00e0 la pr\u00e9sidence s\u2019est f\u00e9licit\u00e9 de la pr\u00e9sence de plusieurs sites \u00e9lectroniques et journaux, rappelant qu&rsquo;aucun pays du monde arabe ou en Afrique ne dispose d\u2019autant de m\u00e9dias, de sites \u00e9lectroniques et de cha\u00eenes de t\u00e9l\u00e9vision priv\u00e9es, mettant en avant \u00abl&rsquo;encouragement total \u00e0 la libert\u00e9 de la presse en Alg\u00e9rie\u00bb.\u00a0<\/p>\n<div readability=\"74.5\">\n<p>S\u2019agissant des questions relatives \u00e0 la politique \u00e9trang\u00e8re, Mohand Oussa\u00efd Bela\u00efd n\u2019a pas voulu commenter les derni\u00e8res campagnes tendancieuses contre l\u2019Alg\u00e9rie. \u00abJe n\u2019ai pas de r\u00e9ponse \u00e0 ceux qui n\u2019ont rien d\u2019autre \u00e0 faire que de cibler l\u2019Alg\u00e9rie, du moins s\u2019ils ciblaient la politique alg\u00e9rienne, mais ce sont des campagnes contre la personne du pr\u00e9sident de la R\u00e9publique. Notre \u00e9ducation ne nous permet pas de leur r\u00e9pondre, car nous sommes pr\u00e9occup\u00e9s par la modernisation de notre pays\u00bb, a-t-il insist\u00e9.<\/p>\n<p>\u00c0 une autre question sur le retrait de la candidature du diplomate alg\u00e9rien Ramtane Lamamra au poste de chef de la mission des Nations unies en Libye, consid\u00e9r\u00e9 par certains comme un \u00ab\u00e9chec de l\u2019Alg\u00e9rie\u00bb, le porte-parole de la pr\u00e9sidence de la R\u00e9publique a pr\u00e9cis\u00e9 que \u00abMonsieur Lamamra n\u2019avait pas postul\u00e9 \u00e0 ce poste. C\u2019est le SG de l\u2019ONU qui l\u2019a d\u00e9sign\u00e9. De ce fait, ceux qui voient en ce retrait un \u00e9chec de la diplomatie alg\u00e9rienne, \u00e9voquent ainsi l\u2019\u00e9chec du SG de l\u2019ONU\u00bb, a-t-il dit, ajoutant qu\u2019\u00bbun membre avait \u00e9mis des r\u00e9serves par rapport \u00e0 ce choix et ce n\u2019est pas la position de son pays, mais pour des int\u00e9r\u00eats locaux et des syst\u00e8mes qui tirent b\u00e9n\u00e9fice de la persistance de la crise libyenne\u00bb.\u00a0<\/p>\n<p>M. Oussa\u00efd Bela\u00efd a insist\u00e9 sur le fait que \u00abla Libye est un pays fr\u00e8re et aucune d\u00e9cision ne pourra \u00eatre prise sans l\u2019accord de l\u2019Alg\u00e9rie ou contre elle\u00bb. \u00abNotre pays poursuivra ses efforts pour la paix loin de toute surench\u00e8re et marchandage, car c\u2019est un devoir envers un peuple qui a soutenu la cause alg\u00e9rienne\u00bb, a-t-il indiqu\u00e9. \u00c9voquant la diplomatie alg\u00e9rienne, il a rappel\u00e9 que deux grandes sommit\u00e9s, MM. Lakhdar Ibrahimi et Mohamed Shanoun, avaient \u00e9t\u00e9 d\u00e9sign\u00e9es pour le r\u00e8glement de conflits. \u00abC\u2019est une fiert\u00e9 pour la diplomatie alg\u00e9rienne\u00bb, a-t-t-il soutenu.<\/p>\n<p><strong>L\u2019Agence alg\u00e9rienne de coop\u00e9ration internationale, une valeur ajout\u00e9e\u00a0<\/strong><\/p>\n<p>S\u2019agissant de la cr\u00e9ation de l\u2019Agence alg\u00e9rienne de coop\u00e9ration internationale pour la solidarit\u00e9 et le d\u00e9veloppement, le porte-parole de la pr\u00e9sidence a assur\u00e9 que le pr\u00e9sident de la R\u00e9publique avait d\u00e9cid\u00e9 la mise en place de cette agence, lors de sa participation, en f\u00e9vrier dernier, au sommet de l\u2019Union africaine. \u00abLe projet a \u00e9t\u00e9 concr\u00e9tis\u00e9 lundi, avec l\u2019installation de son directeur. L\u2019objectif principal de cette agence est de promouvoir une dynamique de d\u00e9veloppement dans le cadre de la coop\u00e9ration internationale avec l\u2019Alg\u00e9rie\u00bb, a-t-il relev\u00e9. \u00abElle a 12 missions , dont la formation des Alg\u00e9riens \u00e0 l\u2019\u00e9tranger et des \u00e9trangers en Alg\u00e9rie, ainsi que le suivi technique des projets supervis\u00e9s par l\u2019Alg\u00e9rie pour soutenir des pays fr\u00e8res dans la r\u00e9gion du Sahel\u00bb, a-t-il expliqu\u00e9, tout en assurant que \u00abcette agence est une valeur ajout\u00e9e et un outil d\u2019orientation pour la prise de d\u00e9cision et la concr\u00e9tisation des liens d\u2019amiti\u00e9s avec les pays fr\u00e8res\u00bb.\u00a0<\/p>\n<p>Concernant le projet d\u2019amendement de la Constitution, il dit qu\u2019il ne constitue pas actuellement une priorit\u00e9 majeure, en raison de la mobilisation dans la lutte contre la pand\u00e9mie. \u00abAucune date n\u2019a \u00e9t\u00e9 fix\u00e9e pour la pr\u00e9sentation de la mouture. Les conditions ne sont pas r\u00e9unies pour d\u00e9battre de ce projet en cette conjoncture sanitaire qui retient toute l\u2019attention des citoyens. Pour lancer des discussions, il faut des mesures op\u00e9rationnelles de pr\u00e9vention, comme le respect de la distance. Nous attendons l\u2019am\u00e9lioration de la situation\u00bb, a-t-il soulign\u00e9.<\/p>\n<p><strong>Message \u00e0 la presse\u00a0<\/strong><\/p>\n<p>M. Mohand Oussa\u00efd Bela\u00efd a conclu sa conf\u00e9rence par un message en direction des m\u00e9dias nationaux. \u00abFaites preuve de responsabilit\u00e9 et de patriotisme en cette p\u00e9riode. L\u2019Alg\u00e9rie se construit par une presse libre et ind\u00e9pendante pour renforcer la d\u00e9mocratie\u00bb, a-t-il indiqu\u00e9, assurant que l\u2019objectif de cette rencontre \u00abest d\u2019apporter les informations justes pour battre en br\u00e8che les rumeurs et les informations tendancieuses\u00bb.<\/p>\n<div readability=\"17.5\">\n<p><strong>Neila Benrahal\u00a0<\/strong><\/p>\n<p><strong>&#8212;&#8212;&#8212;&#8212;&#8212;&#8212;&#8212;&#8212;&#8212;&#8212;&#8212;&#8212;&#8212;&#8212;&#8212;&#8211;<\/strong><\/p>\n<p>M. Tebboune ordonne le retrait des expressions \u00absur instruction et orientations du Pr\u00e9sident\u00bb :<br \/><strong>\u00abLe culte de la personnalit\u00e9 est r\u00e9volu dans l\u2019Alg\u00e9rie nouvelle\u00bb<\/strong><\/p>\n<div readability=\"31\">\n<p>Le Pr\u00e9sident Abdelmadjid Tebboune a ordonn\u00e9, lundi dernier, dans une instruction \u00e0 l&rsquo;ensemble des d\u00e9partements minist\u00e9riels et des institutions publique de cesser d&rsquo;utiliser les expressions \u00absur orientations\u00bb et \u00absur instructions du pr\u00e9sident de la R\u00e9publique\u00bb, a annonc\u00e9 le ministre-conseiller de la communication, porte-parole officiel de la Pr\u00e9sidence de la R\u00e9publique, Mohand Oussaid Belaid, lors de sa conf\u00e9rence de presse. Il a pr\u00e9cis\u00e9, que cette d\u00e9cision est motiv\u00e9e par la volont\u00e9 de bannir le culte de la personnalit\u00e9 par le pr\u00e9sident Tebboune, qui a d\u00e9cid\u00e9 lors de la c\u00e9r\u00e9monie de prestation de serment, sa premi\u00e8re sortie m\u00e9diatique, le retrait du titre de \u00abSon Excellence\u00bb.\u00a0 Le Pr\u00e9sident ne demande pas \u00e0 \u00eatre sacralis\u00e9 ou glorifi\u00e9, mais un soutien solide. \u00abJe tiens \u00e0 l\u2019occasion \u00e0 rappeler les propos du discours d\u2019investiture du pr\u00e9sident de la R\u00e9publique :\u00a0 \u00abSi je r\u00e9ussis, aidez-moi et encouragez-moi, et si j&rsquo;ai failli corrigez-moi\u00bb, tout en affirmant que \u00able culte de la personnalit\u00e9 est r\u00e9volu dans l&rsquo;Alg\u00e9rie nouvelle\u00bb. Ne\u00efla B.<\/p>\n<div readability=\"19\">\n<p>&#8212;&#8212;&#8212;&#8212;&#8212;&#8212;&#8212;&#8212;&#8212;&#8212;&#8212;&#8212;&#8212;&#8212;&#8212;&#8212;-<\/p>\n<p><strong>Le projet du port de Cherchell apr\u00e8s la pand\u00e9mie\u00a0<\/strong><\/p>\n<p>En r\u00e9ponse \u00e0 une question sur le sort du projet du port Centre \u00e0 Cherchell, dans la wilaya de Tipasa, en partenariat avec les Chinois, le ministre conseiller a r\u00e9pondu que \u00ables deux pays sont occup\u00e9s actuellement, chacun de son c\u00f4t\u00e9, par la lutte contre la pand\u00e9mie\u00bb. \u00abApr\u00e8s la fin de cette catastrophe, le sujet sera soumis \u00e0 l&rsquo;\u00e9tude\u00bb, a-t-il ajout\u00e9. Neila B.<\/p>\n<\/div>\n<\/div>\n<\/div>\n<\/div>\n<p>Auteur: elmoudjahid<br \/>\n<a href=\"http:\/\/www.elmoudjahid.com\/fr\/actualites\/151951\">Cliquez ici pour lire l&rsquo;article depuis sa source.<\/a><\/p>\n","protected":false},"excerpt":{"rendered":"<p>La situation sanitaire en Alg\u00e9rie s\u2019am\u00e9liore comme le montrent des indicateurs positifs dans la lutte contre la pand\u00e9mie du Covid-19, a indiqu\u00e9, hier, le ministre-conseiller de la communication, porte-parole officiel de la Pr\u00e9sidence de la R\u00e9publique, Mohand Oussaid Belaid. Lors d\u2019une conf\u00e9rence de presse anim\u00e9e au si\u00e8ge de la Pr\u00e9sidence, le haut responsable a argument\u00e9 [&hellip;]<\/p>\n","protected":false},"author":1744,"featured_media":0,"comment_status":"closed","ping_status":"closed","sticky":false,"template":"","format":"standard","meta":{"fifu_image_url":"","fifu_image_alt":"","footnotes":""},"categories":[73,53],"tags":[],"class_list":["post-83041","post","type-post","status-publish","format-standard","hentry","category-actualite","category-algerie"],"_links":{"self":[{"href":"https:\/\/linitiative.ca\/International\/wp-json\/wp\/v2\/posts\/83041","targetHints":{"allow":["GET"]}}],"collection":[{"href":"https:\/\/linitiative.ca\/International\/wp-json\/wp\/v2\/posts"}],"about":[{"href":"https:\/\/linitiative.ca\/International\/wp-json\/wp\/v2\/types\/post"}],"author":[{"embeddable":true,"href":"https:\/\/linitiative.ca\/International\/wp-json\/wp\/v2\/users\/1744"}],"replies":[{"embeddable":true,"href":"https:\/\/linitiative.ca\/International\/wp-json\/wp\/v2\/comments?post=83041"}],"version-history":[{"count":0,"href":"https:\/\/linitiative.ca\/International\/wp-json\/wp\/v2\/posts\/83041\/revisions"}],"wp:attachment":[{"href":"https:\/\/linitiative.ca\/International\/wp-json\/wp\/v2\/media?parent=83041"}],"wp:term":[{"taxonomy":"category","embeddable":true,"href":"https:\/\/linitiative.ca\/International\/wp-json\/wp\/v2\/categories?post=83041"},{"taxonomy":"post_tag","embeddable":true,"href":"https:\/\/linitiative.ca\/International\/wp-json\/wp\/v2\/tags?post=83041"}],"curies":[{"name":"wp","href":"https:\/\/api.w.org\/{rel}","templated":true}]}}