{"id":83043,"date":"2020-04-21T15:16:42","date_gmt":"2020-04-21T19:16:42","guid":{"rendered":"https:\/\/linitiative.ca\/International\/commentaire-mobilisation-et-determination\/"},"modified":"2020-04-21T15:16:42","modified_gmt":"2020-04-21T19:16:42","slug":"commentaire-mobilisation-et-determination","status":"publish","type":"post","link":"https:\/\/linitiative.ca\/International\/commentaire-mobilisation-et-determination\/","title":{"rendered":"Commentaire : Mobilisation   et d\u00e9termination"},"content":{"rendered":"<p>\u00c0 ce propos, le Premier ministre, Abdelaziz Djerad, a d\u00e9cid\u00e9, en application des directives du chef de l\u2019\u00c9tat, de prendre un ensemble de mesures permettant de pallier certains dysfonctionnements li\u00e9s au confinement. Des dysfonctionnements qu\u2019il conviendra de lever pour maintenir une activit\u00e9 \u00e9conomique assurant, notamment, la survie des entreprises. M. Abdelaziz Djerad avait aussi instruit les membres du gouvernement de proc\u00e9der \u00e0 des concertations sectorielles avec les organisations patronales et les syndicats, pour \u00e9valuer et contenir l\u2019impact de la pand\u00e9mie de Covid-19. Ces concertations devront viser la pr\u00e9servation des emplois et la pr\u00e9paration \u00e0 la reprise des activit\u00e9s \u00e9conomiques.\u00a0<\/p>\n<p>Rudement mis \u00e0 mal par des comportements anti\u00e9conomiques, le mod\u00e8le de d\u00e9veloppement strat\u00e9gique des fili\u00e8res industrielles se pose avec acuit\u00e9. Son acc\u00e9l\u00e9ration et sa diversification, sa densification, la rationalisation de son d\u00e9ploiement territorial, l\u2019assainissement du foncier sont au c\u0153ur des processus industriel et minier. \u00c0 moyen et long termes, l&rsquo;effort doit \u00eatre orient\u00e9 vers la cr\u00e9ation d&rsquo;une v\u00e9ritable industrie, g\u00e9n\u00e9ratrice de richesse, en rupture totale avec des industries qui ne faisaient que consacrer la d\u00e9pendance, et r\u00e9duire l\u2019influence et les man\u0153uvres n\u00e9fastes des lobbies.\u00a0<\/p>\n<p>La chute brutale du prix du baril n\u00e9cessite par ailleurs des d\u00e9cisions audacieuses pour s\u2019affranchir de la d\u00e9pendance vis-\u00e0-vis des ressources fossiles, avec un red\u00e9ploiement vers le d\u00e9veloppement des \u00e9nergies renouvelables. M. Tebboune en a vivement conscience. Il s\u2019y attelle depuis son investiture \u00e0 la magistrature supr\u00eame.\u00a0<\/p>\n<p>L\u2019\u00c9tat, fid\u00e8le \u00e0 ses obligations, est aux c\u00f4tes des familles impact\u00e9es socialement par la pand\u00e9mie. Tous les m\u00e9canismes de solidarit\u00e9 et d\u2019entraide sont mobilis\u00e9s pour la prise en charge des franges les plus vuln\u00e9rables et veiller \u00e0 r\u00e9pondre \u00e0 leurs besoins et pr\u00e9occupations.\u00a0<\/p>\n<p>Les jeunes porteurs de projets et les start-up ont r\u00e9v\u00e9l\u00e9 des capacit\u00e9s d\u2019innovation et une ing\u00e9niosit\u00e9 av\u00e9r\u00e9e dans la lutte contre la pand\u00e9mie, ainsi qu\u2019une compl\u00e9mentarit\u00e9 de leurs efforts et de leurs domaines de sp\u00e9cialisation sur le front de la lutte.<\/p>\n<p>Le chef de l\u2019\u00c9tat a pris acte de ce savoir-faire auquel il a rendu hommage. \u00c0 cet \u00e9gard, la volont\u00e9 politique de l\u2019\u00c9tat est d\u00e9sormais r\u00e9elle et se d\u00e9cline \u00e0 travers les assurances de M. Abdelmadjid Tebboune et sa pleine disponibilit\u00e9 \u00e0 remobiliser tout ce potentiel local ou \u00e9tabli \u00e0 l\u2019\u00e9tranger. Rappelons que le Plan d\u2019action du gouvernement vise, en cette occurrence, a cr\u00e9ation et la d\u00e9finition du label institutionnel de la start-up alg\u00e9rienne et la labellisation des incubateurs suivant les standards internationaux, ainsi que la mise en place d\u2019un syst\u00e8me de financement sp\u00e9cifique. De\u2008surcro\u00eet, une s\u00e9rie de mesures incitatives d\u2019exon\u00e9ration fiscale est envisag\u00e9e au profit des start-up et des investisseurs, y compris ceux de la diaspora. Enfin, le plan pr\u00e9voit la cr\u00e9ation d\u2019un syst\u00e8me d\u2019information pour assurer leur suivi et leur essor.\u00a0<\/p>\n<p><strong>\u00a0 \u00a0 M. Bouraib<\/strong><\/p>\n<p>Auteur: elmoudjahid<br \/>\n<a href=\"http:\/\/www.elmoudjahid.com\/fr\/actualites\/151953\">Cliquez ici pour lire l&rsquo;article depuis sa source.<\/a><\/p>\n","protected":false},"excerpt":{"rendered":"<p>\u00c0 ce propos, le Premier ministre, Abdelaziz Djerad, a d\u00e9cid\u00e9, en application des directives du chef de l\u2019\u00c9tat, de prendre un ensemble de mesures permettant de pallier certains dysfonctionnements li\u00e9s au confinement. Des dysfonctionnements qu\u2019il conviendra de lever pour maintenir une activit\u00e9 \u00e9conomique assurant, notamment, la survie des entreprises. M. Abdelaziz Djerad avait aussi instruit [&hellip;]<\/p>\n","protected":false},"author":1744,"featured_media":0,"comment_status":"closed","ping_status":"closed","sticky":false,"template":"","format":"standard","meta":{"fifu_image_url":"","fifu_image_alt":"","footnotes":""},"categories":[73,53],"tags":[],"class_list":["post-83043","post","type-post","status-publish","format-standard","hentry","category-actualite","category-algerie"],"_links":{"self":[{"href":"https:\/\/linitiative.ca\/International\/wp-json\/wp\/v2\/posts\/83043","targetHints":{"allow":["GET"]}}],"collection":[{"href":"https:\/\/linitiative.ca\/International\/wp-json\/wp\/v2\/posts"}],"about":[{"href":"https:\/\/linitiative.ca\/International\/wp-json\/wp\/v2\/types\/post"}],"author":[{"embeddable":true,"href":"https:\/\/linitiative.ca\/International\/wp-json\/wp\/v2\/users\/1744"}],"replies":[{"embeddable":true,"href":"https:\/\/linitiative.ca\/International\/wp-json\/wp\/v2\/comments?post=83043"}],"version-history":[{"count":0,"href":"https:\/\/linitiative.ca\/International\/wp-json\/wp\/v2\/posts\/83043\/revisions"}],"wp:attachment":[{"href":"https:\/\/linitiative.ca\/International\/wp-json\/wp\/v2\/media?parent=83043"}],"wp:term":[{"taxonomy":"category","embeddable":true,"href":"https:\/\/linitiative.ca\/International\/wp-json\/wp\/v2\/categories?post=83043"},{"taxonomy":"post_tag","embeddable":true,"href":"https:\/\/linitiative.ca\/International\/wp-json\/wp\/v2\/tags?post=83043"}],"curies":[{"name":"wp","href":"https:\/\/api.w.org\/{rel}","templated":true}]}}