{"id":83046,"date":"2020-04-21T12:27:00","date_gmt":"2020-04-21T16:27:00","guid":{"rendered":"https:\/\/linitiative.ca\/International\/lutte-contre-la-discrimination-et-le-discours-de-haine-zeghmati-promet-jusqua-10-ans-de-prison-pour-les-auteurs\/"},"modified":"2020-04-21T12:27:00","modified_gmt":"2020-04-21T16:27:00","slug":"lutte-contre-la-discrimination-et-le-discours-de-haine-zeghmati-promet-jusqua-10-ans-de-prison-pour-les-auteurs","status":"publish","type":"post","link":"https:\/\/linitiative.ca\/International\/lutte-contre-la-discrimination-et-le-discours-de-haine-zeghmati-promet-jusqua-10-ans-de-prison-pour-les-auteurs\/","title":{"rendered":"LUTTE CONTRE LA DISCRIMINATION ET LE DISCOURS DE HAINE : Zeghmati promet jusqu\u2019\u00e0 10 ans de prison pour les auteurs"},"content":{"rendered":"<p><br id=\"sep_para_1\" class=\"sep_para access\"\/><\/p>\n<div id=\"para_1\" class=\"para_36586071 resize\">\n<div class=\"texte access firstletter\">En effet, lors de sa pr\u00e9sentation du projet de loi relatif \u00e0 la pr\u00e9vention et \u00e0 la lutte contre la discrimination et le discours de haine devant le Commission juridique, le ministre de la Justice Belkacem Zeghmati a r\u00e9v\u00e9l\u00e9 que le discours de haine est une intrusion dans notre soci\u00e9t\u00e9, car il entrave les droits de l\u2019homme et d\u00e9truit les valeurs de la soci\u00e9t\u00e9. Le ministre a d\u00e9clar\u00e9 que la promulgation d\u2019une loi relatif \u00e0 la pr\u00e9vention et \u00e0 la lutte contre la discrimination et le discours de haine n\u2019est pas une atteinte et ne vise pas \u00e0 limiter la libert\u00e9 d\u2019expression qui est l\u2019un des \u00e9l\u00e9ments fondamentaux de la soci\u00e9t\u00e9, soulignant qu\u2019elle tient compte du fait qu\u2019elle contribue positivement \u00e0 la pr\u00e9vention de la discrimination, de la vie publique et de l\u2019acceptation de l\u2019autre. Le ministre de la Justice a soulign\u00e9 que les autorit\u00e9s judiciaires peuvent suivre les auteurs de ces crimes en dehors du territoire national, gr\u00e2ce \u00e0 des accords de coop\u00e9ration judiciaire dans le cadre d\u2019enqu\u00eates pour inspecter et d\u00e9tecter les auteurs de ces crimes situ\u00e9s \u00e0 l\u2019ext\u00e9rieur du pays. Il a en outre d\u00e9clar\u00e9 que l\u2019Alg\u00e9rie d\u00e9veloppera une strat\u00e9gie nationale de pr\u00e9vention de la discrimination et des discours de haine qui participe au d\u00e9veloppement de la soci\u00e9t\u00e9 civile et du secteur priv\u00e9, ainsi que de prendre les mesures n\u00e9cessaires pour pr\u00e9venir la discrimination en mettant en place des programmes de formation \u00e0 la sensibilisation et en adoptant des m\u00e9canismes de vigilance et de d\u00e9tection pr\u00e9coce des discours de haine et les risques d\u2019utiliser des moyens de communication pour les diffuser ainsi que les m\u00e9dias en incluant Ses programmes de pr\u00e9vention et de diffusion des valeurs humaines.<\/div>\n<\/div>\n<p>Auteur: Ismain<br \/>\n<a href=\"https:\/\/www.reflexiondz.net\/LUTTE-CONTRE-LA-DISCRIMINATION-ET-LE-DISCOURS-DE-HAINE-Zeghmati-promet-jusqu-a-10-ans-de-prison-pour-les-auteurs_a62161.html\">Cliquez ici pour lire l&rsquo;article depuis sa source.<\/a><\/p>\n","protected":false},"excerpt":{"rendered":"<p>En effet, lors de sa pr\u00e9sentation du projet de loi relatif \u00e0 la pr\u00e9vention et \u00e0 la lutte contre la discrimination et le discours de haine devant le Commission juridique, le ministre de la Justice Belkacem Zeghmati a r\u00e9v\u00e9l\u00e9 que le discours de haine est une intrusion dans notre soci\u00e9t\u00e9, car il entrave les droits [&hellip;]<\/p>\n","protected":false},"author":1740,"featured_media":0,"comment_status":"closed","ping_status":"closed","sticky":false,"template":"","format":"standard","meta":{"fifu_image_url":"","fifu_image_alt":"","footnotes":""},"categories":[53,76],"tags":[],"class_list":["post-83046","post","type-post","status-publish","format-standard","hentry","category-algerie","category-regions"],"_links":{"self":[{"href":"https:\/\/linitiative.ca\/International\/wp-json\/wp\/v2\/posts\/83046","targetHints":{"allow":["GET"]}}],"collection":[{"href":"https:\/\/linitiative.ca\/International\/wp-json\/wp\/v2\/posts"}],"about":[{"href":"https:\/\/linitiative.ca\/International\/wp-json\/wp\/v2\/types\/post"}],"author":[{"embeddable":true,"href":"https:\/\/linitiative.ca\/International\/wp-json\/wp\/v2\/users\/1740"}],"replies":[{"embeddable":true,"href":"https:\/\/linitiative.ca\/International\/wp-json\/wp\/v2\/comments?post=83046"}],"version-history":[{"count":0,"href":"https:\/\/linitiative.ca\/International\/wp-json\/wp\/v2\/posts\/83046\/revisions"}],"wp:attachment":[{"href":"https:\/\/linitiative.ca\/International\/wp-json\/wp\/v2\/media?parent=83046"}],"wp:term":[{"taxonomy":"category","embeddable":true,"href":"https:\/\/linitiative.ca\/International\/wp-json\/wp\/v2\/categories?post=83046"},{"taxonomy":"post_tag","embeddable":true,"href":"https:\/\/linitiative.ca\/International\/wp-json\/wp\/v2\/tags?post=83046"}],"curies":[{"name":"wp","href":"https:\/\/api.w.org\/{rel}","templated":true}]}}