{"id":83047,"date":"2020-04-21T12:27:00","date_gmt":"2020-04-21T16:27:00","guid":{"rendered":"https:\/\/linitiative.ca\/International\/sentiments-dabandon-limpact-de-la-pandemie-sur-les-cancereux\/"},"modified":"2020-04-21T12:27:00","modified_gmt":"2020-04-21T16:27:00","slug":"sentiments-dabandon-limpact-de-la-pandemie-sur-les-cancereux","status":"publish","type":"post","link":"https:\/\/linitiative.ca\/International\/sentiments-dabandon-limpact-de-la-pandemie-sur-les-cancereux\/","title":{"rendered":"Sentiments d\u2019abandon : l\u2019impact de  la pand\u00e9mie sur les canc\u00e9reux"},"content":{"rendered":"<p><br id=\"sep_para_1\" class=\"sep_para access\"\/><\/p>\n<div id=\"para_1\" class=\"para_36586043 resize\">\n<div class=\"texte access firstletter\">Un r\u00e9cent sondage qu\u00e9b\u00e9cois r\u00e9v\u00e8le l\u2019inqui\u00e9tude des personnes souffrant de cancer, en cette p\u00e9riode de pand\u00e9mie. Nombre d\u2019entre eux disent se sentir d\u00e9laiss\u00e9s, alors que les professionnels de sant\u00e9 ne peuvent pas honorer tous leurs rendez-vous. Un r\u00e9cent sondage organis\u00e9 par la Coalition Priorit\u00e9 Cancer, d\u00e9voile l\u2019anxi\u00e9t\u00e9 des patients atteints de cancer au Qu\u00e9bec, alors que s\u00e9vit la pand\u00e9mie de Covid-19.\u00a0\u00a0 Selon cette \u00e9tude, r\u00e9alis\u00e9e aupr\u00e8s de 592 patients, plus de 60% des malades du cancer ont vu leurs soins affect\u00e9s par la gestion de la crise sanitaire actuelle. Cons\u00e9quence logique: pr\u00e8s de 67% des sond\u00e9s d\u00e9clarent ressentir une forme d\u2019anxi\u00e9t\u00e9, voire une aggravation de leurs probl\u00e8mes psychologiques, depuis le d\u00e9but de l\u2019\u00e9pid\u00e9mie. Face \u00e0 cette situation, les sp\u00e9cialistes appellent \u00e0 ne pas n\u00e9gliger ces patients. Des prises de rendez-vous difficiles. Le sondage met aussi en lumi\u00e8re les difficult\u00e9s que les patients \u00e9prouvent pour prendre ou maintenir leurs consultations. Ainsi, 68% d\u2019entre eux disent avoir \u00e9t\u00e9 touch\u00e9s par le report ou l\u2019annulation d\u2019un rendez-vous. Les professionnels de sant\u00e9 sont en effet d\u00e9bord\u00e9s et les listes d\u2019attente s\u2019allongent, en cette p\u00e9riode de pand\u00e9mie. Les reports de rendez-vous et les retards dans les soins inqui\u00e8tent les professionnels de sant\u00e9, qui craignent un contre-coup sanitaire. Les d\u00e9lais impos\u00e9s par la crise pourraient s\u2019av\u00e9rer fatals dans certains cas. Pour \u00e9viter un \u00abtsunami de cas \u00e0 traiter\u00bb, la Coalition Priorit\u00e9 Cancer propose diff\u00e9rentes mesures dans son communiqu\u00e9 de presse, comme favoriser la chimioth\u00e9rapie \u00e0 domicile ou faciliter l\u2019acc\u00e8s \u00e0 la radioth\u00e9rapie.<\/div>\n<\/div>\n<p>Auteur: R\u00e9flexion<br \/>\n<a href=\"https:\/\/www.reflexiondz.net\/Sentiments-d-abandon-l-impact-de-la-pandemie-sur-les-cancereux_a62159.html\">Cliquez ici pour lire l&rsquo;article depuis sa source.<\/a><\/p>\n","protected":false},"excerpt":{"rendered":"<p>Un r\u00e9cent sondage qu\u00e9b\u00e9cois r\u00e9v\u00e8le l\u2019inqui\u00e9tude des personnes souffrant de cancer, en cette p\u00e9riode de pand\u00e9mie. Nombre d\u2019entre eux disent se sentir d\u00e9laiss\u00e9s, alors que les professionnels de sant\u00e9 ne peuvent pas honorer tous leurs rendez-vous. Un r\u00e9cent sondage organis\u00e9 par la Coalition Priorit\u00e9 Cancer, d\u00e9voile l\u2019anxi\u00e9t\u00e9 des patients atteints de cancer au Qu\u00e9bec, alors [&hellip;]<\/p>\n","protected":false},"author":1740,"featured_media":0,"comment_status":"closed","ping_status":"closed","sticky":false,"template":"","format":"standard","meta":{"fifu_image_url":"","fifu_image_alt":"","footnotes":""},"categories":[53,76],"tags":[],"class_list":["post-83047","post","type-post","status-publish","format-standard","hentry","category-algerie","category-regions"],"_links":{"self":[{"href":"https:\/\/linitiative.ca\/International\/wp-json\/wp\/v2\/posts\/83047","targetHints":{"allow":["GET"]}}],"collection":[{"href":"https:\/\/linitiative.ca\/International\/wp-json\/wp\/v2\/posts"}],"about":[{"href":"https:\/\/linitiative.ca\/International\/wp-json\/wp\/v2\/types\/post"}],"author":[{"embeddable":true,"href":"https:\/\/linitiative.ca\/International\/wp-json\/wp\/v2\/users\/1740"}],"replies":[{"embeddable":true,"href":"https:\/\/linitiative.ca\/International\/wp-json\/wp\/v2\/comments?post=83047"}],"version-history":[{"count":0,"href":"https:\/\/linitiative.ca\/International\/wp-json\/wp\/v2\/posts\/83047\/revisions"}],"wp:attachment":[{"href":"https:\/\/linitiative.ca\/International\/wp-json\/wp\/v2\/media?parent=83047"}],"wp:term":[{"taxonomy":"category","embeddable":true,"href":"https:\/\/linitiative.ca\/International\/wp-json\/wp\/v2\/categories?post=83047"},{"taxonomy":"post_tag","embeddable":true,"href":"https:\/\/linitiative.ca\/International\/wp-json\/wp\/v2\/tags?post=83047"}],"curies":[{"name":"wp","href":"https:\/\/api.w.org\/{rel}","templated":true}]}}