{"id":83049,"date":"2020-04-21T12:38:00","date_gmt":"2020-04-21T16:38:00","guid":{"rendered":"https:\/\/linitiative.ca\/International\/lapn-vote-avec-debat-restreint-pour-deux-projets-de-loi\/"},"modified":"2020-04-21T12:38:00","modified_gmt":"2020-04-21T16:38:00","slug":"lapn-vote-avec-debat-restreint-pour-deux-projets-de-loi","status":"publish","type":"post","link":"https:\/\/linitiative.ca\/International\/lapn-vote-avec-debat-restreint-pour-deux-projets-de-loi\/","title":{"rendered":"L\u2019APN vote avec d\u00e9bat restreint pour deux projets de loi"},"content":{"rendered":"<p><br id=\"sep_para_1\" class=\"sep_para access\"\/><\/p>\n<div id=\"para_1\" class=\"para_36586139 resize\">\n<div class=\"texte access firstletter\">Au vu des circonstances exceptionnelles que traverse le pays du fait de la pand\u00e9mie du Covid-19, l\u2019APN a d\u00e9cid\u00e9 de recourir \u00e0 la proc\u00e9dure de vote avec d\u00e9bat restreint pour le projet portant Code p\u00e9nal et le projet de loi relatif \u00e0 la pr\u00e9vention et \u00e0 la lutte contre la discrimination et le discours de haine. En effet, le bureau de l\u2019Assembl\u00e9e a indiqu\u00e9 via un communiqu\u00e9 avoir \u00ab approuv\u00e9 la demande de la Commission des affaires juridiques, administratives et des libert\u00e9s relatives \u00e0 l\u2019application des proc\u00e9dures pr\u00e9vues par l\u2019article 36 de la loi organique du 25 ao\u00fbt 2016 fixant l\u2019organisation et le fonctionnement de l\u2019APN et du Conseil de la Nation ainsi que les relations fonctionnelles entre les chambres du Parlement et le Gouvernement, par le recours au vote avec d\u00e9bat restreint \u00bb. Ce vote sera consacr\u00e9 alors au \u00ab projet de loi relatif \u00e0 la pr\u00e9vention et \u00e0 la lutte contre la discrimination et le discours de haine, et du projet de loi modifiant et compl\u00e9tant l\u2019ordonnance 66-156 du 8 juin 1966 portant Code p\u00e9nal, lors de la s\u00e9ance de mercredi 22 avril 2020, et ce au vu des circonstances exceptionnelles que traverse le pays du fait de la pand\u00e9mie Covid-19 \u00bb, a indiqu\u00e9 encore le communiqu\u00e9.<\/div>\n<\/div>\n<p>Auteur: R\u00e9flexion<br \/>\n<a href=\"https:\/\/www.reflexiondz.net\/L-APN-vote-avec-debat-restreint-pour-deux-projets-de-loi_a62172.html\">Cliquez ici pour lire l&rsquo;article depuis sa source.<\/a><\/p>\n","protected":false},"excerpt":{"rendered":"<p>Au vu des circonstances exceptionnelles que traverse le pays du fait de la pand\u00e9mie du Covid-19, l\u2019APN a d\u00e9cid\u00e9 de recourir \u00e0 la proc\u00e9dure de vote avec d\u00e9bat restreint pour le projet portant Code p\u00e9nal et le projet de loi relatif \u00e0 la pr\u00e9vention et \u00e0 la lutte contre la discrimination et le discours de [&hellip;]<\/p>\n","protected":false},"author":1740,"featured_media":0,"comment_status":"closed","ping_status":"closed","sticky":false,"template":"","format":"standard","meta":{"fifu_image_url":"","fifu_image_alt":"","footnotes":""},"categories":[53,76],"tags":[],"class_list":["post-83049","post","type-post","status-publish","format-standard","hentry","category-algerie","category-regions"],"_links":{"self":[{"href":"https:\/\/linitiative.ca\/International\/wp-json\/wp\/v2\/posts\/83049","targetHints":{"allow":["GET"]}}],"collection":[{"href":"https:\/\/linitiative.ca\/International\/wp-json\/wp\/v2\/posts"}],"about":[{"href":"https:\/\/linitiative.ca\/International\/wp-json\/wp\/v2\/types\/post"}],"author":[{"embeddable":true,"href":"https:\/\/linitiative.ca\/International\/wp-json\/wp\/v2\/users\/1740"}],"replies":[{"embeddable":true,"href":"https:\/\/linitiative.ca\/International\/wp-json\/wp\/v2\/comments?post=83049"}],"version-history":[{"count":0,"href":"https:\/\/linitiative.ca\/International\/wp-json\/wp\/v2\/posts\/83049\/revisions"}],"wp:attachment":[{"href":"https:\/\/linitiative.ca\/International\/wp-json\/wp\/v2\/media?parent=83049"}],"wp:term":[{"taxonomy":"category","embeddable":true,"href":"https:\/\/linitiative.ca\/International\/wp-json\/wp\/v2\/categories?post=83049"},{"taxonomy":"post_tag","embeddable":true,"href":"https:\/\/linitiative.ca\/International\/wp-json\/wp\/v2\/tags?post=83049"}],"curies":[{"name":"wp","href":"https:\/\/api.w.org\/{rel}","templated":true}]}}