{"id":83050,"date":"2020-04-21T12:38:00","date_gmt":"2020-04-21T16:38:00","guid":{"rendered":"https:\/\/linitiative.ca\/International\/chafik-mesbah-a-la-tete-de-laldec\/"},"modified":"2020-04-21T12:38:00","modified_gmt":"2020-04-21T16:38:00","slug":"chafik-mesbah-a-la-tete-de-laldec","status":"publish","type":"post","link":"https:\/\/linitiative.ca\/International\/chafik-mesbah-a-la-tete-de-laldec\/","title":{"rendered":"Chafik Mesbah  \u00e0 la t\u00eate de l\u2019ALDEC"},"content":{"rendered":"<p><br id=\"sep_para_1\" class=\"sep_para access\"\/><\/p>\n<div id=\"para_1\" class=\"para_36586142 resize\">\n<div class=\"texte access firstletter\">Le chef de l\u2019Etat, Abdelmadjid Tebboune, a nomm\u00e9 lundi Mohammed Chafik Mesbah, Directeur g\u00e9n\u00e9ral de l\u2019agence alg\u00e9rienne de la coop\u00e9ration internationale, a indiqu\u00e9 un communiqu\u00e9 de la pr\u00e9sidence. \u00ab Mohamed Chafik Mesbah, titulaire d\u2019un doctorat en sciences politiques \u00e0 l\u2019universit\u00e9 d\u2019Alger, avait occup\u00e9 plusieurs postes au sein de l\u2019Etat \u00bb, indique le communiqu\u00e9. Pour rappel, Tebboune, avait annonc\u00e9, lors du sommet de l\u2019UA\u00a0 le 9 f\u00e9vrier dernier \u00e0 Addis-Abeba la cr\u00e9ation de l\u2019agence alg\u00e9rienne de coop\u00e9ration internationale \u00e0 \u00ab vocation africaine \u00bb, destin\u00e9e \u00e0 renforcer la coop\u00e9ration de l\u2019Alg\u00e9rie avec les pays voisins, notamment avec les pays du Sahel.<\/div>\n<\/div>\n<p>Auteur: R\u00e9flexion<br \/>\n<a href=\"https:\/\/www.reflexiondz.net\/Chafik-Mesbah-a-la-tete-de-l-ALDEC_a62173.html\">Cliquez ici pour lire l&rsquo;article depuis sa source.<\/a><\/p>\n","protected":false},"excerpt":{"rendered":"<p>Le chef de l\u2019Etat, Abdelmadjid Tebboune, a nomm\u00e9 lundi Mohammed Chafik Mesbah, Directeur g\u00e9n\u00e9ral de l\u2019agence alg\u00e9rienne de la coop\u00e9ration internationale, a indiqu\u00e9 un communiqu\u00e9 de la pr\u00e9sidence. \u00ab Mohamed Chafik Mesbah, titulaire d\u2019un doctorat en sciences politiques \u00e0 l\u2019universit\u00e9 d\u2019Alger, avait occup\u00e9 plusieurs postes au sein de l\u2019Etat \u00bb, indique le communiqu\u00e9. Pour rappel, [&hellip;]<\/p>\n","protected":false},"author":1740,"featured_media":0,"comment_status":"closed","ping_status":"closed","sticky":false,"template":"","format":"standard","meta":{"fifu_image_url":"","fifu_image_alt":"","footnotes":""},"categories":[53,76],"tags":[],"class_list":["post-83050","post","type-post","status-publish","format-standard","hentry","category-algerie","category-regions"],"_links":{"self":[{"href":"https:\/\/linitiative.ca\/International\/wp-json\/wp\/v2\/posts\/83050","targetHints":{"allow":["GET"]}}],"collection":[{"href":"https:\/\/linitiative.ca\/International\/wp-json\/wp\/v2\/posts"}],"about":[{"href":"https:\/\/linitiative.ca\/International\/wp-json\/wp\/v2\/types\/post"}],"author":[{"embeddable":true,"href":"https:\/\/linitiative.ca\/International\/wp-json\/wp\/v2\/users\/1740"}],"replies":[{"embeddable":true,"href":"https:\/\/linitiative.ca\/International\/wp-json\/wp\/v2\/comments?post=83050"}],"version-history":[{"count":0,"href":"https:\/\/linitiative.ca\/International\/wp-json\/wp\/v2\/posts\/83050\/revisions"}],"wp:attachment":[{"href":"https:\/\/linitiative.ca\/International\/wp-json\/wp\/v2\/media?parent=83050"}],"wp:term":[{"taxonomy":"category","embeddable":true,"href":"https:\/\/linitiative.ca\/International\/wp-json\/wp\/v2\/categories?post=83050"},{"taxonomy":"post_tag","embeddable":true,"href":"https:\/\/linitiative.ca\/International\/wp-json\/wp\/v2\/tags?post=83050"}],"curies":[{"name":"wp","href":"https:\/\/api.w.org\/{rel}","templated":true}]}}