{"id":83051,"date":"2020-04-20T14:19:00","date_gmt":"2020-04-20T18:19:00","guid":{"rendered":"https:\/\/linitiative.ca\/International\/les-instructions-de-tebboune-limperatif-dun-nouveau-modele-economique\/"},"modified":"2020-04-20T14:19:00","modified_gmt":"2020-04-20T18:19:00","slug":"les-instructions-de-tebboune-limperatif-dun-nouveau-modele-economique","status":"publish","type":"post","link":"https:\/\/linitiative.ca\/International\/les-instructions-de-tebboune-limperatif-dun-nouveau-modele-economique\/","title":{"rendered":"Les instructions de Tebboune : l&rsquo;imp\u00e9ratif d&rsquo;un nouveau mod\u00e8le \u00e9conomique"},"content":{"rendered":"<p><br class=\"autobr\"\/><strong>Le Pr\u00e9sident de la R\u00e9publique, Abdelmadjid Tebboune a appel\u00e9 ce dimanche lors de la r\u00e9union p\u00e9riodique du Conseil des ministres, les start-ups \u00e0 accorder \u00e0 l\u2019heure actuelle davantage d\u2019int\u00e9r\u00eat aux besoins des h\u00f4pitaux. Il a instruit dans ce sens les membres du gouvernement pour la r\u00e9activation du Fonds de soutien aux micro-entreprises et startups et l\u2019\u00e9laboration de lois r\u00e9gissant les initiatives des jeunes, avant fin avril courant.<\/strong><\/p>\n<p><br class=\"autobr\"\/><br \/>\nLes contributions des jeunes innovants porteurs de projets dans le domaine de la pr\u00e9vention et la lutte contre le coronavirus ont \u00e9t\u00e9 pass\u00e9es en revue lors du Conseil des ministres. Ces initiatives sont appel\u00e9es, a poursuivi le chef de l\u2019Etat, \u00e0 focaliser sur la satisfaction des besoins des structures hospitali\u00e8res, soulignant l\u2019imp\u00e9ratif de la g\u00e9n\u00e9ralisation de la num\u00e9risation de l\u2019\u00e9conomie.<\/p>\n<p><br class=\"autobr\"\/><br \/>\nToujours dans le cadre des mesures de facilitation de l\u2019activit\u00e9 des start up, l\u2019on pr\u00e9voit , en coordination avec le minist\u00e8re du Commerce, une formule flexible permettant l\u2019acc\u00e9l\u00e9ration des proc\u00e9dures de retrait du registre du commerce au profit des porteurs des projets.<\/p>\n<p><br class=\"autobr\"\/><br \/>\nLe pr\u00e9sident a instruit, \u00e0 cet \u00e9gard, la r\u00e9activation du Fonds de soutien aux micro-entreprises et startups, et l\u2019\u00e9laboration de lois r\u00e9gissant les initiatives des jeunes dans des cadres clairs, avant la fin du mois en cours. Parmi les solutions cr\u00e9\u00e9es et pr\u00e9sent\u00e9es pour enrayer le Covid-19, l\u2019on cite des \u00e9quipements m\u00e9dicaux, des logiciels de num\u00e9risation du secteur de la Sant\u00e9, des applications de d\u00e9pistage et de diagnostic \u00e0 distance ainsi que des plateformes d\u2019enseignement \u00e0 distance, du E-commerce et de dons sur internet.<\/p>\n<p><br class=\"autobr\"\/><br \/>\nPar ailleurs, l\u2019expert international en \u00e9conomie, Abdelatif Hmamda estime que durant cette conjoncture tr\u00e8s particuli\u00e8re, nombre de jeunes comp\u00e9tences alg\u00e9riennes ont saisi l\u2019occasion pour prouver leur capacit\u00e9 inventive . Il recommande de revoir compl\u00e9tement la configuration de l\u2019\u00e9conomie nationale afin de la faire sortir de son d\u00e9pendance excessive des hydrocarbures.<\/p>\n<p><br class=\"autobr\"\/><br \/>\nPour lui, l\u2019avenir de pays est entre les mains de cette jeunesse \u00e0 laquelle il faudrait instaurer l\u2019environnement local propice et encourageant pour qu\u2019elle puisse percer en Alg\u00e9rie, au lieu d\u2019aller faire le bonheur des autres nations. Tout en saluant la d\u00e9cision de \u00ab\u00a0r\u00e9orienter\u00a0\u00bb le dispositif ANSEJ (Agence nationale de soutien \u00e0 l\u2019emploi des jeunes) du secteur du Travail vers celui de l\u2019Industrie, M.\u00a0Hmamda a fait remarquer que cela replacera cette agence dans une logique de fonctionnement \u00e9conomique et non pas sociale comme c\u2019\u00e9tait le cas auparavant.<\/p>\n<p><br class=\"autobr\"\/><br \/>\nRecensant pas moins de 2000 brevets obtenus par les comp\u00e9tences alg\u00e9riennes de par le monde, l\u2019\u00e9conomiste a soulign\u00e9 que l\u2019activit\u00e9 de l\u2019innovation doit \u00eatre r\u00e9gie par un cadre juridique qui lui est propre et accompagn\u00e9e par des m\u00e9canismes incitatifs en faveur des porteurs de projets.<\/p>\n<p><br class=\"autobr\"\/><br \/>\nEt de pr\u00e9ciser\u00a0: \u00ab\u00a0Le code les march\u00e9s publics n\u2019accorde pas de chance pour la mise en place des petites entreprises. Impossible que ces derni\u00e8res deviennent comp\u00e9titives dans un march\u00e9 domin\u00e9 par les grande entreprises\u00a0\u00bb.<\/p>\n<p><br class=\"autobr\"\/><br \/>\nIl a indiqu\u00e9 dans ce sillage que le segment des services en Alg\u00e9rie repr\u00e9sente \u00e0 peine 30\u00a0% , ajoutant que d\u2019\u00e9normes potentialit\u00e9s existent et pourraient \u00eatre exploit\u00e9es pour<\/p>\n<p><br class=\"autobr\"\/><br \/>\nr\u00e9pondre au besoin du segment de la production des biens, et \u00e9tablir ainsi un certain \u00e9quilibre entre les deux segments. Cependant et \u00e9tant donn\u00e9 que seulement 10% des startups r\u00e9ussissent, l\u2019expert a mis l\u2019accent sur l\u2019importance d\u2019un mod\u00e8le bas\u00e9 sur un partenariat entre les entrepreneurs et les institutions financi\u00e8res en mesure de g\u00e9rer les cr\u00e9dits destin\u00e9s au financement.<\/p>\n<p><br class=\"autobr\"\/><br \/>\n\u00a0<\/p>\n<p><br class=\"autobr\"\/><br \/>\nCertes, la crise sanitaire du Covid-19 a paralys\u00e9 la machine productive dans le monde entier, mais cela pourrait constituer, de l\u2019avis des sp\u00e9cialistes, un d\u00e9clic pour faire d\u00e9coller l\u2019\u00e9conomie nationale d\u00e9collera selon un nouveau mod\u00e8le et sur des bases solides, avec comme noyau de la nouvelle configuration \u00e9conomique les start-ups.<\/p>\n<p>Auteur: Boudjedri<br \/>\n<a href=\"http:\/\/www.jeune-independant.net\/Les-instructions-de-Tebboune-l.html\">Cliquez ici pour lire l&rsquo;article depuis sa source.<\/a><\/p>\n","protected":false},"excerpt":{"rendered":"<p>Le Pr\u00e9sident de la R\u00e9publique, Abdelmadjid Tebboune a appel\u00e9 ce dimanche lors de la r\u00e9union p\u00e9riodique du Conseil des ministres, les start-ups \u00e0 accorder \u00e0 l\u2019heure actuelle davantage d\u2019int\u00e9r\u00eat aux besoins des h\u00f4pitaux. Il a instruit dans ce sens les membres du gouvernement pour la r\u00e9activation du Fonds de soutien aux micro-entreprises et startups et [&hellip;]<\/p>\n","protected":false},"author":1737,"featured_media":0,"comment_status":"closed","ping_status":"closed","sticky":false,"template":"","format":"standard","meta":{"fifu_image_url":"","fifu_image_alt":"","footnotes":""},"categories":[73,53],"tags":[],"class_list":["post-83051","post","type-post","status-publish","format-standard","hentry","category-actualite","category-algerie"],"_links":{"self":[{"href":"https:\/\/linitiative.ca\/International\/wp-json\/wp\/v2\/posts\/83051","targetHints":{"allow":["GET"]}}],"collection":[{"href":"https:\/\/linitiative.ca\/International\/wp-json\/wp\/v2\/posts"}],"about":[{"href":"https:\/\/linitiative.ca\/International\/wp-json\/wp\/v2\/types\/post"}],"author":[{"embeddable":true,"href":"https:\/\/linitiative.ca\/International\/wp-json\/wp\/v2\/users\/1737"}],"replies":[{"embeddable":true,"href":"https:\/\/linitiative.ca\/International\/wp-json\/wp\/v2\/comments?post=83051"}],"version-history":[{"count":0,"href":"https:\/\/linitiative.ca\/International\/wp-json\/wp\/v2\/posts\/83051\/revisions"}],"wp:attachment":[{"href":"https:\/\/linitiative.ca\/International\/wp-json\/wp\/v2\/media?parent=83051"}],"wp:term":[{"taxonomy":"category","embeddable":true,"href":"https:\/\/linitiative.ca\/International\/wp-json\/wp\/v2\/categories?post=83051"},{"taxonomy":"post_tag","embeddable":true,"href":"https:\/\/linitiative.ca\/International\/wp-json\/wp\/v2\/tags?post=83051"}],"curies":[{"name":"wp","href":"https:\/\/api.w.org\/{rel}","templated":true}]}}