{"id":83053,"date":"2020-04-20T14:35:00","date_gmt":"2020-04-20T18:35:00","guid":{"rendered":"https:\/\/linitiative.ca\/International\/sider-el-hadjar-en-plein-covid-19-le-syndicat-interpelle-linspection-de-travail\/"},"modified":"2020-04-20T14:35:00","modified_gmt":"2020-04-20T18:35:00","slug":"sider-el-hadjar-en-plein-covid-19-le-syndicat-interpelle-linspection-de-travail","status":"publish","type":"post","link":"https:\/\/linitiative.ca\/International\/sider-el-hadjar-en-plein-covid-19-le-syndicat-interpelle-linspection-de-travail\/","title":{"rendered":"Sider El-Hadjar en plein Covid-19 : Le syndicat interpelle l&rsquo;inspection de travail"},"content":{"rendered":"<p><br class=\"autobr\"\/><strong>Suite \u00e0 la d\u00e9cision de la direction g\u00e9n\u00e9rale de l\u2019entreprise Sider El-Hadjar de mettre environ 4000 travailleurs en cong\u00e9 annuel, le syndicat de Sider El-Hadjar a saisi l\u2019inspection du travail pour d\u00e9noncer une \u00ab\u00a0non-conformit\u00e9 les dispositions d\u2019octroi des cong\u00e9s\u00a0\u00bb.<\/strong><\/p>\n<p><br class=\"autobr\"\/><br \/>\nSelon le syndicat d\u2019entreprise du complexe sid\u00e9rurgique d\u2019El-Hadjar, la d\u00e9cision de la direction g\u00e9n\u00e9rale de placer pour raison de confinement, suite \u00e0 la pand\u00e9mie du nouveau coronavirus (Covid-19), en cong\u00e9 annuel au lieu de cong\u00e9 exceptionnel est non conforme aux dispositions contenues dans les d\u00e9crets ex\u00e9cutifs 69\/2O et 20\/70.<\/p>\n<p><br class=\"autobr\"\/><br \/>\nLe d\u00e9cret ex\u00e9cutif 69\/20 du 21 mars 2020 relatif aux mesures de pr\u00e9vention et de lutte contre la propagation du coronavirus stipule clairement qu\u2019il \u00ab\u00a0est mis en cong\u00e9 exceptionnel r\u00e9mun\u00e9r\u00e9, pour le confinement, au moins 50% des effectifs et administration de chaque institution et administration publique\u00a0\u00bb. Mais ce qui se passe dans l\u2019administration de Sider El-Hadjar, c\u2019est bien le contraire qui a \u00e9t\u00e9 pr\u00e9conis\u00e9, juge le syndicat,. Les 4000 travailleurs (85%) qui ont \u00e9t\u00e9 mis en cong\u00e9 annuel au lieu de cong\u00e9 exceptionnel r\u00e9mun\u00e9r\u00e9, provoquant ainsi col\u00e8re et consternation du c\u00f4t\u00e9 du syndicat. Dans sa lettre \u00e0 l\u2019inspection du travail d\u2019El-Hadjar, le conseil syndical de Sider sollicite \u00ab\u00a0le respect et la bonne application du droit du travail concernant les deux d\u00e9crets ex\u00e9cutifs\u00a0\u00bb.<\/p>\n<p><br class=\"autobr\"\/><br \/>\nEt de poursuivre avec persistance\u00a0: \u00ab\u00a0En tant qu\u2019organe de contr\u00f4le de l\u2019application des dispositions l\u00e9gislatives et r\u00e9glementaires relatives aux relations individuelles et collectives de travail, nous vous demandons d\u2019apporter \u00e0 notre connaissance et surtout celle de l\u2019employeur des explications ayant trait \u00e0 l\u2019application de ces d\u00e9crets ex\u00e9cutifs\u00a0\u00bb. Contact\u00e9s par t\u00e9l\u00e9phone, certains sid\u00e9rurgistes estiment qu\u2019 \u00ab\u00a0entre un cong\u00e9 exceptionnel et un cong\u00e9 annuel, il y a une grande diff\u00e9rence (\u2026) par exemple moi, je n\u2019ai pas demand\u00e9 un cong\u00e9. Et quand j\u2019en fais une demande, c\u2019est par rapport \u00e0 certains besoins d\u2019ordre personnel\u00a0\u00bb. Un autre employ\u00e9 a affirm\u00e9 que l\u2019Etat a mis tous les travailleurs des autres secteurs ont \u00e9t\u00e9 mis en cong\u00e9 exceptionnel et non annuel soulignant qu\u2019il soutient \u00ab\u00a0pleinement\u00a0\u00bb les revendications du syndicat.<\/p>\n<p>Auteur: Boudjedri<br \/>\n<a href=\"http:\/\/www.jeune-independant.net\/Sider-El-Hadjar-en-plein-Covid-19.html\">Cliquez ici pour lire l&rsquo;article depuis sa source.<\/a><\/p>\n","protected":false},"excerpt":{"rendered":"<p>Suite \u00e0 la d\u00e9cision de la direction g\u00e9n\u00e9rale de l\u2019entreprise Sider El-Hadjar de mettre environ 4000 travailleurs en cong\u00e9 annuel, le syndicat de Sider El-Hadjar a saisi l\u2019inspection du travail pour d\u00e9noncer une \u00ab\u00a0non-conformit\u00e9 les dispositions d\u2019octroi des cong\u00e9s\u00a0\u00bb. Selon le syndicat d\u2019entreprise du complexe sid\u00e9rurgique d\u2019El-Hadjar, la d\u00e9cision de la direction g\u00e9n\u00e9rale de placer [&hellip;]<\/p>\n","protected":false},"author":1737,"featured_media":0,"comment_status":"closed","ping_status":"closed","sticky":false,"template":"","format":"standard","meta":{"fifu_image_url":"","fifu_image_alt":"","footnotes":""},"categories":[73,53],"tags":[],"class_list":["post-83053","post","type-post","status-publish","format-standard","hentry","category-actualite","category-algerie"],"_links":{"self":[{"href":"https:\/\/linitiative.ca\/International\/wp-json\/wp\/v2\/posts\/83053","targetHints":{"allow":["GET"]}}],"collection":[{"href":"https:\/\/linitiative.ca\/International\/wp-json\/wp\/v2\/posts"}],"about":[{"href":"https:\/\/linitiative.ca\/International\/wp-json\/wp\/v2\/types\/post"}],"author":[{"embeddable":true,"href":"https:\/\/linitiative.ca\/International\/wp-json\/wp\/v2\/users\/1737"}],"replies":[{"embeddable":true,"href":"https:\/\/linitiative.ca\/International\/wp-json\/wp\/v2\/comments?post=83053"}],"version-history":[{"count":0,"href":"https:\/\/linitiative.ca\/International\/wp-json\/wp\/v2\/posts\/83053\/revisions"}],"wp:attachment":[{"href":"https:\/\/linitiative.ca\/International\/wp-json\/wp\/v2\/media?parent=83053"}],"wp:term":[{"taxonomy":"category","embeddable":true,"href":"https:\/\/linitiative.ca\/International\/wp-json\/wp\/v2\/categories?post=83053"},{"taxonomy":"post_tag","embeddable":true,"href":"https:\/\/linitiative.ca\/International\/wp-json\/wp\/v2\/tags?post=83053"}],"curies":[{"name":"wp","href":"https:\/\/api.w.org\/{rel}","templated":true}]}}