{"id":83056,"date":"2020-04-21T07:48:00","date_gmt":"2020-04-21T11:48:00","guid":{"rendered":"https:\/\/linitiative.ca\/International\/pourquoi-elyes-fakhfakh-baigne-t-il-dans-le-flou-la-tunisie-avec\/"},"modified":"2020-04-21T07:48:00","modified_gmt":"2020-04-21T11:48:00","slug":"pourquoi-elyes-fakhfakh-baigne-t-il-dans-le-flou-la-tunisie-avec","status":"publish","type":"post","link":"https:\/\/linitiative.ca\/International\/pourquoi-elyes-fakhfakh-baigne-t-il-dans-le-flou-la-tunisie-avec\/","title":{"rendered":"Pourquoi Ely\u00e8s Fakhfakh baigne-t-il dans le flou, la Tunisie avec !"},"content":{"rendered":"<p><span class=\"c2\"><em><strong>Par Taoufik Habaieb &#8211;<\/strong><\/em><\/span> La sinc\u00e9rit\u00e9 et la bonne volont\u00e9 sont certes des vertus cardinales, mais elle ne suffisent pas en politique, surtout en plein combat comme le n\u00f4tre aujourd\u2019hui. Le chef du gouvernement, Ely\u00e8s Fakhfakh b\u00e9n\u00e9fice \u00e0 chaque sortie publique d\u2019un capital d\u2019appr\u00e9ciation croissant. Mais, il laisse les Tunisiens sur leur faim quant aux questions pressantes qui les taraudent. Son plan de sortie de confinement en offre l\u2019illustration. Rien de pr\u00e9cis. Juste, deux nouvelles semaines de r\u00e9clusion sous cloche, puis un all\u00e8gement \u00e0 compter du 4 mai prochain. <span class=\"c2\"><strong>Comment\u00a0? Selon quels crit\u00e8res\u00a0? A quel rythme\u00a0? Les Tunisiens sont dans le flou total.<\/strong><\/span><\/p>\n<h2>L\u2019agonie des sans grade<\/h2>\n<p><span class=\"c2\"><strong>Le p\u00eacheur interdit de sortie la nuit,<\/strong><\/span> couvre-feu oblige, se contente d\u2019une furtive p\u00eache c\u00f4ti\u00e8re et non hauturi\u00e8re, ratant l\u2019essentiel, passant \u00e0 c\u00f4t\u00e9 du poisson bleu interdit \u00e0 la p\u00eache. La fermeture des h\u00f4tels, restaurants, et restauration collective, et l\u2019interdiction des d\u00e9placements entre les r\u00e9gions ajoutent au r\u00e9tr\u00e9cissement de sa zone et de ses horaires de p\u00eache, et \u00e0 l\u2019arr\u00eat de travail de ses principaux clients professionnels, l\u2019obstruction de ses autres circuits de distribution. Il n\u2019a de h\u00e2te que de savoir quand pourra-t-il reprendre ses sorties nocturnes, comme celles diurnes, sans limitation. Sa hantise est de ne pas pouvoir faire le plein de mazout pour appareiller.<\/p>\n<p><span class=\"c2\"><strong>Le ma\u00e7on, comme le t\u00e2cheron sont, eux aussi, bloqu\u00e9s avec leurs compagnons.<\/strong><\/span> La b\u00e9tonni\u00e8re est silencieuse et la truelle remis\u00e9e. Les chantiers, petits et grands sont \u00e0 l\u2019arr\u00eat. Ni peintres, ni \u00e9lectriciens, ni verriers, ni plombiers, ni chauffagistes\u00a0: tous clou\u00e9s au sol. La fili\u00e8re est en souffrance.<\/p>\n<p><span class=\"c2\"><strong>Le menuisier<\/strong><\/span> est oblig\u00e9 de se confiner dans son atelier, la porte ferm\u00e9e. Le forgeron ne peut faire autant, ayant besoin d\u2019air pour sa forge. Le tisserand est dans le noir. Le coiffeur, travaille \u00e0 la sauvette. Le tailleur se taille lui-m\u00eame une camisole. Le potier, tourne en rond. Les artisans sont en d\u00e9tresse. Sans parler des cafetiers, casscroutiers, et autres restaurateurs. Leurs maigres \u00e9conomies \u00e9puis\u00e9es, et le point d\u2019horizon obstru\u00e9, ils sont au bord de la faillite, la d\u00e9pression en plus, tant qu\u2019ils ne voient aucune lueur d\u2019espoir poindre en perspective.<\/p>\n<p><span class=\"c2\"><strong>Tout ce dense tissu qui maille l\u2019\u00e9conomie r\u00e9elle s\u2019effiloche.<\/strong><\/span><\/p>\n<p><span class=\"c2\"><strong>Le chef d\u2019entreprise,<\/strong><\/span> petite ou grande, n\u2019est pas mieux loti. Entre endettement et faillite, il n\u2019a d\u2019autre choix que de chercher \u00e0 survivre, sauver son affaire et secourir ses employ\u00e9s.<\/p>\n<p><span class=\"c2\"><strong>La boussole se fige<\/strong><\/span><\/p>\n<p><span class=\"c2\"><strong>Jusqu\u2019\u00e0 quand pourront-t-ils tenir\u00a0? Fakhfakh ne le leur a pas dit.<\/strong><\/span> Par sinc\u00e9rit\u00e9, il n\u2019a pas voulu s\u2019y hasarder, tant qu\u2019il ne dispose pas de donn\u00e9es \u00e9pid\u00e9miologiques mod\u00e9lis\u00e9es, de calculs d\u2019impact \u00e9conomique et financier pr\u00e9cis, d\u2019alternatives diverses et vari\u00e9es soumises \u00e0 son arbitrage. Le chef du gouvernement n\u2019est nourri dans sa r\u00e9flexion et pour sa d\u00e9cisions ni de riches et denses notes d\u00fbment document\u00e9es et inspirantes, ni d\u2019\u00e9l\u00e9ments utiles de d\u00e9cision. D\u2019apr\u00e8s ses d\u00e9clarations, on d\u00e9couvre que ce qui lui remonte de ses propres services, des diff\u00e9rents d\u00e9partements minist\u00e9riels et organismes ainsi que d\u2019autres institutions tunisiennes et \u00e9trang\u00e8res, avec tout le benchmark \u00e9tranger n\u00e9cessaire, ne lui fournit pas la mati\u00e8re pr\u00e9cieuse et rigoureuse indispensable.<\/p>\n<h2>Approximations et incertitudes<\/h2>\n<p><span class=\"c2\"><strong>Les diff\u00e9rents sc\u00e9narios de sortie de confinement restent alors tr\u00e8s approximatifs,<\/strong><\/span> tant la maitrise des donn\u00e9es sanitaires, \u00e9conomiques et sociales, ne sont pas \u00e9talonn\u00e9es. Tout est r\u00e9versible.\u00a0Mais la clart\u00e9 est de rigueur, les partis-pris aussi.\u00a0L&rsquo;essentiel, c&rsquo;est la strat\u00e9gie, bien expliqu\u00e9e, bien aapliqu\u00e9e quitte \u00e0 la faire \u00e9voluer.<\/p>\n<p><span class=\"c2\"><strong>Marchant sur la cr\u00eate entre sauver la vie humaine, et sauver le revenu,<\/strong><\/span> c\u2019est \u00e0 dire les d\u00e9munis, les sans grade, les salari\u00e9s et l\u2019entreprise, le chef du gouvernement risque de naviguer \u00e0 vue. Cette gestion approximative a un co\u00fbt tr\u00e8s \u00e9lev\u00e9. Aujourd\u2019hui, d\u00e9j\u00e0, demain, sans doute.<\/p>\n<p><span class=\"c2\"><strong>Risque de contamination acc\u00e9l\u00e9r\u00e9 en deuxi\u00e8me vague et capacit\u00e9 d\u2019accueil hospitali\u00e8re,<\/strong><\/span> d\u2019un c\u00f4t\u00e9, ass\u00e8chement et sous-financement des entrepreneurs et abandons des actifs et des pr\u00e9caires, de l\u2019autre\u00a0: les urgences sont toutes risqu\u00e9es. Reprise en main en v\u00e9ritable chef \u2018\u2019de guerre\u2019\u2019 avec toute la puissance requise en renseignement et son traitement, plans de bataille, effectifs, armes et munitions, logistique et synergie, dans une approche globale en 360\u00b0 est la clef de la victoire.<\/p>\n<h2>Massivement<\/h2>\n<p>L\u2019alignement dans la coh\u00e9rence et la compl\u00e9mentarit\u00e9 de tous les minist\u00e8res, du dispositif sanitaire, du syst\u00e8me bancaire et de la prise en charge sociale, autour d\u2019un seul m\u00eame objectif, est fondamental. Privil\u00e9gier un seul aspect, un groupe d\u2019int\u00e9r\u00eats, une cat\u00e9gorie, sans se soucier des autres est p\u00e9rilleux.<\/p>\n<p><span class=\"c2\"><strong>Dans ce nouveau monde naissant de l&rsquo;al\u00e9atoire, le mot massif doit l\u2019emporter\u00a0:<\/strong><\/span> s\u2019endetter massivement et bien utiliser chaque dollar ou euro obtenu, financer l\u2019entreprise massivement, d\u00e9pister massivement et non avec un objectif de 1000 tests par jour, distribuer les masques massivement, et pourquoi pas gracieusement en subventionnant le prix pour ne laisser que 100 ou 200 millimes \u00e0 la charge du Tunisien, et secourir massivement les d\u00e9munis.<\/p>\n<p><span class=\"c2\"><strong>L\u2019heure n\u2019est pas au bilan du gouvernement.<\/strong><\/span> Mais les Tunisiens qui font jusque-l\u00e0 confiance \u00e0 Ely\u00e8s Fakhfakh s\u2019en souviendront. Et le jugeront. L\u2019appuyer afin qu\u2019il conduise cette ultime bataille, rel\u00e8ve du devoir national. Fort de ce soutien, et avec plus de fermet\u00e9, de c\u00e9l\u00e9rit\u00e9 et d\u2019efficience, en fixant des objectifs et des d\u00e9lais pr\u00e9cis, il doit architecturer l\u2019action collective et la faire converger vers le moindre mal, et le plus de r\u00e9ussite.<\/p>\n<p><span class=\"c2\"><strong>Pas de flou, pas d\u2019h\u00e9sitation.<\/strong><\/span> <span class=\"c2\"><strong>Quitte \u00e0 corriger<\/strong><\/span>. De l\u2019action r\u00e9fl\u00e9chie en toute s\u00e9r\u00e9nit\u00e9, dans l&rsquo;ordre et la discipline.<\/p>\n<p class=\"c3\"><strong>T.H.<\/strong><br \/>\u00a0<\/p>\n<p>Auteur:<br \/>\n<a href=\"https:\/\/www.leaders.com.tn\/article\/29735-pourquoi-elyes-fakhfakh-baigne-t-il-dans-le-flou-la-tunisie-avec\">Cliquez ici pour lire l&rsquo;article depuis sa source.<\/a><\/p>\n","protected":false},"excerpt":{"rendered":"<p>Par Taoufik Habaieb &#8211; La sinc\u00e9rit\u00e9 et la bonne volont\u00e9 sont certes des vertus cardinales, mais elle ne suffisent pas en politique, surtout en plein combat comme le n\u00f4tre aujourd\u2019hui. Le chef du gouvernement, Ely\u00e8s Fakhfakh b\u00e9n\u00e9fice \u00e0 chaque sortie publique d\u2019un capital d\u2019appr\u00e9ciation croissant. Mais, il laisse les Tunisiens sur leur faim quant aux [&hellip;]<\/p>\n","protected":false},"author":1772,"featured_media":0,"comment_status":"closed","ping_status":"closed","sticky":false,"template":"","format":"standard","meta":{"fifu_image_url":"","fifu_image_alt":"","footnotes":""},"categories":[73,55],"tags":[],"class_list":["post-83056","post","type-post","status-publish","format-standard","hentry","category-actualite","category-tunisie"],"_links":{"self":[{"href":"https:\/\/linitiative.ca\/International\/wp-json\/wp\/v2\/posts\/83056","targetHints":{"allow":["GET"]}}],"collection":[{"href":"https:\/\/linitiative.ca\/International\/wp-json\/wp\/v2\/posts"}],"about":[{"href":"https:\/\/linitiative.ca\/International\/wp-json\/wp\/v2\/types\/post"}],"author":[{"embeddable":true,"href":"https:\/\/linitiative.ca\/International\/wp-json\/wp\/v2\/users\/1772"}],"replies":[{"embeddable":true,"href":"https:\/\/linitiative.ca\/International\/wp-json\/wp\/v2\/comments?post=83056"}],"version-history":[{"count":0,"href":"https:\/\/linitiative.ca\/International\/wp-json\/wp\/v2\/posts\/83056\/revisions"}],"wp:attachment":[{"href":"https:\/\/linitiative.ca\/International\/wp-json\/wp\/v2\/media?parent=83056"}],"wp:term":[{"taxonomy":"category","embeddable":true,"href":"https:\/\/linitiative.ca\/International\/wp-json\/wp\/v2\/categories?post=83056"},{"taxonomy":"post_tag","embeddable":true,"href":"https:\/\/linitiative.ca\/International\/wp-json\/wp\/v2\/tags?post=83056"}],"curies":[{"name":"wp","href":"https:\/\/api.w.org\/{rel}","templated":true}]}}