{"id":83057,"date":"2020-04-21T10:30:00","date_gmt":"2020-04-21T14:30:00","guid":{"rendered":"https:\/\/linitiative.ca\/International\/naceur-bouabid-les-deboires-du-personnel-medical-du-chu-de-medenine-pourquoi-autant-de-haine\/"},"modified":"2020-04-21T10:30:00","modified_gmt":"2020-04-21T14:30:00","slug":"naceur-bouabid-les-deboires-du-personnel-medical-du-chu-de-medenine-pourquoi-autant-de-haine","status":"publish","type":"post","link":"https:\/\/linitiative.ca\/International\/naceur-bouabid-les-deboires-du-personnel-medical-du-chu-de-medenine-pourquoi-autant-de-haine\/","title":{"rendered":"Naceur Bouabid &#8211; Les d\u00e9boires du personnel m\u00e9dical du CHU de M\u00e9denine: Pourquoi autant de haine ?"},"content":{"rendered":"<p><span class=\"c3\"><span class=\"c2\"><strong>La m\u00e9diocrit\u00e9 humaine dans toute sa laideur<\/strong><\/span><\/span><\/p>\n<p>La sc\u00e8ne r\u00e9voltante de ces dizaines de pseudo m\u00e9decins, infirmi\u00e8res et infirmiers rassembl\u00e9s devant la porte du CHU de M\u00e9denine, a ressuscit\u00e9 le souvenir non moins douloureux de la sempiternelle crise des d\u00e9chets v\u00e9cue par le tout Djerba depuis 2013. A l\u2019\u00e9poque, des \u00e9nergum\u00e8nes d\u2019une autre trempe, issus vraisemblablement du m\u00eame moule, faisaient obstruction, des semaines durant, aux engins de l\u2019Anged pour leur interdire l\u2019acc\u00e8s \u00e0 la d\u00e9charge contr\u00f4l\u00e9e de Bouhamed. Cette d\u00e9charge est r\u00e9gionale et toutes les d\u00e9l\u00e9gations du gouvernorat en ont droit \u00e0 l\u2019exploitation, hormis celles de Djerba, sous pr\u00e9texte qu\u2019elle en dispose d\u2019une \u00e0 Guellala, alors s\u00e9v\u00e8rement endommag\u00e9e et hors d\u2019\u00e9tat d\u2019usage depuis les \u00e9v\u00e9nements sanglants du 06 octobre 2013 ; il n\u2019\u00e9tait question que d\u2019un recours provisoire pour d\u00e9barrasser les rues, les quartiers, la campagne de l\u2019\u00eele des ordures amoncel\u00e9es et soulager une \u00eele sinistr\u00e9e et une population meurtrie.\u00a0 Ils faisaient la sourde oreille, insensibles aux supplications de beaucoup de repr\u00e9sentants de la soci\u00e9t\u00e9 civile de l\u2019\u00eele, et prenaient go\u00fbt ,en revanche, \u00e0 crier haut et fort, cyniquement, effront\u00e9ment et sans scrupules \u00ab D\u00e9gage d\u00e9chets Djerba ! Gardez-les chez vous ! \u00bb. Aujourd\u2019hui encore, dans cette m\u00eame contr\u00e9e, l\u2019inhumanit\u00e9 est de nouveau au rendez-vous, la bassesse et la m\u00e9diocrit\u00e9 humaine sont on ne peut manifestes. Au lieu d\u2019assister un malade en d\u00e9tresse, pr\u00e9sent\u00e9s jusqu\u2019\u00e0 chez eux, sous leurs yeux aveugl\u00e9s par la rancune, ce personnel m\u00e9dical et param\u00e9dical de la derni\u00e8re heure, indigne du noble statut qu\u2019ils pr\u00e9tendent porter, ont pr\u00e9f\u00e9r\u00e9 mobiliser leurs efforts, dans une promiscuit\u00e9 incompatible avec l\u2019urgence du moment, pour faire obstruction \u00e0 l\u2019ambulance portant le malade et lui interdire l\u2019acc\u00e8s \u00e0 l\u2019h\u00f4pital. Et de nouveau, surgit la formule us\u00e9e et d\u00e9su\u00e8te, cri\u00e9e avec la m\u00eame v\u00e9h\u00e9mence, la m\u00eame ranc\u0153ur \u00ab D\u00e9gage Corona ! Gardez vos malades chez vous ! \u00bb.<\/p>\n<p>Pourquoi autant d\u2019aversion, de rage, de haine ? Pourquoi, chaque fois que Djerba est dans un besoin pressant de la solidarit\u00e9 de la r\u00e9gion \u00e0 laquelle administrativement elle appartient, dans un moment critique de d\u00e9tresse, ne r\u00e9colte-t-elle que n\u00e9gligence, rejet et mal\u00e9diction ? Est-elle vou\u00e9e \u00e0 subir ingratement ce sort r\u00e9ducteur, dans une r\u00e9gion qui lui est constamment hostile, sem\u00e9e d\u2019emb\u00fbches de toutes sortes, et qui ne lui voue que d\u00e9nigrement et rejet ?<\/p>\n<p>Ici Paradoxalement, \u00e0 ce m\u00eame moment, des concitoyens rapatri\u00e9s dans la n\u00e9cessit\u00e9 d\u2019\u00eatre plac\u00e9s en quarantaine sanitaire ont \u00e9t\u00e9 orient\u00e9s vers Djerba qui les a accueillis sans discernement d\u2019appartenance ou d\u2019une quelconque autre consid\u00e9ration mesquine. D\u2019autres sont en phase de l\u2019\u00eatre.Les pouvoirs publics locaux et la soci\u00e9t\u00e9 civile se d\u00e9m\u00e8nent tous azimuts pour les assister, avec d\u00e9vouement et sens du devoir, et leur apporter le soutien et le r\u00e9confort \u00e0 la mesure des moyens en possession.<\/p>\n<p>Fid\u00e8le \u00e0 sa vocation mill\u00e9naire d\u2019\u00eele accueillante, f\u00e9conde de g\u00e9n\u00e9rosit\u00e9, tol\u00e9rante \u00e0 souhait, son cosmopolitisme ambiant en apporte la preuve, Djerba n\u2019a jamais d\u00e9rog\u00e9 \u00e0 cette r\u00e8gle d\u2019or, ni trahi cette vocation. Sa population demeure attach\u00e9e \u00e0 ces principes de vie et de conduite, respectueux des valeurs et des devoirs de citoyennet\u00e9, sans populisme, sans fanfaronnade, et dans la discr\u00e9tion.<\/p>\n<p><span class=\"c2\"><span class=\"c3\"><strong>A quand une remise en cause du syst\u00e8me de fonctionnement institutionnel et administratif ?<\/strong><\/span><\/span><\/p>\n<p>Face \u00e0 ce d\u00e9nigrement redondant du droit de Djerba \u00e0 un traitement \u00e9galitaire, \u00e0 ce favoritisme exacerbant pratiqu\u00e9 depuis belle lurette au profit des autres d\u00e9l\u00e9gations au d\u00e9triment de celles de Djerba, \u00e0 cette politique discriminatoire de deux poids deux mesures devenue d\u00e9sormais coutumi\u00e8re, pr\u00f4n\u00e9e parfois sans g\u00eane par certains acteurs r\u00e9gionaux, l\u2019heure n\u2019est-elle pas \u00e0 la remise en cause de cette d\u00e9pendance institutionnelle et administrative fort accablante et lourdement p\u00e9nalisante pour Djerba et sa population cosmopolite ?<\/p>\n<p>Une r\u00e9flexion rationnelle, objective et r\u00e9aliste devrait \u00eatre d\u00e9cid\u00e9e et men\u00e9e pour revoir le syst\u00e8me de fonctionnement administratif et institutionnel qui n\u2019est plus pour convenir, qui n\u2019est plus pour \u00eatre adapt\u00e9 \u00e0 Djerba et aux contraintes que son insularit\u00e9 exige. Son statut d\u2019\u00eele fait d\u2019elle, comme de toutes les autres \u00eeles, une entit\u00e9 g\u00e9ographique sp\u00e9cifique devant faire l\u2019objet de traitements sp\u00e9cifiques, sans commune mesure avec les territoires continentaux.<\/p>\n<p>Attribuer davantage d\u2019autonomie institutionnelle et administrative \u00e0 Djerba ne pourra qu\u2019assurer une meilleure gestion de son territoire, de ses ressources, de ses \u00e9cosyst\u00e8mes, de sa biodiversit\u00e9, dans un souci majeur de d\u00e9veloppement durable. En aucun cas, une telle requ\u00eate ne pourra et ne devra \u00eatre interpr\u00e9t\u00e9e comme une entorse \u00e0 l\u2019ordre \u00e9tabli dans le pays. Il suffit de voir ce qui se passe ailleurs, dans d\u2019autres pays pionniers en mati\u00e8re de d\u00e9centralisation et de gouvernance locale, \u00e0 l\u2019instar de l\u2019Italie, la France, le Portugal, l\u2019Espagne ou encore le Danemark, qui ont reconnu, constitutionnellement, les sp\u00e9cificit\u00e9s de leurs \u00eeles respectives qu\u2019ils ont dot\u00e9s d\u2019un statut sp\u00e9cifique leur conf\u00e9rant une autonomie de d\u00e9cision et de gestion de leurs territoires.\u00a0<\/p>\n<p class=\"c4\"><strong>Naceur Bouabid<\/strong><\/p>\n<p>Auteur:<br \/>\n<a href=\"https:\/\/www.leaders.com.tn\/article\/29737-naceur-bouabid-les-deboires-du-personnel-medical-du-chu-de-medenine-pourquoi-autant-de-haine-et-d-aversion\">Cliquez ici pour lire l&rsquo;article depuis sa source.<\/a><\/p>\n","protected":false},"excerpt":{"rendered":"<p>La m\u00e9diocrit\u00e9 humaine dans toute sa laideur La sc\u00e8ne r\u00e9voltante de ces dizaines de pseudo m\u00e9decins, infirmi\u00e8res et infirmiers rassembl\u00e9s devant la porte du CHU de M\u00e9denine, a ressuscit\u00e9 le souvenir non moins douloureux de la sempiternelle crise des d\u00e9chets v\u00e9cue par le tout Djerba depuis 2013. A l\u2019\u00e9poque, des \u00e9nergum\u00e8nes d\u2019une autre trempe, issus [&hellip;]<\/p>\n","protected":false},"author":1772,"featured_media":0,"comment_status":"closed","ping_status":"closed","sticky":false,"template":"","format":"standard","meta":{"fifu_image_url":"","fifu_image_alt":"","footnotes":""},"categories":[73,55],"tags":[],"class_list":["post-83057","post","type-post","status-publish","format-standard","hentry","category-actualite","category-tunisie"],"_links":{"self":[{"href":"https:\/\/linitiative.ca\/International\/wp-json\/wp\/v2\/posts\/83057","targetHints":{"allow":["GET"]}}],"collection":[{"href":"https:\/\/linitiative.ca\/International\/wp-json\/wp\/v2\/posts"}],"about":[{"href":"https:\/\/linitiative.ca\/International\/wp-json\/wp\/v2\/types\/post"}],"author":[{"embeddable":true,"href":"https:\/\/linitiative.ca\/International\/wp-json\/wp\/v2\/users\/1772"}],"replies":[{"embeddable":true,"href":"https:\/\/linitiative.ca\/International\/wp-json\/wp\/v2\/comments?post=83057"}],"version-history":[{"count":0,"href":"https:\/\/linitiative.ca\/International\/wp-json\/wp\/v2\/posts\/83057\/revisions"}],"wp:attachment":[{"href":"https:\/\/linitiative.ca\/International\/wp-json\/wp\/v2\/media?parent=83057"}],"wp:term":[{"taxonomy":"category","embeddable":true,"href":"https:\/\/linitiative.ca\/International\/wp-json\/wp\/v2\/categories?post=83057"},{"taxonomy":"post_tag","embeddable":true,"href":"https:\/\/linitiative.ca\/International\/wp-json\/wp\/v2\/tags?post=83057"}],"curies":[{"name":"wp","href":"https:\/\/api.w.org\/{rel}","templated":true}]}}