{"id":83062,"date":"2020-04-21T14:00:56","date_gmt":"2020-04-21T18:00:56","guid":{"rendered":"https:\/\/linitiative.ca\/International\/maroc-pme-met-en-place-un-bureau-dordre-digital\/"},"modified":"2020-04-21T14:00:56","modified_gmt":"2020-04-21T18:00:56","slug":"maroc-pme-met-en-place-un-bureau-dordre-digital","status":"publish","type":"post","link":"https:\/\/linitiative.ca\/International\/maroc-pme-met-en-place-un-bureau-dordre-digital\/","title":{"rendered":"Maroc PME met en place un bureau d\u2019ordre digital"},"content":{"rendered":"<p><strong>En vue de limiter les \u00e9changes physiques de documents et de courriers administratifs, Maroc PME lance un bureau d\u2019ordre digital.<\/strong><\/p>\n<div class=\"c10\"\/>\n<p>L\u2019administration, les institutions et les <strong>organismes publics<\/strong> misent beaucoup sur le digital depuis l\u2019apparition de la pand\u00e9mie du covid-19 au Maroc. L\u2019objectif \u00e9tant de permettre aux citoyens de poursuivre leurs diff\u00e9rentes d\u00e9marches administratives sans se d\u00e9placer.<\/p>\n<p>Lire aussi: <a href=\"https:\/\/www.challenge.ma\/coronavirus-faut-il-craindre-des-sequelles-apres-avoir-ete-declare-gueri-138133\/\">Coronavirus : Faut-il craindre des s\u00e9quelles apr\u00e8s avoir \u00e9t\u00e9 d\u00e9clar\u00e9 gu\u00e9ri ?<\/a><\/p>\n<p>Ainsi,\u00a0 l\u2019agence Maroc PME annonce, \u00e0 son tour, avoir mis en place son bureau d\u2019ordre digital permettant aux <strong>TPME<\/strong>, aux prestataires de services \u00e0 l\u2019ensemble\u00a0 de ses partenaires d\u2019adresser leurs courriers et requ\u00eates par voie \u00e9lectronique.<\/p>\n<p>Maroc PME indique que cette initiative fait suite \u00e0 la circulaire du minist\u00e8re de l\u2019Economie, des finances et de la r\u00e9forme de l\u2019administration adress\u00e9e aux administrations et aux organismes publics et relative \u00e0 la gestion par voie \u00e9lectronique les flux des courriers, dans le but de limiter les \u00e9changes physiques de documents et de courriers administratifs. Soulignons que ce bureau d\u2019ordre digital est accessible via le lien: services.marocpme.gov.ma.<\/p>\n<div class=\"c17\">\n<fieldset class=\"c16\">\n<legend><strong><span class=\"c11\">Challenge<\/span><span class=\"c12\">news<\/span><\/strong><\/legend>\n<div class=\"c15\">Le meilleur de Challenge s\u00e9lectionn\u00e9 par la r\u00e9daction :<\/p>\n<\/div>\n<\/fieldset>\n<\/div>\n<p>Auteur: challenge<br \/>\n<a href=\"https:\/\/www.challenge.ma\/maroc-pme-met-en-place-un-bureau-dordre-digital-138153\/\">Cliquez ici pour lire l&rsquo;article depuis sa source.<\/a><\/p>\n","protected":false},"excerpt":{"rendered":"<p>En vue de limiter les \u00e9changes physiques de documents et de courriers administratifs, Maroc PME lance un bureau d\u2019ordre digital. L\u2019administration, les institutions et les organismes publics misent beaucoup sur le digital depuis l\u2019apparition de la pand\u00e9mie du covid-19 au Maroc. L\u2019objectif \u00e9tant de permettre aux citoyens de poursuivre leurs diff\u00e9rentes d\u00e9marches administratives sans se [&hellip;]<\/p>\n","protected":false},"author":1787,"featured_media":0,"comment_status":"closed","ping_status":"closed","sticky":false,"template":"","format":"standard","meta":{"fifu_image_url":"","fifu_image_alt":"","footnotes":""},"categories":[78,54],"tags":[],"class_list":["post-83062","post","type-post","status-publish","format-standard","hentry","category-economie","category-maroc"],"_links":{"self":[{"href":"https:\/\/linitiative.ca\/International\/wp-json\/wp\/v2\/posts\/83062","targetHints":{"allow":["GET"]}}],"collection":[{"href":"https:\/\/linitiative.ca\/International\/wp-json\/wp\/v2\/posts"}],"about":[{"href":"https:\/\/linitiative.ca\/International\/wp-json\/wp\/v2\/types\/post"}],"author":[{"embeddable":true,"href":"https:\/\/linitiative.ca\/International\/wp-json\/wp\/v2\/users\/1787"}],"replies":[{"embeddable":true,"href":"https:\/\/linitiative.ca\/International\/wp-json\/wp\/v2\/comments?post=83062"}],"version-history":[{"count":0,"href":"https:\/\/linitiative.ca\/International\/wp-json\/wp\/v2\/posts\/83062\/revisions"}],"wp:attachment":[{"href":"https:\/\/linitiative.ca\/International\/wp-json\/wp\/v2\/media?parent=83062"}],"wp:term":[{"taxonomy":"category","embeddable":true,"href":"https:\/\/linitiative.ca\/International\/wp-json\/wp\/v2\/categories?post=83062"},{"taxonomy":"post_tag","embeddable":true,"href":"https:\/\/linitiative.ca\/International\/wp-json\/wp\/v2\/tags?post=83062"}],"curies":[{"name":"wp","href":"https:\/\/api.w.org\/{rel}","templated":true}]}}