{"id":83065,"date":"2020-04-21T16:01:06","date_gmt":"2020-04-21T20:01:06","guid":{"rendered":"https:\/\/linitiative.ca\/International\/coronavirus-non-ramedistes-les-aides-debloquees-a-partir-de-jeudi\/"},"modified":"2020-04-21T16:01:06","modified_gmt":"2020-04-21T20:01:06","slug":"coronavirus-non-ramedistes-les-aides-debloquees-a-partir-de-jeudi","status":"publish","type":"post","link":"https:\/\/linitiative.ca\/International\/coronavirus-non-ramedistes-les-aides-debloquees-a-partir-de-jeudi\/","title":{"rendered":"Coronavirus\/Non-Ramedistes : les aides d\u00e9bloqu\u00e9es \u00e0 partir de jeudi"},"content":{"rendered":"<p><strong>Le Fonds de gestion de la pand\u00e9mie du coronavirus servira les aides financi\u00e8res pour les dossiers accept\u00e9s des non-Ramedistes op\u00e9rant dans le secteur informel \u00e0 partir de jeudi prochain, a annonc\u00e9 le Comit\u00e9 de veille \u00e9conomique (CVE).<\/strong><\/p>\n<div class=\"c10\"\/>\n<p>Le CVE porte \u00e0 la connaissance des chefs de m\u00e9nages op\u00e9rant dans le secteur informel ayant effectu\u00e9 leurs d\u00e9clarations \u00e0 travers le site \u00ab\u00a0tadamoncovid.ma\u00a0\u00bb que le Fonds de gestion de la pand\u00e9mie du coronavirus servira les aides financi\u00e8res pour les dossiers accept\u00e9s, \u00e0 partir du jeudi 23 avril 2020, indique le minist\u00e8re de l\u2019\u00c9conomie, des Finances et de la R\u00e9forme de l\u2019Administration.<\/p>\n<p>Les montants des aides accord\u00e9es par m\u00e9nage (800 DH pour les m\u00e9nages de deux personnes ou moins, 1000 DH pour les m\u00e9nages compos\u00e9s de trois \u00e0 quatre personnes et 1200 DH pour les m\u00e9nages form\u00e9s de plus de quatre personnes), ainsi que la proc\u00e9dure de retrait sont identiques \u00e0 ceux des m\u00e9nages inscrits dans le service Ramed. Les messages vont \u00eatre \u00e9tal\u00e9s sur plusieurs jours afin d\u2019\u00e9viter l\u2019encombrement des points de retrait en cette p\u00e9riode de confinement. \u00ab\u00a0Toute personne n\u2019ayant pas re\u00e7u de messages est invit\u00e9e \u00e0 ne pas se d\u00e9placer\u00a0\u00bb, note le minist\u00e8re. Il ajoute que les r\u00e8gles strictes de confinement en vigueur restent valables y compris pour l\u2019acc\u00e8s aux soutiens.<\/p>\n<p>Lire aussi : <a href=\"https:\/\/www.challenge.ma\/coronavirus-aides-debut-dinscription-des-menages-non-ramedistes-136721\/\" target=\"_blank\" rel=\"noreferrer noopener\" aria-label=\"Coronavirus\/aides : d&#xE9;but d&#x2019;inscription des m&#xE9;nages non-Ramedistes (s&#x2019;ouvre dans un nouvel onglet)\">Coronavirus\/aides : d\u00e9but d\u2019inscription des m\u00e9nages non-Ramedistes<\/a><\/p>\n<p>Concernant la proc\u00e9dure de retrait, le CVE rappelle que le chef de m\u00e9nage b\u00e9n\u00e9ficiaire de l\u2019aide provisoire re\u00e7oit un message SMS sur le t\u00e9l\u00e9phone portable dont le num\u00e9ro a \u00e9t\u00e9 introduit au moment de la saisie de la d\u00e9claration. Ce message comprend un code et le nom du r\u00e9seau o\u00f9 le retrait peut s\u2019effectuer.<\/p>\n<p>Le b\u00e9n\u00e9ficiaire qui se pr\u00e9sente au r\u00e9seau autre que celui indiqu\u00e9 dans le SMS ne pourra pas r\u00e9cup\u00e9rer le montant de son aide. Deux cas se pr\u00e9sentent : si le r\u00e9seau indiqu\u00e9 dans le SMS est une agence de paiement, il faut se pr\u00e9senter \u00e0 l\u2019agence muni de sa carte d\u2019identit\u00e9 nationale pour retirer le montant de l\u2019aide.<\/p>\n<p>Lire aussi : <a href=\"https:\/\/www.challenge.ma\/ce-que-vous-devez-savoir-sur-le-coronavirus-134568\/\" target=\"_blank\" rel=\"noreferrer noopener\" aria-label=\" (s&#x2019;ouvre dans un nouvel onglet)\">Ce que vous devez savoir sur le coronavirus<\/a><\/p>\n<p>Si le r\u00e9seau indiqu\u00e9 est un guichet automatique d\u2019une banque donn\u00e9e, il y a lieu d\u2019introduire le num\u00e9ro re\u00e7u par SMS et d\u2019introduire les quatre derniers chiffres de sa carte d\u2019identit\u00e9 nationale pour le code PIN. Au cas o\u00f9 le num\u00e9ro de la CIN est compos\u00e9 de moins de quatre chiffres, il faut compl\u00e9ter les quatre chiffres du code PIN par des z\u00e9ros \u00e0 droite.<\/p>\n<p>Pour les guichets des agences du Cr\u00e9dit Agricole, une proc\u00e9dure sp\u00e9cifique sera d\u00e9taill\u00e9e dans le message qui sera envoy\u00e9 au b\u00e9n\u00e9ficiaire, conclut le minist\u00e8re.<\/p>\n<div class=\"c17\">\n<fieldset class=\"c16\">\n<legend><strong><span class=\"c11\">Challenge<\/span><span class=\"c12\">news<\/span><\/strong><\/legend>\n<div class=\"c15\">Le meilleur de Challenge s\u00e9lectionn\u00e9 par la r\u00e9daction :<\/p>\n<\/div>\n<\/fieldset>\n<\/div>\n<p>Auteur: Karim Handaoui<br \/>\n<a href=\"https:\/\/www.challenge.ma\/coronavirus-non-ramedistes-les-aides-debloquees-a-partir-de-jeudi-138179\/\">Cliquez ici pour lire l&rsquo;article depuis sa source.<\/a><\/p>\n","protected":false},"excerpt":{"rendered":"<p>Le Fonds de gestion de la pand\u00e9mie du coronavirus servira les aides financi\u00e8res pour les dossiers accept\u00e9s des non-Ramedistes op\u00e9rant dans le secteur informel \u00e0 partir de jeudi prochain, a annonc\u00e9 le Comit\u00e9 de veille \u00e9conomique (CVE). Le CVE porte \u00e0 la connaissance des chefs de m\u00e9nages op\u00e9rant dans le secteur informel ayant effectu\u00e9 leurs [&hellip;]<\/p>\n","protected":false},"author":1787,"featured_media":0,"comment_status":"closed","ping_status":"closed","sticky":false,"template":"","format":"standard","meta":{"fifu_image_url":"","fifu_image_alt":"","footnotes":""},"categories":[78,54],"tags":[],"class_list":["post-83065","post","type-post","status-publish","format-standard","hentry","category-economie","category-maroc"],"_links":{"self":[{"href":"https:\/\/linitiative.ca\/International\/wp-json\/wp\/v2\/posts\/83065","targetHints":{"allow":["GET"]}}],"collection":[{"href":"https:\/\/linitiative.ca\/International\/wp-json\/wp\/v2\/posts"}],"about":[{"href":"https:\/\/linitiative.ca\/International\/wp-json\/wp\/v2\/types\/post"}],"author":[{"embeddable":true,"href":"https:\/\/linitiative.ca\/International\/wp-json\/wp\/v2\/users\/1787"}],"replies":[{"embeddable":true,"href":"https:\/\/linitiative.ca\/International\/wp-json\/wp\/v2\/comments?post=83065"}],"version-history":[{"count":0,"href":"https:\/\/linitiative.ca\/International\/wp-json\/wp\/v2\/posts\/83065\/revisions"}],"wp:attachment":[{"href":"https:\/\/linitiative.ca\/International\/wp-json\/wp\/v2\/media?parent=83065"}],"wp:term":[{"taxonomy":"category","embeddable":true,"href":"https:\/\/linitiative.ca\/International\/wp-json\/wp\/v2\/categories?post=83065"},{"taxonomy":"post_tag","embeddable":true,"href":"https:\/\/linitiative.ca\/International\/wp-json\/wp\/v2\/tags?post=83065"}],"curies":[{"name":"wp","href":"https:\/\/api.w.org\/{rel}","templated":true}]}}