{"id":83067,"date":"2020-04-21T15:11:44","date_gmt":"2020-04-21T19:11:44","guid":{"rendered":"https:\/\/linitiative.ca\/International\/tunisie-suspicion-de-malversation-autour-du-marche-dachat-des-tests-de-depistage-rapides\/"},"modified":"2020-04-21T15:11:44","modified_gmt":"2020-04-21T19:11:44","slug":"tunisie-suspicion-de-malversation-autour-du-marche-dachat-des-tests-de-depistage-rapides","status":"publish","type":"post","link":"https:\/\/linitiative.ca\/International\/tunisie-suspicion-de-malversation-autour-du-marche-dachat-des-tests-de-depistage-rapides\/","title":{"rendered":"Tunisie \u2013 Suspicion de malversation autour du march\u00e9 d\u2019achat des tests de d\u00e9pistage rapides"},"content":{"rendered":"<div class=\"post-cont-in left relative\">\n<p>Le conseiller juridique de l\u2019INLUCC, Faouzi Chemingui, a annonc\u00e9, ce mardi, lors de son intervention dur les ondes d\u2019une radio priv\u00e9e, que l\u2019instance a re\u00e7u des plaintes en rapport avec une suspicion de malversation autour du march\u00e9 d\u2019acquisition des tests de d\u00e9pistage rapide du <a href=\"https:\/\/www.tunisienumerique.com\/tunisie-actualite\/coronavirus\/\" title=\"coronavirus\" target=\"_top\" class=\"auto-link\" rel=\"noopener noreferrer\">coronavirus<\/a> op\u00e9r\u00e9 par la pharmacie centrale.<\/p>\n<div class=\"code-block code-block-1 c3\"><ins class=\"adsbygoogle c2\" data-ad-layout=\"in-article\" data-ad-format=\"fluid\" data-ad-client=\"ca-pub-2102118777505746\" data-ad-slot=\"7301775417\"\/> <\/div>\n<p>Selon cette plainte, l\u2019appel d\u2019offre a \u00e9t\u00e9 lanc\u00e9 du 28 au 31 mars 2020. P\u00e9riode qui correspond \u00e0 un weekend. Et de ce fait, plusieurs fournisseurs potentiels n\u2019ont pas pu soumettre leurs offres.<\/p>\n<div class=\"swp_social_panel swp_horizontal_panel swp_flat_fresh swp_default_full_color swp_individual_full_color swp_other_full_color scale-100 scale-\" data-min-width=\"1100\" data-float-color=\"#ffffff\" data-float=\"bottom\" data-float-mobile=\"bottom\" data-transition=\"slide\">\n<div class=\"nc_tweetContainer swp_share_button total_shares total_sharesalt\"><span class=\"swp_count\">47 <span class=\"swp_label\">Partages<\/span><\/span><\/div>\n<\/div>\n<p><strong>Que se passe-t-il en Tunisie?<\/strong><br \/>Nous expliquons sur notre <a href=\"https:\/\/www.youtube.com\/channel\/UCRzypVq0B_yBad5eGrwBx0Q?sub_confirmation=1\" target=\"_blank\" rel=\"noopener noreferrer\">cha\u00eene YouTube<\/a> . <a href=\"https:\/\/www.youtube.com\/channel\/UCRzypVq0B_yBad5eGrwBx0Q?sub_confirmation=1\" target=\"_blank\" rel=\"noopener noreferrer\">Abonnez-vous!<\/a><\/p>\n<div class=\"mvp-org-wrap mvp-org-logo\" itemprop=\"publisher\" itemscope=\"\" itemtype=\"https:\/\/schema.org\/Organization\"><img decoding=\"async\" src=\"https:\/\/www.tunisienumerique.com\/wp-content\/uploads\/2017\/02\/logo_tunisie_numerique.png\"\/><\/div>\n<div class=\"mvp-related-posts left relative\">\n<h4 class=\"post-header\"><span class=\"post-header\">Lire aussi<\/span><\/h4>\n<\/div>\n<div id=\"article-ad\"><ins class=\"adsbygoogle c4\" data-ad-client=\"ca-pub-2102118777505746\" data-ad-slot=\"6513972734\" data-ad-format=\"auto\" data-full-width-responsive=\"true\"\/> <\/div>\n<\/div>\n<div id=\"post-sidebar-wrap\"><ins class=\"adsbygoogle c4\" data-ad-client=\"ca-pub-2102118777505746\" data-ad-slot=\"6168283410\" data-ad-format=\"auto\" data-full-width-responsive=\"true\"\/> <\/div>\n<p>Auteur: LM<br \/>\n<a href=\"https:\/\/www.tunisienumerique.com\/tunisie-suspicion-de-malversation-autour-du-marche-dachat-des-tests-de-depistage-rapides\/\">Cliquez ici pour lire l&rsquo;article depuis sa source.<\/a><\/p>\n","protected":false},"excerpt":{"rendered":"<p>Le conseiller juridique de l\u2019INLUCC, Faouzi Chemingui, a annonc\u00e9, ce mardi, lors de son intervention dur les ondes d\u2019une radio priv\u00e9e, que l\u2019instance a re\u00e7u des plaintes en rapport avec une suspicion de malversation autour du march\u00e9 d\u2019acquisition des tests de d\u00e9pistage rapide du coronavirus op\u00e9r\u00e9 par la pharmacie centrale. Selon cette plainte, l\u2019appel d\u2019offre [&hellip;]<\/p>\n","protected":false},"author":1789,"featured_media":0,"comment_status":"closed","ping_status":"closed","sticky":false,"template":"","format":"standard","meta":{"fifu_image_url":"","fifu_image_alt":"","footnotes":""},"categories":[73,55],"tags":[],"class_list":["post-83067","post","type-post","status-publish","format-standard","hentry","category-actualite","category-tunisie"],"_links":{"self":[{"href":"https:\/\/linitiative.ca\/International\/wp-json\/wp\/v2\/posts\/83067","targetHints":{"allow":["GET"]}}],"collection":[{"href":"https:\/\/linitiative.ca\/International\/wp-json\/wp\/v2\/posts"}],"about":[{"href":"https:\/\/linitiative.ca\/International\/wp-json\/wp\/v2\/types\/post"}],"author":[{"embeddable":true,"href":"https:\/\/linitiative.ca\/International\/wp-json\/wp\/v2\/users\/1789"}],"replies":[{"embeddable":true,"href":"https:\/\/linitiative.ca\/International\/wp-json\/wp\/v2\/comments?post=83067"}],"version-history":[{"count":0,"href":"https:\/\/linitiative.ca\/International\/wp-json\/wp\/v2\/posts\/83067\/revisions"}],"wp:attachment":[{"href":"https:\/\/linitiative.ca\/International\/wp-json\/wp\/v2\/media?parent=83067"}],"wp:term":[{"taxonomy":"category","embeddable":true,"href":"https:\/\/linitiative.ca\/International\/wp-json\/wp\/v2\/categories?post=83067"},{"taxonomy":"post_tag","embeddable":true,"href":"https:\/\/linitiative.ca\/International\/wp-json\/wp\/v2\/tags?post=83067"}],"curies":[{"name":"wp","href":"https:\/\/api.w.org\/{rel}","templated":true}]}}