{"id":83069,"date":"2020-04-21T15:57:19","date_gmt":"2020-04-21T19:57:19","guid":{"rendered":"https:\/\/linitiative.ca\/International\/reouverture-des-lieux-de-culte-et-levee-de-couvre-feu-au-niger\/"},"modified":"2020-04-21T15:57:19","modified_gmt":"2020-04-21T19:57:19","slug":"reouverture-des-lieux-de-culte-et-levee-de-couvre-feu-au-niger","status":"publish","type":"post","link":"https:\/\/linitiative.ca\/International\/reouverture-des-lieux-de-culte-et-levee-de-couvre-feu-au-niger\/","title":{"rendered":"REOUVERTURE DES LIEUX DE CULTE ET LEVEE DE COUVRE-FEU AU NIGER"},"content":{"rendered":"<div class=\"stream-item stream-item-above-post-content\">\n<p><noscript><\/p>\n<p><a href=\"\/\/www3.smartadserver.com\/ac?jump=1&amp;nwid=2136&amp;siteid=240610&amp;pgname=rg&amp;fmtid=49046&amp;visit=m&amp;tmstp=[timestamp]&amp;out=nonrich\" target=\"_blank\" rel=\"noopener noreferrer\"><img decoding=\"async\" src=\"\/\/www3.smartadserver.com\/ac?out=nonrich&amp;nwid=2136&amp;siteid=240610&amp;pgname=rg&amp;fmtid=49046&amp;visit=m&amp;tmstp=[timestamp]\" border=\"0\" alt=\"\"\/><\/a><\/p>\n<p><\/noscript><\/div>\n<p class=\"c3\"><em>Prolong\u00e9es le 12 avril dernier, les mesures pr\u00e9ventives contre le Covid-19, notamment la fermeture des lieux de culte et le couvre-feu, seront lev\u00e9es au Niger le vendredi prochain. Ainsi en a d\u00e9cid\u00e9 le gouvernement. Et cela n\u2019a rien de\u00a0 \u00a0surprenant. En effet, ces mesures passent mal aupr\u00e8s des Nig\u00e9riens. Tant et si bien que l\u2019on assiste depuis le 17 avril, \u00e0 de v\u00e9ritables \u00e9chauffour\u00e9es entre manifestants et forces de l\u2019ordre. Des barricades, des pneus br\u00fbl\u00e9s, etc., ont \u00e9t\u00e9 install\u00e9s sur les art\u00e8res de la capitale. \u00ab\u00a0Nous nous sommes r\u00e9volt\u00e9s parce que quand vous priez en groupe, Dieu accepte mieux vos pri\u00e8res \u00bb, mart\u00e8le un marabout pour justifier la col\u00e8re des jeunes. Bien avant cette pouss\u00e9e d\u2019adr\u00e9naline, des jeunes arm\u00e9s de gourdins, de b\u00e2tons, etc., avaient d\u00e9j\u00e0 saccag\u00e9 certains commissariats pour exiger la lib\u00e9ration d\u2019un imam, interpell\u00e9 parce qu\u2019il s\u2019opposait \u00e0 la fermeture des mosqu\u00e9es.\u00a0<\/em> <em>Mais en capitulant face \u00e0 la pression de la rue, le r\u00e9gime de Mahamadou Issoufou fait courir de gros risques \u00e0 son peuple. En tout cas, le pr\u00e9sident Mahamadou Issoufou joue gros. Cette lev\u00e9e annonc\u00e9e des mesures, est un pari d\u2019autant plus risqu\u00e9 qu\u2019elle pourrait provoquer une propagation \u00e0 grande \u00e9chelle du coronavirus qui gagne d\u00e9j\u00e0 du terrain au Niger. Quand on sait le mode de pri\u00e8re communautaire et le niveau d\u2019insalubrit\u00e9 \u00a0dans certains quartiers de Niamey, on ne peut que nourrir de s\u00e9rieuses inqui\u00e9tudes face \u00e0 la lev\u00e9e des mesures. Ce d\u2019autant qu\u2019il n\u2019y a ni vaccin ni rem\u00e8de pour l\u2019instant contre le Covid-19. Cestes, il est \u00a0vrai que le Niger n\u2019est pas le seul pays \u00e0 aller dans le sens de l\u2019all\u00e8gement des mesures de quarantaine.<\/em><\/p>\n<p class=\"c3\"><em>\u00a0<\/em><\/p>\n<p class=\"c3\"><strong><em>En for\u00e7ant la main au pr\u00e9sident, la rue ne se rend pas service<\/em><\/strong><\/p>\n<p class=\"c3\"><strong><em>\u00a0<\/em><\/strong><\/p>\n<p class=\"c3\"><em>Mais, sauf erreur ou omission de notre part, il est le premier Etat en Afrique de l\u2019Ouest, \u00e0 l\u2019avoir fait visiblement pour des raisons d\u2019ordre religieux. Et c\u2019est l\u00e0 toute l\u2019inqui\u00e9tude. Et de toute \u00e9vidence, en for\u00e7ant la main au pr\u00e9sident, la rue ne se rend pas service. On est d\u2019autant plus fond\u00e9 \u00e0 le penser que ces jeunes frondeurs qui devaient aider le gouvernement dans la sensibilisation des citoyens comme cela se fait dans certains pays, ont plut\u00f4t fait le choix de faire dans l\u2019incivisme et la d\u00e9fiance. Tant et si bien que d\u2019aucuns n\u2019h\u00e9sitent pas \u00e0 dire que Mahamadou Issoufou a vraiment du pain sur la planche. Le Niger est certes un pays fortement islamis\u00e9, mais il est loin d\u2019\u00eatre le seul o\u00f9 des restrictions de libert\u00e9s religieuses sont en vigueur du fait de la pand\u00e9mie. Des pays comme le Maroc, la Tunisie, l\u2019Arabie Saoudite et plus proche de nous, le S\u00e9n\u00e9gal et le Tchad, ont aussi proc\u00e9d\u00e9 \u00e0 la fermeture des mosqu\u00e9es et autres lieux de culte sans que le ciel ne tombe sur la t\u00eate de leurs dirigeants. Pourquoi les contestataires ne s\u2019inspireraient-ils pas de ces exemples ? Ne dit-on pas qu\u2019\u00e0 situation exceptionnelle, mesure exceptionnelle ? \u00a0En tout cas, que ceux qui ont pouss\u00e9 \u00e0 la lev\u00e9e des mesures se le tiennent pour dit : l\u2019histoire les jugera si d\u2019aventure le pire se produisait.\u00a0<\/em> <em>Cela dit, le pouvoir nig\u00e9rien doit mettre un point d\u2019honneur \u00e0 renforcer sa strat\u00e9gie de sensibilisation. Cela est d\u2019autant plus n\u00e9cessaire qu\u2019il semble avoir p\u00e9ch\u00e9 en la mati\u00e8re. Car, on a le sentiment que certains fid\u00e8les sont r\u00e9fractaires aux mesures pr\u00e9ventives parce qu\u2019ils y voient une sorte de diktat de l\u2019autorit\u00e9 administrative et politique sans m\u00eame qu\u2019ils aient \u00e9t\u00e9 consult\u00e9s \u00e0 l\u2019avance. Ce qui laisse croire que si ces mesures, notamment la fermeture des mosqu\u00e9es, avaient \u00e9t\u00e9 d\u00e9cid\u00e9es par la communaut\u00e9 musulmane elle-m\u00eame comme ce fut le cas dans certains pays, on n\u2019en serait peut-\u00eatre pas l\u00e0.<\/em><\/p>\n<p class=\"c3\"><em>\u00a0<\/em><strong><em>Dabadi ZOUMBARA<\/em><\/strong><\/p>\n<p class=\"c3\"><em>\u00a0<\/em><\/p>\n<p>Auteur: Le Pays<br \/>\n<a href=\"http:\/\/lepays.bf\/reouverture-des-lieux-de-culte-et-levee-de-couvre-feu-au-niger\/\">Cliquez ici pour lire l&rsquo;article depuis sa source.<\/a><\/p>\n","protected":false},"excerpt":{"rendered":"<p>Prolong\u00e9es le 12 avril dernier, les mesures pr\u00e9ventives contre le Covid-19, notamment la fermeture des lieux de culte et le couvre-feu, seront lev\u00e9es au Niger le vendredi prochain. Ainsi en a d\u00e9cid\u00e9 le gouvernement. Et cela n\u2019a rien de\u00a0 \u00a0surprenant. En effet, ces mesures passent mal aupr\u00e8s des Nig\u00e9riens. Tant et si bien que l\u2019on [&hellip;]<\/p>\n","protected":false},"author":1813,"featured_media":0,"comment_status":"closed","ping_status":"closed","sticky":false,"template":"","format":"standard","meta":{"fifu_image_url":"","fifu_image_alt":"","footnotes":""},"categories":[73,81],"tags":[],"class_list":["post-83069","post","type-post","status-publish","format-standard","hentry","category-actualite","category-burkina-faso"],"_links":{"self":[{"href":"https:\/\/linitiative.ca\/International\/wp-json\/wp\/v2\/posts\/83069","targetHints":{"allow":["GET"]}}],"collection":[{"href":"https:\/\/linitiative.ca\/International\/wp-json\/wp\/v2\/posts"}],"about":[{"href":"https:\/\/linitiative.ca\/International\/wp-json\/wp\/v2\/types\/post"}],"author":[{"embeddable":true,"href":"https:\/\/linitiative.ca\/International\/wp-json\/wp\/v2\/users\/1813"}],"replies":[{"embeddable":true,"href":"https:\/\/linitiative.ca\/International\/wp-json\/wp\/v2\/comments?post=83069"}],"version-history":[{"count":0,"href":"https:\/\/linitiative.ca\/International\/wp-json\/wp\/v2\/posts\/83069\/revisions"}],"wp:attachment":[{"href":"https:\/\/linitiative.ca\/International\/wp-json\/wp\/v2\/media?parent=83069"}],"wp:term":[{"taxonomy":"category","embeddable":true,"href":"https:\/\/linitiative.ca\/International\/wp-json\/wp\/v2\/categories?post=83069"},{"taxonomy":"post_tag","embeddable":true,"href":"https:\/\/linitiative.ca\/International\/wp-json\/wp\/v2\/tags?post=83069"}],"curies":[{"name":"wp","href":"https:\/\/api.w.org\/{rel}","templated":true}]}}