{"id":83071,"date":"2020-04-21T09:52:44","date_gmt":"2020-04-21T13:52:44","guid":{"rendered":"https:\/\/linitiative.ca\/International\/covid-19-larmee-met-en-place-une-unite-de-production-de-masque\/"},"modified":"2020-04-21T09:52:44","modified_gmt":"2020-04-21T13:52:44","slug":"covid-19-larmee-met-en-place-une-unite-de-production-de-masque","status":"publish","type":"post","link":"https:\/\/linitiative.ca\/International\/covid-19-larmee-met-en-place-une-unite-de-production-de-masque\/","title":{"rendered":"Covid 19: l\u2019arm\u00e9e met en place une unit\u00e9 de production de masque"},"content":{"rendered":"<div class=\"td-post-sharing-top td-post-sharing td-ps-bg td-ps-padding td-ps-bar td-post-sharing-style6\">\n<div class=\"td-post-sharing-visible\"><a class=\"td-social-sharing-button td-social-sharing-button-js td-social-network td-social-facebook\" href=\"https:\/\/www.facebook.com\/sharer.php?u=https%3A%2F%2Fwww.sidwaya.info%2Fblog%2F2020%2F04%2F21%2Fcovid-19-larmee-met-en-place-une-unite-de-production-de-masque%2F\"\/><\/p>\n<p>Facebook<\/p>\n<p><a class=\"td-social-sharing-button td-social-sharing-button-js td-social-network td-social-twitter\" href=\"https:\/\/twitter.com\/intent\/tweet?text=Covid+19%3A+l%E2%80%99arm%C3%A9e+met+en+place+une+unit%C3%A9+de+production+de+masque&amp;url=https%3A%2F%2Fwww.sidwaya.info%2Fblog%2F2020%2F04%2F21%2Fcovid-19-larmee-met-en-place-une-unite-de-production-de-masque%2F&amp;via=Quotidien+Sidwaya\"\/><\/p>\n<p>Twitter<\/p>\n<p><a class=\"td-social-sharing-button td-social-sharing-button-js td-social-network td-social-pinterest\" href=\"https:\/\/pinterest.com\/pin\/create\/button\/?url=https:\/\/www.sidwaya.info\/blog\/2020\/04\/21\/covid-19-larmee-met-en-place-une-unite-de-production-de-masque\/&amp;media=https:\/\/www.sidwaya.info\/wp-content\/uploads\/2020\/04\/images-2.jpg&amp;description=Covid+19%3A+l%E2%80%99arm%C3%A9e+met+en+place+une+unit%C3%A9+de+production+de+masque\"\/><\/p>\n<p>Pinterest<\/p>\n<p><a class=\"td-social-sharing-button td-social-sharing-button-js td-social-network td-social-whatsapp\" href=\"whatsapp:\/\/send?text=Covid+19%3A+l%E2%80%99arm%C3%A9e+met+en+place+une+unit%C3%A9+de+production+de+masque%20%0A%0A%20https:\/\/www.sidwaya.info\/blog\/2020\/04\/21\/covid-19-larmee-met-en-place-une-unite-de-production-de-masque\/\"\/><\/p>\n<p>WhatsApp<\/p>\n<p><a class=\"td-social-sharing-button td-social-sharing-button-js td-social-network td-social-linkedin\" href=\"https:\/\/www.linkedin.com\/shareArticle?mini=true&amp;url=https:\/\/www.sidwaya.info\/blog\/2020\/04\/21\/covid-19-larmee-met-en-place-une-unite-de-production-de-masque\/&amp;title=Covid+19%3A+l%E2%80%99arm%C3%A9e+met+en+place+une+unit%C3%A9+de+production+de+masque\"\/><\/p>\n<p>Linkedin<\/p>\n<p><a class=\"td-social-sharing-button td-social-sharing-button-js td-social-network td-social-mail\" href=\"mailto:?subject=Covid%2019:%20l%E2%80%99arm%C3%A9e%20met%20en%20place%20une%20unit%C3%A9%20de%20production%20de%20masque&amp;body=https:\/\/www.sidwaya.info\/blog\/2020\/04\/21\/covid-19-larmee-met-en-place-une-unite-de-production-de-masque\/\"\/><\/p>\n<p>Email<\/p>\n<p><a class=\"td-social-sharing-button td-social-sharing-button-js td-social-network td-social-print\" href=\"#\"\/><\/p>\n<p>Print<\/p>\n<p><a class=\"td-social-sharing-button td-social-sharing-button-js td-social-network td-social-tumblr\" href=\"https:\/\/www.tumblr.com\/share\/link?url=https:\/\/www.sidwaya.info\/blog\/2020\/04\/21\/covid-19-larmee-met-en-place-une-unite-de-production-de-masque\/&amp;name=Covid%2019:%20l%E2%80%99arm%C3%A9e%20met%20en%20place%20une%20unit%C3%A9%20de%20production%20de%20masque\"\/><\/p>\n<p>Tumblr<\/p>\n<p><a class=\"td-social-sharing-button td-social-sharing-button-js td-social-network td-social-telegram\" href=\"https:\/\/telegram.me\/share\/url?url=https:\/\/www.sidwaya.info\/blog\/2020\/04\/21\/covid-19-larmee-met-en-place-une-unite-de-production-de-masque\/&amp;text=Covid+19%3A+l%E2%80%99arm%C3%A9e+met+en+place+une+unit%C3%A9+de+production+de+masque\"\/><\/p>\n<p>Telegram<\/p>\n<p><a class=\"td-social-sharing-button td-social-sharing-button-js td-social-network td-social-viber\" href=\"viber:\/\/forward?text=Covid+19%3A+l%E2%80%99arm%C3%A9e+met+en+place+une+unit%C3%A9+de+production+de+masque%20https:\/\/www.sidwaya.info\/blog\/2020\/04\/21\/covid-19-larmee-met-en-place-une-unite-de-production-de-masque\/\"\/><\/p>\n<p>Viber<\/p>\n<p><a class=\"td-social-sharing-button td-social-sharing-button-js td-social-network td-social-naver\" href=\"https:\/\/share.naver.com\/web\/shareView.nhn?url=https:\/\/www.sidwaya.info\/blog\/2020\/04\/21\/covid-19-larmee-met-en-place-une-unite-de-production-de-masque\/&amp;title=Covid+19%3A+l%E2%80%99arm%C3%A9e+met+en+place+une+unit%C3%A9+de+production+de+masque\"\/><\/p>\n<p>Naver<\/p>\n<\/div>\n<\/div>\n<div class=\"td-post-content tagdiv-type\" readability=\"36\">\n<div class=\"td-post-featured-image\"><a href=\"https:\/\/i0.wp.com\/www.sidwaya.info\/wp-content\/uploads\/2020\/04\/images-2.jpg?fit=427%2C287&amp;ssl=1\" data-caption=\"\"><img loading=\"lazy\" decoding=\"async\" width=\"427\" height=\"287\" class=\"entry-thumb td-modal-image\" src=\"https:\/\/i0.wp.com\/www.sidwaya.info\/wp-content\/uploads\/2020\/04\/images-2.jpg?resize=427%2C287&amp;ssl=1\" srcset=\"https:\/\/i0.wp.com\/www.sidwaya.info\/wp-content\/uploads\/2020\/04\/images-2.jpg?w=427&amp;ssl=1 427w, https:\/\/i0.wp.com\/www.sidwaya.info\/wp-content\/uploads\/2020\/04\/images-2.jpg?resize=300%2C202&amp;ssl=1 300w\" sizes=\"auto, (max-width: 427px) 100vw, 427px\" alt=\"\" title=\"images\"\/><\/a><\/div>\n<p><strong>Le Premier ministre a effectu\u00e9 une visite d\u2019encouragement \u00e0 l\u2019unit\u00e9 de production de masque<\/strong> de protection contre le coronavirus <strong>mise sur pied par l\u2019arm\u00e9e.<\/strong><\/p>\n<p>Cette unit\u00e9 de production a une capacit\u00e9 de production de \u00a05 000 \u00e0 15\u00a0000 masques par jour. Ces masques \u00a0seront distribu\u00e9s aux \u00e9l\u00e8ves et aux enseignants.<\/p>\n<p>B.S<\/p>\n<div class=\"td-a-rec td-a-rec-id-content_bottom tdi_30_855 td_block_template_1\"><img loading=\"lazy\" decoding=\"async\" class=\"aligncenter size-full wp-image-9623\" src=\"https:\/\/www.sidwaya.info\/wp-content\/uploads\/2019\/06\/Projet-bannie%CC%80re-Orange-mobile.jpg\" alt=\"\" width=\"728\" height=\"81\"\/><\/div>\n<\/div>\n<footer>\n<div class=\"td-post-sharing-bottom\">\n<p><iframe frameborder=\"0\" src=\"https:\/\/www.facebook.com\/plugins\/like.php?href=https:\/\/www.sidwaya.info\/blog\/2020\/04\/21\/covid-19-larmee-met-en-place-une-unite-de-production-de-masque\/&amp;layout=button_count&amp;show_faces=false&amp;width=105&amp;action=like&amp;colorscheme=light&amp;height=21\" class=\"c1\">[embedded content]<\/iframe><\/p>\n<div id=\"td_social_sharing_article_bottom\" class=\"td-post-sharing td-ps-bg td-ps-padding td-post-sharing-style7\">\n<div class=\"td-post-sharing-visible\"><a class=\"td-social-sharing-button td-social-sharing-button-js td-social-network td-social-facebook\" href=\"https:\/\/www.facebook.com\/sharer.php?u=https%3A%2F%2Fwww.sidwaya.info%2Fblog%2F2020%2F04%2F21%2Fcovid-19-larmee-met-en-place-une-unite-de-production-de-masque%2F\"\/><\/p>\n<p>Facebook<\/p>\n<p><a class=\"td-social-sharing-button td-social-sharing-button-js td-social-network td-social-twitter\" href=\"https:\/\/twitter.com\/intent\/tweet?text=Covid+19%3A+l%E2%80%99arm%C3%A9e+met+en+place+une+unit%C3%A9+de+production+de+masque&amp;url=https%3A%2F%2Fwww.sidwaya.info%2Fblog%2F2020%2F04%2F21%2Fcovid-19-larmee-met-en-place-une-unite-de-production-de-masque%2F&amp;via=Quotidien+Sidwaya\"\/><\/p>\n<p>Twitter<\/p>\n<p><a class=\"td-social-sharing-button td-social-sharing-button-js td-social-network td-social-pinterest\" href=\"https:\/\/pinterest.com\/pin\/create\/button\/?url=https:\/\/www.sidwaya.info\/blog\/2020\/04\/21\/covid-19-larmee-met-en-place-une-unite-de-production-de-masque\/&amp;media=https:\/\/www.sidwaya.info\/wp-content\/uploads\/2020\/04\/images-2.jpg&amp;description=Covid+19%3A+l%E2%80%99arm%C3%A9e+met+en+place+une+unit%C3%A9+de+production+de+masque\"\/><\/p>\n<p>Pinterest<\/p>\n<p><a class=\"td-social-sharing-button td-social-sharing-button-js td-social-network td-social-whatsapp\" href=\"whatsapp:\/\/send?text=Covid+19%3A+l%E2%80%99arm%C3%A9e+met+en+place+une+unit%C3%A9+de+production+de+masque%20%0A%0A%20https:\/\/www.sidwaya.info\/blog\/2020\/04\/21\/covid-19-larmee-met-en-place-une-unite-de-production-de-masque\/\"\/><\/p>\n<p>WhatsApp<\/p>\n<p><a class=\"td-social-sharing-button td-social-sharing-button-js td-social-network td-social-linkedin\" href=\"https:\/\/www.linkedin.com\/shareArticle?mini=true&amp;url=https:\/\/www.sidwaya.info\/blog\/2020\/04\/21\/covid-19-larmee-met-en-place-une-unite-de-production-de-masque\/&amp;title=Covid+19%3A+l%E2%80%99arm%C3%A9e+met+en+place+une+unit%C3%A9+de+production+de+masque\"\/><\/p>\n<p>Linkedin<\/p>\n<p><a class=\"td-social-sharing-button td-social-sharing-button-js td-social-network td-social-mail\" href=\"mailto:?subject=Covid%2019:%20l%E2%80%99arm%C3%A9e%20met%20en%20place%20une%20unit%C3%A9%20de%20production%20de%20masque&amp;body=https:\/\/www.sidwaya.info\/blog\/2020\/04\/21\/covid-19-larmee-met-en-place-une-unite-de-production-de-masque\/\"\/><\/p>\n<p>Email<\/p>\n<p><a class=\"td-social-sharing-button td-social-sharing-button-js td-social-network td-social-print\" href=\"#\"\/><\/p>\n<p>Print<\/p>\n<p><a class=\"td-social-sharing-button td-social-sharing-button-js td-social-network td-social-tumblr\" href=\"https:\/\/www.tumblr.com\/share\/link?url=https:\/\/www.sidwaya.info\/blog\/2020\/04\/21\/covid-19-larmee-met-en-place-une-unite-de-production-de-masque\/&amp;name=Covid%2019:%20l%E2%80%99arm%C3%A9e%20met%20en%20place%20une%20unit%C3%A9%20de%20production%20de%20masque\"\/><\/p>\n<p>Tumblr<\/p>\n<p><a class=\"td-social-sharing-button td-social-sharing-button-js td-social-network td-social-telegram\" href=\"https:\/\/telegram.me\/share\/url?url=https:\/\/www.sidwaya.info\/blog\/2020\/04\/21\/covid-19-larmee-met-en-place-une-unite-de-production-de-masque\/&amp;text=Covid+19%3A+l%E2%80%99arm%C3%A9e+met+en+place+une+unit%C3%A9+de+production+de+masque\"\/><\/p>\n<p>Telegram<\/p>\n<p><a class=\"td-social-sharing-button td-social-sharing-button-js td-social-network td-social-viber\" href=\"viber:\/\/forward?text=Covid+19%3A+l%E2%80%99arm%C3%A9e+met+en+place+une+unit%C3%A9+de+production+de+masque%20https:\/\/www.sidwaya.info\/blog\/2020\/04\/21\/covid-19-larmee-met-en-place-une-unite-de-production-de-masque\/\"\/><\/p>\n<p>Viber<\/p>\n<p><a class=\"td-social-sharing-button td-social-sharing-button-js td-social-network td-social-naver\" href=\"https:\/\/share.naver.com\/web\/shareView.nhn?url=https:\/\/www.sidwaya.info\/blog\/2020\/04\/21\/covid-19-larmee-met-en-place-une-unite-de-production-de-masque\/&amp;title=Covid+19%3A+l%E2%80%99arm%C3%A9e+met+en+place+une+unit%C3%A9+de+production+de+masque\"\/><\/p>\n<p>Naver<\/p>\n<\/div>\n<\/div>\n<\/div>\n<div class=\"td-block-row td-post-next-prev\">\n<div class=\"td-block-span6 td-post-prev-post td-post-next-prev-content\"><span>Article pr\u00e9c\u00e9dent<\/span><a href=\"https:\/\/www.sidwaya.info\/blog\/2020\/04\/21\/commune-rurale-de-loropeni-bagarre-autour-dun-cadavre\/\">Commune rurale de \u00a0Lorop\u00e9ni: Bagarre autour d\u2019un cadavre<\/a><\/div>\n<div class=\"td-block-span6 td-post-next-post td-post-next-prev-content\"><span>Article suivant<\/span><a href=\"https:\/\/www.sidwaya.info\/blog\/2020\/04\/21\/covid-19-au-burkina-faso-19-nouveaux-cas-confirmes-et-5-guerisons-a-la-date-du-20-avril-2020\/\">Covid-19 au Burkina Faso:\u00a019 nouveaux cas confirm\u00e9s et 5 gu\u00e9risons \u00e0 la date du 20 avril 2020<\/a><\/div>\n<\/div>\n<\/footer>\n<p>Auteur: BS. Sidwaya<br \/>\n<a href=\"https:\/\/www.sidwaya.info\/blog\/2020\/04\/21\/covid-19-larmee-met-en-place-une-unite-de-production-de-masque\/\">Cliquez ici pour lire l&rsquo;article depuis sa source.<\/a><\/p>\n","protected":false},"excerpt":{"rendered":"<p>Facebook Twitter Pinterest WhatsApp Linkedin Email Print Tumblr Telegram Viber Naver Le Premier ministre a effectu\u00e9 une visite d\u2019encouragement \u00e0 l\u2019unit\u00e9 de production de masque de protection contre le coronavirus mise sur pied par l\u2019arm\u00e9e. Cette unit\u00e9 de production a une capacit\u00e9 de production de \u00a05 000 \u00e0 15\u00a0000 masques par jour. Ces masques \u00a0seront [&hellip;]<\/p>\n","protected":false},"author":1816,"featured_media":0,"comment_status":"closed","ping_status":"closed","sticky":false,"template":"","format":"standard","meta":{"fifu_image_url":"","fifu_image_alt":"","footnotes":""},"categories":[73,81],"tags":[],"class_list":["post-83071","post","type-post","status-publish","format-standard","hentry","category-actualite","category-burkina-faso"],"_links":{"self":[{"href":"https:\/\/linitiative.ca\/International\/wp-json\/wp\/v2\/posts\/83071","targetHints":{"allow":["GET"]}}],"collection":[{"href":"https:\/\/linitiative.ca\/International\/wp-json\/wp\/v2\/posts"}],"about":[{"href":"https:\/\/linitiative.ca\/International\/wp-json\/wp\/v2\/types\/post"}],"author":[{"embeddable":true,"href":"https:\/\/linitiative.ca\/International\/wp-json\/wp\/v2\/users\/1816"}],"replies":[{"embeddable":true,"href":"https:\/\/linitiative.ca\/International\/wp-json\/wp\/v2\/comments?post=83071"}],"version-history":[{"count":0,"href":"https:\/\/linitiative.ca\/International\/wp-json\/wp\/v2\/posts\/83071\/revisions"}],"wp:attachment":[{"href":"https:\/\/linitiative.ca\/International\/wp-json\/wp\/v2\/media?parent=83071"}],"wp:term":[{"taxonomy":"category","embeddable":true,"href":"https:\/\/linitiative.ca\/International\/wp-json\/wp\/v2\/categories?post=83071"},{"taxonomy":"post_tag","embeddable":true,"href":"https:\/\/linitiative.ca\/International\/wp-json\/wp\/v2\/tags?post=83071"}],"curies":[{"name":"wp","href":"https:\/\/api.w.org\/{rel}","templated":true}]}}