{"id":83072,"date":"2020-04-21T11:52:10","date_gmt":"2020-04-21T15:52:10","guid":{"rendered":"https:\/\/linitiative.ca\/International\/covid-19-au-burkina-faso-19-nouveaux-cas-confirmes-et-5-guerisons-a-la-date-du-20-avril-2020\/"},"modified":"2020-04-21T11:52:10","modified_gmt":"2020-04-21T15:52:10","slug":"covid-19-au-burkina-faso-19-nouveaux-cas-confirmes-et-5-guerisons-a-la-date-du-20-avril-2020","status":"publish","type":"post","link":"https:\/\/linitiative.ca\/International\/covid-19-au-burkina-faso-19-nouveaux-cas-confirmes-et-5-guerisons-a-la-date-du-20-avril-2020\/","title":{"rendered":"Covid-19 au Burkina Faso:\u00a019 nouveaux cas confirm\u00e9s et 5 gu\u00e9risons \u00e0 la date du 20 avril 2020"},"content":{"rendered":"<div class=\"td-post-sharing-top td-post-sharing td-ps-bg td-ps-padding td-ps-bar td-post-sharing-style6\">\n<div class=\"td-post-sharing-visible\"><a class=\"td-social-sharing-button td-social-sharing-button-js td-social-network td-social-facebook\" href=\"https:\/\/www.facebook.com\/sharer.php?u=https%3A%2F%2Fwww.sidwaya.info%2Fblog%2F2020%2F04%2F21%2Fcovid-19-au-burkina-faso-19-nouveaux-cas-confirmes-et-5-guerisons-a-la-date-du-20-avril-2020%2F\"\/><\/p>\n<p>Facebook<\/p>\n<p><a class=\"td-social-sharing-button td-social-sharing-button-js td-social-network td-social-twitter\" href=\"https:\/\/twitter.com\/intent\/tweet?text=Covid-19+au+Burkina+Faso%3A%C2%A019+nouveaux+cas+confirm%C3%A9s+et+5+gu%C3%A9risons+%C3%A0+la+date+du+20+avril+2020&amp;url=https%3A%2F%2Fwww.sidwaya.info%2Fblog%2F2020%2F04%2F21%2Fcovid-19-au-burkina-faso-19-nouveaux-cas-confirmes-et-5-guerisons-a-la-date-du-20-avril-2020%2F&amp;via=Quotidien+Sidwaya\"\/><\/p>\n<p>Twitter<\/p>\n<p><a class=\"td-social-sharing-button td-social-sharing-button-js td-social-network td-social-pinterest\" href=\"https:\/\/pinterest.com\/pin\/create\/button\/?url=https:\/\/www.sidwaya.info\/blog\/2020\/04\/21\/covid-19-au-burkina-faso-19-nouveaux-cas-confirmes-et-5-guerisons-a-la-date-du-20-avril-2020\/&amp;media=https:\/\/www.sidwaya.info\/wp-content\/uploads\/2020\/04\/images-1.jpg&amp;description=Covid-19+au+Burkina+Faso%3A%C2%A019+nouveaux+cas+confirm%C3%A9s+et+5+gu%C3%A9risons+%C3%A0+la+date+du+20+avril+2020\"\/><\/p>\n<p>Pinterest<\/p>\n<p><a class=\"td-social-sharing-button td-social-sharing-button-js td-social-network td-social-whatsapp\" href=\"whatsapp:\/\/send?text=Covid-19+au+Burkina+Faso%3A%C2%A019+nouveaux+cas+confirm%C3%A9s+et+5+gu%C3%A9risons+%C3%A0+la+date+du+20+avril+2020%20%0A%0A%20https:\/\/www.sidwaya.info\/blog\/2020\/04\/21\/covid-19-au-burkina-faso-19-nouveaux-cas-confirmes-et-5-guerisons-a-la-date-du-20-avril-2020\/\"\/><\/p>\n<p>WhatsApp<\/p>\n<p><a class=\"td-social-sharing-button td-social-sharing-button-js td-social-network td-social-linkedin\" href=\"https:\/\/www.linkedin.com\/shareArticle?mini=true&amp;url=https:\/\/www.sidwaya.info\/blog\/2020\/04\/21\/covid-19-au-burkina-faso-19-nouveaux-cas-confirmes-et-5-guerisons-a-la-date-du-20-avril-2020\/&amp;title=Covid-19+au+Burkina+Faso%3A%C2%A019+nouveaux+cas+confirm%C3%A9s+et+5+gu%C3%A9risons+%C3%A0+la+date+du+20+avril+2020\"\/><\/p>\n<p>Linkedin<\/p>\n<p><a class=\"td-social-sharing-button td-social-sharing-button-js td-social-network td-social-mail\" href=\"mailto:?subject=Covid-19%20au%20Burkina%20Faso:%C2%A019%20nouveaux%20cas%20confirm%C3%A9s%20et%205%20gu%C3%A9risons%20%C3%A0%20la%20date%20du%2020%20avril%202020&amp;body=https:\/\/www.sidwaya.info\/blog\/2020\/04\/21\/covid-19-au-burkina-faso-19-nouveaux-cas-confirmes-et-5-guerisons-a-la-date-du-20-avril-2020\/\"\/><\/p>\n<p>Email<\/p>\n<p><a class=\"td-social-sharing-button td-social-sharing-button-js td-social-network td-social-print\" href=\"#\"\/><\/p>\n<p>Print<\/p>\n<p><a class=\"td-social-sharing-button td-social-sharing-button-js td-social-network td-social-tumblr\" href=\"https:\/\/www.tumblr.com\/share\/link?url=https:\/\/www.sidwaya.info\/blog\/2020\/04\/21\/covid-19-au-burkina-faso-19-nouveaux-cas-confirmes-et-5-guerisons-a-la-date-du-20-avril-2020\/&amp;name=Covid-19%20au%20Burkina%20Faso:%C2%A019%20nouveaux%20cas%20confirm%C3%A9s%20et%205%20gu%C3%A9risons%20%C3%A0%20la%20date%20du%2020%20avril%202020\"\/><\/p>\n<p>Tumblr<\/p>\n<p><a class=\"td-social-sharing-button td-social-sharing-button-js td-social-network td-social-telegram\" href=\"https:\/\/telegram.me\/share\/url?url=https:\/\/www.sidwaya.info\/blog\/2020\/04\/21\/covid-19-au-burkina-faso-19-nouveaux-cas-confirmes-et-5-guerisons-a-la-date-du-20-avril-2020\/&amp;text=Covid-19+au+Burkina+Faso%3A%C2%A019+nouveaux+cas+confirm%C3%A9s+et+5+gu%C3%A9risons+%C3%A0+la+date+du+20+avril+2020\"\/><\/p>\n<p>Telegram<\/p>\n<p><a class=\"td-social-sharing-button td-social-sharing-button-js td-social-network td-social-viber\" href=\"viber:\/\/forward?text=Covid-19+au+Burkina+Faso%3A%C2%A019+nouveaux+cas+confirm%C3%A9s+et+5+gu%C3%A9risons+%C3%A0+la+date+du+20+avril+2020%20https:\/\/www.sidwaya.info\/blog\/2020\/04\/21\/covid-19-au-burkina-faso-19-nouveaux-cas-confirmes-et-5-guerisons-a-la-date-du-20-avril-2020\/\"\/><\/p>\n<p>Viber<\/p>\n<p><a class=\"td-social-sharing-button td-social-sharing-button-js td-social-network td-social-naver\" href=\"https:\/\/share.naver.com\/web\/shareView.nhn?url=https:\/\/www.sidwaya.info\/blog\/2020\/04\/21\/covid-19-au-burkina-faso-19-nouveaux-cas-confirmes-et-5-guerisons-a-la-date-du-20-avril-2020\/&amp;title=Covid-19+au+Burkina+Faso%3A%C2%A019+nouveaux+cas+confirm%C3%A9s+et+5+gu%C3%A9risons+%C3%A0+la+date+du+20+avril+2020\"\/><\/p>\n<p>Naver<\/p>\n<\/div>\n<\/div>\n<div class=\"td-post-content tagdiv-type\" readability=\"53\">\n<div class=\"td-post-featured-image\"><a href=\"https:\/\/i1.wp.com\/www.sidwaya.info\/wp-content\/uploads\/2020\/04\/images-1.jpg?fit=700%2C392&amp;ssl=1\" data-caption=\"\"><img loading=\"lazy\" decoding=\"async\" width=\"696\" height=\"390\" class=\"entry-thumb td-modal-image\" src=\"https:\/\/i1.wp.com\/www.sidwaya.info\/wp-content\/uploads\/2020\/04\/images-1.jpg?resize=696%2C390&amp;ssl=1\" srcset=\"https:\/\/i1.wp.com\/www.sidwaya.info\/wp-content\/uploads\/2020\/04\/images-1.jpg?w=700&amp;ssl=1 700w, https:\/\/i1.wp.com\/www.sidwaya.info\/wp-content\/uploads\/2020\/04\/images-1.jpg?resize=300%2C168&amp;ssl=1 300w, https:\/\/i1.wp.com\/www.sidwaya.info\/wp-content\/uploads\/2020\/04\/images-1.jpg?resize=696%2C390&amp;ssl=1 696w, https:\/\/i1.wp.com\/www.sidwaya.info\/wp-content\/uploads\/2020\/04\/images-1.jpg?resize=600%2C336&amp;ssl=1 600w\" sizes=\"auto, (max-width: 696px) 100vw, 696px\" alt=\"\" title=\"images\"\/><\/a><\/div>\n<p>A la date du 20 avril 2020, la situation de la maladie \u00e0 Coronavirus au Burkina Faso se pr\u00e9sente comme suit :<\/p>\n<p>-106 \u00e9chantillons analys\u00e9s dont 88 cas suspects et 18 contr\u00f4les ;<\/p>\n<p>-19 nouveaux cas confirm\u00e9s dont 16 \u00e0 Ouagadougou, 02 \u00e0 Gorom-Gorom \/ Essakane et 01 \u00e0 Tougouri ;<\/p>\n<p>-05 gu\u00e9risons, portant \u00e0 362, le total des gu\u00e9risons ;<\/p>\n<p>-00 d\u00e9c\u00e8s, total des d\u00e9c\u00e8s 38 ;<\/p>\n<p>-200 cas sous traitement.<\/p>\n<p>Au total, 600 cas ont \u00e9t\u00e9 confirm\u00e9s dont 232 femmes et 368 hommes, depuis le 09 mars 2020.<\/p>\n<p>Communiqu\u00e9 du SIG<\/p>\n<div><img loading=\"lazy\" decoding=\"async\" class=\"alignleft size-full wp-image-21217\" src=\"https:\/\/i1.wp.com\/www.sidwaya.info\/wp-content\/uploads\/2020\/04\/Screenshot_20200421-154254.png?resize=690%2C995&amp;ssl=1\" alt=\"\" width=\"690\" height=\"995\" srcset=\"https:\/\/i1.wp.com\/www.sidwaya.info\/wp-content\/uploads\/2020\/04\/Screenshot_20200421-154254.png?w=690&amp;ssl=1 690w, https:\/\/i1.wp.com\/www.sidwaya.info\/wp-content\/uploads\/2020\/04\/Screenshot_20200421-154254.png?resize=208%2C300&amp;ssl=1 208w, https:\/\/i1.wp.com\/www.sidwaya.info\/wp-content\/uploads\/2020\/04\/Screenshot_20200421-154254.png?resize=291%2C420&amp;ssl=1 291w, https:\/\/i1.wp.com\/www.sidwaya.info\/wp-content\/uploads\/2020\/04\/Screenshot_20200421-154254.png?resize=600%2C865&amp;ssl=1 600w\" sizes=\"auto, (max-width: 690px) 100vw, 690px\" data-recalc-dims=\"1\"\/><\/div>\n<div class=\"td-a-rec td-a-rec-id-content_bottom tdi_30_c49 td_block_template_1\"><img loading=\"lazy\" decoding=\"async\" class=\"aligncenter size-full wp-image-9623\" src=\"https:\/\/www.sidwaya.info\/wp-content\/uploads\/2019\/06\/Projet-bannie%CC%80re-Orange-mobile.jpg\" alt=\"\" width=\"728\" height=\"81\"\/><\/div>\n<\/div>\n<footer>\n<div class=\"td-post-sharing-bottom\">\n<p><iframe frameborder=\"0\" src=\"https:\/\/www.facebook.com\/plugins\/like.php?href=https:\/\/www.sidwaya.info\/blog\/2020\/04\/21\/covid-19-au-burkina-faso-19-nouveaux-cas-confirmes-et-5-guerisons-a-la-date-du-20-avril-2020\/&amp;layout=button_count&amp;show_faces=false&amp;width=105&amp;action=like&amp;colorscheme=light&amp;height=21\" class=\"c1\">[embedded content]<\/iframe><\/p>\n<div id=\"td_social_sharing_article_bottom\" class=\"td-post-sharing td-ps-bg td-ps-padding td-post-sharing-style7\">\n<div class=\"td-post-sharing-visible\"><a class=\"td-social-sharing-button td-social-sharing-button-js td-social-network td-social-facebook\" href=\"https:\/\/www.facebook.com\/sharer.php?u=https%3A%2F%2Fwww.sidwaya.info%2Fblog%2F2020%2F04%2F21%2Fcovid-19-au-burkina-faso-19-nouveaux-cas-confirmes-et-5-guerisons-a-la-date-du-20-avril-2020%2F\"\/><\/p>\n<p>Facebook<\/p>\n<p><a class=\"td-social-sharing-button td-social-sharing-button-js td-social-network td-social-twitter\" href=\"https:\/\/twitter.com\/intent\/tweet?text=Covid-19+au+Burkina+Faso%3A%C2%A019+nouveaux+cas+confirm%C3%A9s+et+5+gu%C3%A9risons+%C3%A0+la+date+du+20+avril+2020&amp;url=https%3A%2F%2Fwww.sidwaya.info%2Fblog%2F2020%2F04%2F21%2Fcovid-19-au-burkina-faso-19-nouveaux-cas-confirmes-et-5-guerisons-a-la-date-du-20-avril-2020%2F&amp;via=Quotidien+Sidwaya\"\/><\/p>\n<p>Twitter<\/p>\n<p><a class=\"td-social-sharing-button td-social-sharing-button-js td-social-network td-social-pinterest\" href=\"https:\/\/pinterest.com\/pin\/create\/button\/?url=https:\/\/www.sidwaya.info\/blog\/2020\/04\/21\/covid-19-au-burkina-faso-19-nouveaux-cas-confirmes-et-5-guerisons-a-la-date-du-20-avril-2020\/&amp;media=https:\/\/www.sidwaya.info\/wp-content\/uploads\/2020\/04\/images-1.jpg&amp;description=Covid-19+au+Burkina+Faso%3A%C2%A019+nouveaux+cas+confirm%C3%A9s+et+5+gu%C3%A9risons+%C3%A0+la+date+du+20+avril+2020\"\/><\/p>\n<p>Pinterest<\/p>\n<p><a class=\"td-social-sharing-button td-social-sharing-button-js td-social-network td-social-whatsapp\" href=\"whatsapp:\/\/send?text=Covid-19+au+Burkina+Faso%3A%C2%A019+nouveaux+cas+confirm%C3%A9s+et+5+gu%C3%A9risons+%C3%A0+la+date+du+20+avril+2020%20%0A%0A%20https:\/\/www.sidwaya.info\/blog\/2020\/04\/21\/covid-19-au-burkina-faso-19-nouveaux-cas-confirmes-et-5-guerisons-a-la-date-du-20-avril-2020\/\"\/><\/p>\n<p>WhatsApp<\/p>\n<p><a class=\"td-social-sharing-button td-social-sharing-button-js td-social-network td-social-linkedin\" href=\"https:\/\/www.linkedin.com\/shareArticle?mini=true&amp;url=https:\/\/www.sidwaya.info\/blog\/2020\/04\/21\/covid-19-au-burkina-faso-19-nouveaux-cas-confirmes-et-5-guerisons-a-la-date-du-20-avril-2020\/&amp;title=Covid-19+au+Burkina+Faso%3A%C2%A019+nouveaux+cas+confirm%C3%A9s+et+5+gu%C3%A9risons+%C3%A0+la+date+du+20+avril+2020\"\/><\/p>\n<p>Linkedin<\/p>\n<p><a class=\"td-social-sharing-button td-social-sharing-button-js td-social-network td-social-mail\" href=\"mailto:?subject=Covid-19%20au%20Burkina%20Faso:%C2%A019%20nouveaux%20cas%20confirm%C3%A9s%20et%205%20gu%C3%A9risons%20%C3%A0%20la%20date%20du%2020%20avril%202020&amp;body=https:\/\/www.sidwaya.info\/blog\/2020\/04\/21\/covid-19-au-burkina-faso-19-nouveaux-cas-confirmes-et-5-guerisons-a-la-date-du-20-avril-2020\/\"\/><\/p>\n<p>Email<\/p>\n<p><a class=\"td-social-sharing-button td-social-sharing-button-js td-social-network td-social-print\" href=\"#\"\/><\/p>\n<p>Print<\/p>\n<p><a class=\"td-social-sharing-button td-social-sharing-button-js td-social-network td-social-tumblr\" href=\"https:\/\/www.tumblr.com\/share\/link?url=https:\/\/www.sidwaya.info\/blog\/2020\/04\/21\/covid-19-au-burkina-faso-19-nouveaux-cas-confirmes-et-5-guerisons-a-la-date-du-20-avril-2020\/&amp;name=Covid-19%20au%20Burkina%20Faso:%C2%A019%20nouveaux%20cas%20confirm%C3%A9s%20et%205%20gu%C3%A9risons%20%C3%A0%20la%20date%20du%2020%20avril%202020\"\/><\/p>\n<p>Tumblr<\/p>\n<p><a class=\"td-social-sharing-button td-social-sharing-button-js td-social-network td-social-telegram\" href=\"https:\/\/telegram.me\/share\/url?url=https:\/\/www.sidwaya.info\/blog\/2020\/04\/21\/covid-19-au-burkina-faso-19-nouveaux-cas-confirmes-et-5-guerisons-a-la-date-du-20-avril-2020\/&amp;text=Covid-19+au+Burkina+Faso%3A%C2%A019+nouveaux+cas+confirm%C3%A9s+et+5+gu%C3%A9risons+%C3%A0+la+date+du+20+avril+2020\"\/><\/p>\n<p>Telegram<\/p>\n<p><a class=\"td-social-sharing-button td-social-sharing-button-js td-social-network td-social-viber\" href=\"viber:\/\/forward?text=Covid-19+au+Burkina+Faso%3A%C2%A019+nouveaux+cas+confirm%C3%A9s+et+5+gu%C3%A9risons+%C3%A0+la+date+du+20+avril+2020%20https:\/\/www.sidwaya.info\/blog\/2020\/04\/21\/covid-19-au-burkina-faso-19-nouveaux-cas-confirmes-et-5-guerisons-a-la-date-du-20-avril-2020\/\"\/><\/p>\n<p>Viber<\/p>\n<p><a class=\"td-social-sharing-button td-social-sharing-button-js td-social-network td-social-naver\" href=\"https:\/\/share.naver.com\/web\/shareView.nhn?url=https:\/\/www.sidwaya.info\/blog\/2020\/04\/21\/covid-19-au-burkina-faso-19-nouveaux-cas-confirmes-et-5-guerisons-a-la-date-du-20-avril-2020\/&amp;title=Covid-19+au+Burkina+Faso%3A%C2%A019+nouveaux+cas+confirm%C3%A9s+et+5+gu%C3%A9risons+%C3%A0+la+date+du+20+avril+2020\"\/><\/p>\n<p>Naver<\/p>\n<\/div>\n<\/div>\n<\/div>\n<div class=\"td-block-row td-post-next-prev\">\n<div class=\"td-block-span6 td-post-prev-post td-post-next-prev-content\"><span>Article pr\u00e9c\u00e9dent<\/span><a href=\"https:\/\/www.sidwaya.info\/blog\/2020\/04\/21\/covid-19-larmee-met-en-place-une-unite-de-production-de-masque\/\">Covid 19: l\u2019arm\u00e9e met en place une unit\u00e9 de production de masque<\/a><\/div>\n<\/div>\n<\/footer>\n<p>Auteur: BS. Sidwaya<br \/>\n<a href=\"https:\/\/www.sidwaya.info\/blog\/2020\/04\/21\/covid-19-au-burkina-faso-19-nouveaux-cas-confirmes-et-5-guerisons-a-la-date-du-20-avril-2020\/\">Cliquez ici pour lire l&rsquo;article depuis sa source.<\/a><\/p>\n","protected":false},"excerpt":{"rendered":"<p>Facebook Twitter Pinterest WhatsApp Linkedin Email Print Tumblr Telegram Viber Naver A la date du 20 avril 2020, la situation de la maladie \u00e0 Coronavirus au Burkina Faso se pr\u00e9sente comme suit : -106 \u00e9chantillons analys\u00e9s dont 88 cas suspects et 18 contr\u00f4les ; -19 nouveaux cas confirm\u00e9s dont 16 \u00e0 Ouagadougou, 02 \u00e0 Gorom-Gorom [&hellip;]<\/p>\n","protected":false},"author":1816,"featured_media":0,"comment_status":"closed","ping_status":"closed","sticky":false,"template":"","format":"standard","meta":{"fifu_image_url":"","fifu_image_alt":"","footnotes":""},"categories":[73,81],"tags":[],"class_list":["post-83072","post","type-post","status-publish","format-standard","hentry","category-actualite","category-burkina-faso"],"_links":{"self":[{"href":"https:\/\/linitiative.ca\/International\/wp-json\/wp\/v2\/posts\/83072","targetHints":{"allow":["GET"]}}],"collection":[{"href":"https:\/\/linitiative.ca\/International\/wp-json\/wp\/v2\/posts"}],"about":[{"href":"https:\/\/linitiative.ca\/International\/wp-json\/wp\/v2\/types\/post"}],"author":[{"embeddable":true,"href":"https:\/\/linitiative.ca\/International\/wp-json\/wp\/v2\/users\/1816"}],"replies":[{"embeddable":true,"href":"https:\/\/linitiative.ca\/International\/wp-json\/wp\/v2\/comments?post=83072"}],"version-history":[{"count":0,"href":"https:\/\/linitiative.ca\/International\/wp-json\/wp\/v2\/posts\/83072\/revisions"}],"wp:attachment":[{"href":"https:\/\/linitiative.ca\/International\/wp-json\/wp\/v2\/media?parent=83072"}],"wp:term":[{"taxonomy":"category","embeddable":true,"href":"https:\/\/linitiative.ca\/International\/wp-json\/wp\/v2\/categories?post=83072"},{"taxonomy":"post_tag","embeddable":true,"href":"https:\/\/linitiative.ca\/International\/wp-json\/wp\/v2\/tags?post=83072"}],"curies":[{"name":"wp","href":"https:\/\/api.w.org\/{rel}","templated":true}]}}