{"id":83073,"date":"2020-04-21T16:18:10","date_gmt":"2020-04-21T20:18:10","guid":{"rendered":"https:\/\/linitiative.ca\/International\/cni-covid-19-le-masque-et-le-lavage-des-mains-exiges-avant-lidentification-des-ivoiriens\/"},"modified":"2020-04-21T16:18:10","modified_gmt":"2020-04-21T20:18:10","slug":"cni-covid-19-le-masque-et-le-lavage-des-mains-exiges-avant-lidentification-des-ivoiriens","status":"publish","type":"post","link":"https:\/\/linitiative.ca\/International\/cni-covid-19-le-masque-et-le-lavage-des-mains-exiges-avant-lidentification-des-ivoiriens\/","title":{"rendered":"CNI\/Covid-19: le masque et le lavage des mains exig\u00e9s avant l\u2019identification des Ivoiriens"},"content":{"rendered":"<div readability=\"32\">\n<p>Publi\u00e9 le 21.04.2020 \u00e0 21h18 par APA News<\/p>\n<\/div>\n<div readability=\"146\">\n<p>L\u2019Office national de l\u2019Etat civil et de l\u2019identification de C\u00f4te d\u2019Ivoire (Oneci), qui poursuit le processus d\u2019identification des Ivoiriens, en d\u00e9pit de la crise sanitaire du Covid-19, s\u2019assure du port de masque et du lavage des mains des p\u00e9titionnaires ainsi que du respect strict des mesures barri\u00e8res, avant d\u2019adresser leurs demandes.Avec la crise sanitaire, des dispositifs ont \u00e9t\u00e9 mis en place pour emp\u00eacher la propagation du Covid-19, soutient Raoul Segb\u00e9, chef du centre Oneci du Plateau, le quarter administratif et des affaires d\u2019Abidjan, \u00a0qui rapporte qu\u2019ici, l\u2019on fait le renouvellement des cartes d\u2019identit\u00e9, les nouvelles demandes et la modification.<\/p>\n<p>D\u00e9j\u00e0, dira-t-il, \u00ab \u00e0 l\u2019entr\u00e9e du centre d\u2019identification, on a un seau d\u2019eau, des gels hydro-alcooliques et du savon pour se laver les mains \u00bb. En outre, \u00ab on d\u00e9sinfecte nos appareils avec de l\u2019alcool venant de la direction g\u00e9n\u00e9rale \u00bb tout en respectant la distanciation sociale d\u2019un m\u00e8tre entre l\u2019agent et le p\u00e9titionnaire.<\/p>\n<p>L\u2019identification des Ivoiriens en vue de la production des Cartes nationales d\u2019identit\u00e9 (CNI) d\u2019un grand nombre avant la pr\u00e9sidentielle d\u2019octobre 2020, est un d\u00e9fi dans ce contexte de crise sanitaire. Le centre du Plateau, qui d\u2019habitude \u00ab accueille plus de monde \u00bb, enregistre une moindre affluence.\u00a0<\/p>\n<p>\u00ab Avant la crise, j\u2019\u00e9tais \u00e0 500 personnes par jour et depuis (l\u2019explosion de la pand\u00e9mie qui affecte aujourd\u2019hui la C\u00f4te d\u2019Ivoire) je suis descendu jusqu\u2019\u00e0 200 personnes \u00bb chaque jour, avoue Raoul Segb\u00e9, chef du centre Oneci du Plateau.\u00a0<\/p>\n<p>L\u2019Oneci envisage d\u2019identifier d\u2019ici \u00e0 octobre 2020 quelque 6 millions d\u2019Ivoiriens. Pour ce faire, plus de 2000 kits nomades ou mobiles sont en d\u00e9ploiement progressif pour avancer rapidement dans le processus. Selon M. Segb\u00e9, ils prennent en compte les cartes \u00a0d\u00e9magn\u00e9tis\u00e9es, les photocopies des CNI et les num\u00e9ros des CNI.<\/p>\n<p>Pour atteindre ses objectifs, l\u2019Oneci devra sensibiliser davantage les populations dans un contexte o\u00f9 les leaders de la plateforme de l\u2019opposition appellent \u00e0 une suspension de l\u2019op\u00e9ration, et l\u2019auto-confinement des Ivoiriens pour \u00e9viter de contracter le Covid-19.<\/p>\n<p>Selon Raoul Segb\u00e9, le temps mis pour enr\u00f4ler un p\u00e9titionnaire \u00a0avec le kit nomade est de \u00ab5 minutes, par contre avec les valises, on est entre 20 et 25 minutes\u00bb. Malgr\u00e9, la psychose de la pand\u00e9mie du Covid-19 qui progresse \u00e0 une \u00e9chelle importante, des p\u00e9titionnaires \u00a0de tout \u00e2ge fr\u00e9quentent le centre.<\/p>\n<p>\u00ab Avec la crise sanitaire, on peut avoir une quarantaine de p\u00e9titionnaires par jour \u00bb, indique Mme Micha\u00ebl Koffi, agent de l\u2019Oneci, qui accueille les nouvelles demandes. Avant la crise, elle recevait plus de demandeurs.<\/p>\n<p>Toutefois, dans son box, Mme Koffi \u00a0re\u00e7oit m\u00eame des p\u00e9titionnaires qui n\u2019ont pas la majorit\u00e9, entre autres, des enfants de 5 ans, 13 ans. Et ce, selon les dispositions l\u00e9gales qui ouvrent une br\u00e8che aux enfants d\u2019acqu\u00e9rir une CNI d\u00e8s l\u2019\u00e2ge de 5 ans.\u00a0<\/p>\n<p>Avant la prise en charge d\u2019un p\u00e9titionnaire, \u00a0Mme Koffi fait observer qu\u2019elle se lave les mains et fait toujours respecter une distance d\u2019un m\u00e8tre. Avec un d\u00e9sinfectant, elle nettoie ses appareils apr\u00e8s chaque passage d\u2019un p\u00e9titionnaire.<\/p>\n<p>Evelyne, une autre agent de l\u2019Oneci, qui s\u2019occupe de la modification, affirme enregistrer 25 personnes par jour. Elle rapporte que seulement au niveau de la prise de photo le p\u00e9titionnaire \u00f4te son le masque le temps de lui faire la prise de vue.<\/p>\n<p>La modification concerne le rajout d\u2019information sur sa carte d\u2019identit\u00e9, notamment pour les femmes qui sont mari\u00e9es entre 2009 et 2019, qui veulent porter le nom de leurs \u00e9poux, fait remarquer M. Raoul Segb\u00e9.<\/p>\n<p>L\u2019Oneci s\u2019est fix\u00e9 pour objectif d\u2019d\u2019identifier 6 millions dans le cadre de cette op\u00e9ration. Mercredi le porte-parole du gouvernement a annonc\u00e9 qu\u2019\u00e0 ce jour, c\u2019\u00e9tait 130 000 personnes qui ont \u00e9t\u00e9 identifi\u00e9es et pr\u00e8s de 700 kits mobiles d\u2019identification d\u00e9ploy\u00e9s sur le terrain. \u00a0<\/p>\n<p>Cette op\u00e9ration d\u2019identification g\u00e9n\u00e9ralis\u00e9e depuis f\u00e9vrier 2020, devrait permettre \u00e0 chaque citoyen de disposer de la nouvelle Carte nationale d\u2019identit\u00e9 biom\u00e9trique, une carte multifonctions.<\/p>\n<\/div>\n<p>Auteur: APA News<br \/>\n<a href=\"https:\/\/www.journalducameroun.com\/cni-covid-19-le-masque-et-le-lavage-des-mains-exiges-avant-lidentification-des-ivoiriens\/\">Cliquez ici pour lire l&rsquo;article depuis sa source.<\/a><\/p>\n","protected":false},"excerpt":{"rendered":"<p>Publi\u00e9 le 21.04.2020 \u00e0 21h18 par APA News L\u2019Office national de l\u2019Etat civil et de l\u2019identification de C\u00f4te d\u2019Ivoire (Oneci), qui poursuit le processus d\u2019identification des Ivoiriens, en d\u00e9pit de la crise sanitaire du Covid-19, s\u2019assure du port de masque et du lavage des mains des p\u00e9titionnaires ainsi que du respect strict des mesures barri\u00e8res, [&hellip;]<\/p>\n","protected":false},"author":1965,"featured_media":0,"comment_status":"closed","ping_status":"closed","sticky":false,"template":"","format":"standard","meta":{"fifu_image_url":"","fifu_image_alt":"","footnotes":""},"categories":[73,82],"tags":[],"class_list":["post-83073","post","type-post","status-publish","format-standard","hentry","category-actualite","category-cameroun"],"_links":{"self":[{"href":"https:\/\/linitiative.ca\/International\/wp-json\/wp\/v2\/posts\/83073","targetHints":{"allow":["GET"]}}],"collection":[{"href":"https:\/\/linitiative.ca\/International\/wp-json\/wp\/v2\/posts"}],"about":[{"href":"https:\/\/linitiative.ca\/International\/wp-json\/wp\/v2\/types\/post"}],"author":[{"embeddable":true,"href":"https:\/\/linitiative.ca\/International\/wp-json\/wp\/v2\/users\/1965"}],"replies":[{"embeddable":true,"href":"https:\/\/linitiative.ca\/International\/wp-json\/wp\/v2\/comments?post=83073"}],"version-history":[{"count":0,"href":"https:\/\/linitiative.ca\/International\/wp-json\/wp\/v2\/posts\/83073\/revisions"}],"wp:attachment":[{"href":"https:\/\/linitiative.ca\/International\/wp-json\/wp\/v2\/media?parent=83073"}],"wp:term":[{"taxonomy":"category","embeddable":true,"href":"https:\/\/linitiative.ca\/International\/wp-json\/wp\/v2\/categories?post=83073"},{"taxonomy":"post_tag","embeddable":true,"href":"https:\/\/linitiative.ca\/International\/wp-json\/wp\/v2\/tags?post=83073"}],"curies":[{"name":"wp","href":"https:\/\/api.w.org\/{rel}","templated":true}]}}