{"id":83074,"date":"2020-04-21T17:18:03","date_gmt":"2020-04-21T21:18:03","guid":{"rendered":"https:\/\/linitiative.ca\/International\/covid-19-plus-de-3-milliards-e-de-lue-pour-soutenir-les-plans-de-riposte-en-afrique\/"},"modified":"2020-04-21T17:18:03","modified_gmt":"2020-04-21T21:18:03","slug":"covid-19-plus-de-3-milliards-e-de-lue-pour-soutenir-les-plans-de-riposte-en-afrique","status":"publish","type":"post","link":"https:\/\/linitiative.ca\/International\/covid-19-plus-de-3-milliards-e-de-lue-pour-soutenir-les-plans-de-riposte-en-afrique\/","title":{"rendered":"Covid-19 : plus de 3 milliards \u20ac de l\u2019UE pour soutenir les plans de riposte en Afrique"},"content":{"rendered":"<div readability=\"32\">\n<p>Publi\u00e9 le 21.04.2020 \u00e0 22h18 par APA News<\/p>\n<\/div>\n<div readability=\"114\">\n<p>L\u2019Union europ\u00e9enne a annonc\u00e9 une enveloppe de 3.25 milliards d\u2019euros (plus de 1960 milliards de FCFA) pour soutenir les plans de riposte nationaux contre le coronavirus en Afrique, a annonc\u00e9, mardi, \u00e0 Dakar, l\u2019Ambassadrice de l\u2019UE au S\u00e9n\u00e9gal, Ir\u00e8ne Mingasson.Pour mettre en place une r\u00e9ponse aussi cons\u00e9quente, l\u2019UE, \u00ab en fin d\u2019exercice budg\u00e9taire \u00bb, a regard\u00e9 dans la palette des programmes de coop\u00e9ration, des strat\u00e9gies en place et des outils de financement comme le Fonds europ\u00e9en de d\u00e9veloppement pour r\u00e9-prioriser et acc\u00e9l\u00e9rer ses activit\u00e9s pour pouvoir r\u00e9pondre aux urgences de l\u2019heure, a expliqu\u00e9 Mme Mingasson.<\/p>\n<p>S\u2019exprimant\u00a0lors d\u2019une visioconf\u00e9rence de presse co-anim\u00e9e avec le ministre s\u00e9n\u00e9galais de l\u2019Economie, du Plan et de la Coop\u00e9ration, Amadou Hott, la diplomate a indiqu\u00e9 que cet appui, sous forme de don, n\u2019a pas eu \u00ab\u00a0de grille de r\u00e9partition par pays\u00a0et qu\u2019il est le fruit de discussions qui ont eu lieu \u00e0 l\u2019int\u00e9rieur de chaque Etat\u00a0\u00bb.<\/p>\n<p>Chaque montant pris individuellement \u00e9tant \u00ab le reflet de la priorit\u00e9 que le pays b\u00e9n\u00e9ficiaire a pour l\u2019Union europ\u00e9enne dans le cadre du partenariat avec l\u2019Afrique en g\u00e9n\u00e9ral, mais aussi de la flexibilit\u00e9 qui caract\u00e9rise notre relation et notre partenariat \u00bb. \u00a0<\/p>\n<p>Le S\u00e9n\u00e9gal, pays h\u00f4te de Mme Ir\u00e8ne Mingasson, a ainsi b\u00e9n\u00e9fici\u00e9 de 150 millions d\u2019euros (pr\u00e8s de 100 milliards de francs CFA), un montant \u00ab\u00a0parmi les plus \u00e9lev\u00e9s si on le compare aux autres accord\u00e9s \u00e0 certains pays de la r\u00e9gion\u00a0\u00bb.<\/p>\n<p>Les 85 milliards CFA de ce don non remboursable sont un appui budg\u00e9taire qui permettra au gouvernement de financer son plan de r\u00e9silience dans le cadre de la Force-Covid-19, a indiqu\u00e9 le ministre de l\u2019Economie, du Plan et de la Coop\u00e9ration.<\/p>\n<p>Selon ce dernier, le 15 milliards CFA restant seront r\u00e9orient\u00e9s dans des projets de d\u00e9veloppement en cours.<\/p>\n<p>Par ailleurs, le portefeuille de projets de coop\u00e9ration au d\u00e9veloppement de l\u2019UE au S\u00e9n\u00e9gal est maintenu. \u00ab\u00a0Car la pand\u00e9mie n\u2019a pas effac\u00e9 les besoins d\u2019hier\u00a0: nous sommes pr\u00eats \u00e0 mobiliser au moins \u20ac20 millions pour r\u00e9orienter nos activit\u00e9s pour qu\u2019elles r\u00e9pondent aux urgences de l\u2019heure et pour les acc\u00e9l\u00e9rer\u00a0\u00bb,\u00a0a assur\u00e9 l\u2019Ambassadrice de l\u2019UE \u00e0 Dakar.<\/p>\n<p>Ce sera notamment le cas dans les secteurs de la s\u00e9curit\u00e9 alimentaire et de la nutrition, de l\u2019entreprenariat, de la d\u00e9fense des migrants, de l\u2019appui aux forces de s\u00e9curit\u00e9 de l\u2019Etat dans leur t\u00e2che de maintien de l\u2019ordre et du couvre-feu, de l\u2019eau et assainissement.<\/p>\n<p>L\u2019institution europ\u00e9enne maintiendra \u00e9galement sa coop\u00e9ration avec la soci\u00e9t\u00e9 civile et les organisations de la jeunesse \u00ab\u00a0qui ont beaucoup d\u2019id\u00e9es pour nous inspirer, pour mobiliser des milliers de jeunes \u00e0 l\u2019action, \u00e0 la responsabilit\u00e9, \u00e0 la transparence\u00a0\u00bb, a d\u00e9taill\u00e9 Mme Mingasson.<\/p>\n<p>Elle a en outre rappel\u00e9 que cette maladie touche tout le monde et partout. \u00ab Nous ne pouvons prot\u00e9ger la sant\u00e9 des uns sans prot\u00e9ger celle des autres et ne vaincrons ce virus que si nous menons la bataille ensemble, et si nous la gagnons \u00e0 l\u2019\u00e9chelle mondiale \u00bb, a-t-elle soutenu.\u00a0<\/p>\n<p>\u00a0\u00ab La solidarit\u00e9 est donc au c\u0153ur de notre combat. Pour surmonter l\u2019urgence sanitaire et ses cons\u00e9quences tant au niveau \u00e9conomique que social, notre soutien doit \u00eatre rapide, flexible et nous devons \u00eatre \u00e0 l\u2019\u00e9coute des besoins et des attentes \u00bb, a martel\u00e9 Mme Mingasson.<\/p>\n<p>\u2013<\/p>\n<\/div>\n<p>Auteur: APA News<br \/>\n<a href=\"https:\/\/www.journalducameroun.com\/covid-19-plus-de-3-milliards-e-de-lue-pour-soutenir-les-plans-de-riposte-en-afrique\/\">Cliquez ici pour lire l&rsquo;article depuis sa source.<\/a><\/p>\n","protected":false},"excerpt":{"rendered":"<p>Publi\u00e9 le 21.04.2020 \u00e0 22h18 par APA News L\u2019Union europ\u00e9enne a annonc\u00e9 une enveloppe de 3.25 milliards d\u2019euros (plus de 1960 milliards de FCFA) pour soutenir les plans de riposte nationaux contre le coronavirus en Afrique, a annonc\u00e9, mardi, \u00e0 Dakar, l\u2019Ambassadrice de l\u2019UE au S\u00e9n\u00e9gal, Ir\u00e8ne Mingasson.Pour mettre en place une r\u00e9ponse aussi cons\u00e9quente, [&hellip;]<\/p>\n","protected":false},"author":1965,"featured_media":0,"comment_status":"closed","ping_status":"closed","sticky":false,"template":"","format":"standard","meta":{"fifu_image_url":"","fifu_image_alt":"","footnotes":""},"categories":[73,82],"tags":[],"class_list":["post-83074","post","type-post","status-publish","format-standard","hentry","category-actualite","category-cameroun"],"_links":{"self":[{"href":"https:\/\/linitiative.ca\/International\/wp-json\/wp\/v2\/posts\/83074","targetHints":{"allow":["GET"]}}],"collection":[{"href":"https:\/\/linitiative.ca\/International\/wp-json\/wp\/v2\/posts"}],"about":[{"href":"https:\/\/linitiative.ca\/International\/wp-json\/wp\/v2\/types\/post"}],"author":[{"embeddable":true,"href":"https:\/\/linitiative.ca\/International\/wp-json\/wp\/v2\/users\/1965"}],"replies":[{"embeddable":true,"href":"https:\/\/linitiative.ca\/International\/wp-json\/wp\/v2\/comments?post=83074"}],"version-history":[{"count":0,"href":"https:\/\/linitiative.ca\/International\/wp-json\/wp\/v2\/posts\/83074\/revisions"}],"wp:attachment":[{"href":"https:\/\/linitiative.ca\/International\/wp-json\/wp\/v2\/media?parent=83074"}],"wp:term":[{"taxonomy":"category","embeddable":true,"href":"https:\/\/linitiative.ca\/International\/wp-json\/wp\/v2\/categories?post=83074"},{"taxonomy":"post_tag","embeddable":true,"href":"https:\/\/linitiative.ca\/International\/wp-json\/wp\/v2\/tags?post=83074"}],"curies":[{"name":"wp","href":"https:\/\/api.w.org\/{rel}","templated":true}]}}